{"id":7125,"date":"2024-02-08T15:30:02","date_gmt":"2024-02-08T18:30:02","guid":{"rendered":"http:\/\/blogdoarmindomaia.com.br\/?p=7125"},"modified":"2024-02-08T15:30:03","modified_gmt":"2024-02-08T18:30:03","slug":"programacao-da-etapa-araxa-da-copa-do-mundo-de-mountain-bike-esta-definida","status":"publish","type":"post","link":"http:\/\/blogdoarmindomaia.com.br\/?p=7125","title":{"rendered":"Programa\u00e7\u00e3o da etapa Arax\u00e1 da Copa do Mundo de Mountain Bike est\u00e1 definida"},"content":{"rendered":"\n<figure class=\"wp-block-image size-large is-style-default\"><img loading=\"lazy\" decoding=\"async\" width=\"1024\" height=\"608\" src=\"http:\/\/blogdoarmindomaia.com.br\/wp-content\/uploads\/2024\/02\/Programacao-da-etapa-Araxa-da-Copa-do-Mundo-de-Mountain-Bike-esta-definida-pag-16-1024x608.jpg\" alt=\"\" class=\"wp-image-7126\" srcset=\"http:\/\/blogdoarmindomaia.com.br\/wp-content\/uploads\/2024\/02\/Programacao-da-etapa-Araxa-da-Copa-do-Mundo-de-Mountain-Bike-esta-definida-pag-16-1024x608.jpg 1024w, http:\/\/blogdoarmindomaia.com.br\/wp-content\/uploads\/2024\/02\/Programacao-da-etapa-Araxa-da-Copa-do-Mundo-de-Mountain-Bike-esta-definida-pag-16-300x178.jpg 300w, http:\/\/blogdoarmindomaia.com.br\/wp-content\/uploads\/2024\/02\/Programacao-da-etapa-Araxa-da-Copa-do-Mundo-de-Mountain-Bike-esta-definida-pag-16-768x456.jpg 768w, http:\/\/blogdoarmindomaia.com.br\/wp-content\/uploads\/2024\/02\/Programacao-da-etapa-Araxa-da-Copa-do-Mundo-de-Mountain-Bike-esta-definida-pag-16.jpg 1200w\" sizes=\"auto, (max-width: 1024px) 100vw, 1024px\" \/><\/figure>\n\n\n\n<p>]<\/p>\n\n\n\n<figure class=\"wp-block-table\"><table><tbody><tr><td>&nbsp;Programa\u00e7\u00e3o da etapa Arax\u00e1 da Copa do Mundo de Mountain Bike est\u00e1 definida &nbsp; &nbsp; A organiza\u00e7\u00e3o de Arax\u00e1 da UCI Mountain Bike World Series, a Copa do Mundo de MTB, divulga a programa\u00e7\u00e3o oficial da disputa que ser\u00e1 realizada entre os dias 18 e 21 de abril, na pista do Complexo do Barreiro, no Grande Hotel Termas de Arax\u00e1. Al\u00e9m da divulga\u00e7\u00e3o da agenda de treinos e provas, aproveita ainda para destacar uma informa\u00e7\u00e3o importante: a mudan\u00e7a do lote de venda dos passaportes (de um ou mais dias), que acontece na pr\u00f3xima semana, no dia 10 de fevereiro. Sobre a programa\u00e7\u00e3o detalhada, enquanto o primeiro dia, quinta-feira (18), ser\u00e1 reservado exclusivamente para treinamentos, ou seja, uma oportunidade \u00fanica para acompanhar com maior proximidade os atletas em um momento mais calmo de reconhecimento de pista e ver bem de perto a leitura dos treinadores e atletas de cada trecho da pista, entre sexta e domingo (19 a 21) haver\u00e1 sess\u00f5es de treino e tamb\u00e9m as corridas de Short Track (XCC) e\/ou de Cross Country Ol\u00edmpico (XCO). Vale destacar ainda que nos dias que antecedem a prova a pista estar\u00e1 fechada para ajustes finais e instala\u00e7\u00f5es de equipamentos da transmiss\u00e3o. &nbsp; &nbsp;<\/td><\/tr><\/tbody><\/table><\/figure>\n\n\n\n<p><strong>Venda de ingressos abertas<br><\/strong>Desde de 1\u00ba de novembro os ingressos para a UCI Mountain Bike World Series em Arax\u00e1 est\u00e3o \u00e0 venda. O passaporte que for adquirido, pessoal e intransfer\u00edvel, pode ser de 1 a 4 dias e os valores variam entre R$ 150 (1 dia) a R$ 300 (4 dias), mais o valor da taxa de conveni\u00eancia (10%), e com a primeira mudan\u00e7a de lote no pr\u00f3ximo dia 10 de fevereiro. Para fazer a compra, basta acessar:&nbsp;<a href=\"https:\/\/www.ticketsports.com.br\/e\/uci-mountain-bike-world-series-arax-37338\" target=\"_blank\" rel=\"noreferrer noopener\">https:\/\/www.ticketsports.com.br\/e\/uci-mountain-bike-world-series-arax-37338<\/a>.<\/p>\n\n\n\n<p>Enquanto estudantes, idosos (pessoas acima de 60 anos) e PCD (pessoa com defici\u00eancia) tem 50% de desconto na compra dos passaportes, a organiza\u00e7\u00e3o preparou um desconto super especial de 80%, para os moradores da cidade-sede, Arax\u00e1 (MG). Crian\u00e7as, de at\u00e9 9 anos, n\u00e3o pagam entrada, ou seja, garantindo assim 100% de desconto, por\u00e9m tamb\u00e9m devendo fazer o cadastro no sistema de venda de ingressos.<\/p>\n\n\n\n<p><strong>Programa\u00e7\u00e3o completa e detalhada<\/strong><\/p>\n\n\n\n<p><strong>Quarta-feira \u2013 17\/04\/2024<br><\/strong><br>12h \u00e0s 14h \u2013 Pista fechada \u2013 Inspe\u00e7\u00e3o TV<br>15h \u00e0s 17h \u2013 Pista fechada \u2013 Inspe\u00e7\u00e3o UCI<\/p>\n\n\n\n<p><strong>Quinta-feira \u2013 18\/04\/2024<br><\/strong><br>8h15 \u00e0s 9h \u2013 Confirma\u00e7\u00e3o de atletas \u2013 Equipes UCI Elite MTB<br>9h \u00e0s 9h45 \u2013 Confirma\u00e7\u00e3o de atletas \u2013 Equipes UCI MTB<br>9h45 \u00e0s 10h \u2013 Confirma\u00e7\u00e3o de atletas \u2013 Federa\u00e7\u00f5es Nacionais<br>10h \u00e0s 13h \u2013 Confirma\u00e7\u00e3o de atletas \u2013 Todos atletas<br>11h \u00e0s 13h \u2013 Treino XCO \u2013 Apenas mulheres<br>13h \u00e0s 15h \u2013 Treino XCO \u2013 Todos atletas<br>15h \u00e0s 17h \u2013 Treino XCO \u2013 Apenas homens<br>17h \u00e0s 18h \u2013 Confer\u00eancia de Imprensa<\/p>\n\n\n\n<p><strong>Sexta-feira \u2013 19\/04\/2024<br><\/strong><br>8h \u00e0s 10h \u2013 \u00daltima confirma\u00e7\u00e3o de atletas<br>9h \u00e0s 10h \u2013 Treino XCO \u2013 Apenas mulheres<br>10h \u00e0s 11h \u2013 Treino XCO \u2013 Todos atletas<br>11h \u00e0s 12h \u2013 Treino XCO \u2013 Apenas homens<br>12h45 \u00e0s 13h45 \u2013 Treino XCC \u2013 Apenas sub-23<br>14h \u2013 Prova Short Track sub-23 feminina<br>14h35 \u2013 Prova Short Track sub-23 masculina<br>15h30 \u00e0s 16h15 \u2013 Treino XCO \u2013 Todos atletas<\/p>\n\n\n\n<p><strong>S\u00e1bado \u2013 20\/04\/2024<br><\/strong><br>8h30 \u00e0s 10h \u2013 Treino XCO \u2013 Todos atletas<br>10h45 \u00e0s 11h45 \u2013 Treino XCC \u2013 Apenas elite<br>12h \u2013&nbsp;<strong>Prova Short Track elite feminina<\/strong><br>12h35 \u2013&nbsp;<strong>Prova Short Track elite masculina<\/strong><br>13h30 \u00e0s 14h15 \u2013 Treino XCO \u2013 Todos atletas<br>15h \u2013&nbsp;<strong>Prova Cross Country Ol\u00edmpico \u2013 Sub-23 masculina<\/strong><\/p>\n\n\n\n<p><strong>Domingo \u2013 21\/04\/2024<br><\/strong><br>8h30 \u00e0s 9h30 \u2013 Treino XCO \u2013 Todos atletas<br>10h30 \u2013&nbsp;<strong>Prova Cross Country Ol\u00edmpico \u2013 Sub-23 feminina<\/strong><br>13h15 \u2013&nbsp;<strong>Prova Cross Country Ol\u00edmpico \u2013 Elite feminina<\/strong><br>15h30 \u2013&nbsp;<strong>Prova Cross Country Ol\u00edmpico \u2013 Elite masculina<\/strong><\/p>\n\n\n\n<p>*Em negrito, provas que ter\u00e3o transmiss\u00e3o ao vivo<\/p>\n\n\n\n<p><strong>Pr\u00e9-credenciamento de imprensa<br><\/strong>Os ve\u00edculos de imprensa interessados em cobrir a etapa de Arax\u00e1 da Copa do Mundo de MTB j\u00e1 podem iniciar um pr\u00e9-cadastro junto a organiza\u00e7\u00e3o local da etapa. Para isso, basta enviar um e-mail para&nbsp;<a href=\"mailto:press@cimtb.com.br\" target=\"_blank\" rel=\"noreferrer noopener\">press@cimtb.com.br<\/a>&nbsp;com os seguintes dados: Nome Completo, Nome do Ve\u00edculo de Imprensa, Fun\u00e7\u00e3o do profissional no Ve\u00edculo e Site\/Redes Sociais. Os dados ser\u00e3o enviados para a Warner Bros. Discovery (WBD) Sports Europe, que at\u00e9 o fim do m\u00eas de fevereiro dever\u00e1 entrar em contato com os mesmos, quando for aberto o credenciamento oficial.<\/p>\n\n\n\n<p><strong>Organiza\u00e7\u00e3o local de Arax\u00e1<br><\/strong>A organiza\u00e7\u00e3o da CiMTB realizou sua primeira prova em 1996. Desde ent\u00e3o, vem inovando e contribuindo ativamente para o crescimento e fortalecimento do mountain bike e o mercado de bicicletas no Brasil. Contando pontos para o ranking mundial da Uni\u00e3o Cicl\u00edstica Internacional (UCI) desde 2003, a CIMTB tem sido seletiva para os Jogos Ol\u00edmpicos desde os ciclos de Pequim 2008, Londres 2012, Rio 2016, T\u00f3quio 2020 e agora para a disputa de Paris 2024.<\/p>\n\n\n\n<p>Em 2022, a CiMTB aumentou ainda mais sua relev\u00e2ncia internacional, com a realiza\u00e7\u00e3o da etapa de abertura da Copa do Mundo Mercedes-Benz de Mountain Bike 2022, em Petr\u00f3polis (RJ). Al\u00e9m disso, foi respons\u00e1vel pela constru\u00e7\u00e3o da pista de mountain bike dos Jogos Ol\u00edmpicos Rio 2016, considerada uma das melhores da hist\u00f3ria dos Jogos desde 1996, primeiro ano do MTB em Olimp\u00edadas.<\/p>\n","protected":false},"excerpt":{"rendered":"<p>] &nbsp;Programa\u00e7\u00e3o da etapa Arax\u00e1 da Copa do Mundo de Mountain Bike est\u00e1 definida &nbsp; &nbsp; A organiza\u00e7\u00e3o de Arax\u00e1<\/p>\n","protected":false},"author":2,"featured_media":7126,"comment_status":"open","ping_status":"open","sticky":false,"template":"","format":"standard","meta":{"footnotes":""},"categories":[9,11],"tags":[],"class_list":["post-7125","post","type-post","status-publish","format-standard","has-post-thumbnail","hentry","category-araxa","category-destaques"],"_links":{"self":[{"href":"http:\/\/blogdoarmindomaia.com.br\/index.php?rest_route=\/wp\/v2\/posts\/7125","targetHints":{"allow":["GET"]}}],"collection":[{"href":"http:\/\/blogdoarmindomaia.com.br\/index.php?rest_route=\/wp\/v2\/posts"}],"about":[{"href":"http:\/\/blogdoarmindomaia.com.br\/index.php?rest_route=\/wp\/v2\/types\/post"}],"author":[{"embeddable":true,"href":"http:\/\/blogdoarmindomaia.com.br\/index.php?rest_route=\/wp\/v2\/users\/2"}],"replies":[{"embeddable":true,"href":"http:\/\/blogdoarmindomaia.com.br\/index.php?rest_route=%2Fwp%2Fv2%2Fcomments&post=7125"}],"version-history":[{"count":1,"href":"http:\/\/blogdoarmindomaia.com.br\/index.php?rest_route=\/wp\/v2\/posts\/7125\/revisions"}],"predecessor-version":[{"id":7127,"href":"http:\/\/blogdoarmindomaia.com.br\/index.php?rest_route=\/wp\/v2\/posts\/7125\/revisions\/7127"}],"wp:featuredmedia":[{"embeddable":true,"href":"http:\/\/blogdoarmindomaia.com.br\/index.php?rest_route=\/wp\/v2\/media\/7126"}],"wp:attachment":[{"href":"http:\/\/blogdoarmindomaia.com.br\/index.php?rest_route=%2Fwp%2Fv2%2Fmedia&parent=7125"}],"wp:term":[{"taxonomy":"category","embeddable":true,"href":"http:\/\/blogdoarmindomaia.com.br\/index.php?rest_route=%2Fwp%2Fv2%2Fcategories&post=7125"},{"taxonomy":"post_tag","embeddable":true,"href":"http:\/\/blogdoarmindomaia.com.br\/index.php?rest_route=%2Fwp%2Fv2%2Ftags&post=7125"}],"curies":[{"name":"wp","href":"https:\/\/api.w.org\/{rel}","templated":true}]}}