{"id":713,"date":"2022-05-07T23:27:10","date_gmt":"2022-05-08T02:27:10","guid":{"rendered":"http:\/\/blogdoarmindomaia.com.br\/?p=713"},"modified":"2022-05-07T23:27:12","modified_gmt":"2022-05-08T02:27:12","slug":"jardins-do-museu-calmon-barreto-e-memorial-de-araxa-estao-abertos-para-projetos-culturais","status":"publish","type":"post","link":"http:\/\/blogdoarmindomaia.com.br\/?p=713","title":{"rendered":"Jardins do Museu Calmon Barreto e Memorial de Arax\u00e1 est\u00e3o abertos para projetos culturais"},"content":{"rendered":"\n<figure class=\"wp-block-image size-large is-style-default\"><img loading=\"lazy\" decoding=\"async\" width=\"1024\" height=\"576\" src=\"http:\/\/blogdoarmindomaia.com.br\/wp-content\/uploads\/2022\/05\/jardins-1-1024x576.jpg\" alt=\"\" class=\"wp-image-715\" srcset=\"http:\/\/blogdoarmindomaia.com.br\/wp-content\/uploads\/2022\/05\/jardins-1-1024x576.jpg 1024w, http:\/\/blogdoarmindomaia.com.br\/wp-content\/uploads\/2022\/05\/jardins-1-300x169.jpg 300w, http:\/\/blogdoarmindomaia.com.br\/wp-content\/uploads\/2022\/05\/jardins-1-768x432.jpg 768w, http:\/\/blogdoarmindomaia.com.br\/wp-content\/uploads\/2022\/05\/jardins-1-1536x864.jpg 1536w, http:\/\/blogdoarmindomaia.com.br\/wp-content\/uploads\/2022\/05\/jardins-1.jpg 1600w\" sizes=\"auto, (max-width: 1024px) 100vw, 1024px\" \/><\/figure>\n\n\n\n<figure class=\"wp-block-image size-full is-style-default\"><img loading=\"lazy\" decoding=\"async\" width=\"1024\" height=\"683\" src=\"http:\/\/blogdoarmindomaia.com.br\/wp-content\/uploads\/2022\/05\/Jardim-Memorial-4.jpeg\" alt=\"\" class=\"wp-image-714\" srcset=\"http:\/\/blogdoarmindomaia.com.br\/wp-content\/uploads\/2022\/05\/Jardim-Memorial-4.jpeg 1024w, http:\/\/blogdoarmindomaia.com.br\/wp-content\/uploads\/2022\/05\/Jardim-Memorial-4-300x200.jpeg 300w, http:\/\/blogdoarmindomaia.com.br\/wp-content\/uploads\/2022\/05\/Jardim-Memorial-4-768x512.jpeg 768w\" sizes=\"auto, (max-width: 1024px) 100vw, 1024px\" \/><\/figure>\n\n\n\n<p>O casar\u00e3o de tr\u00eas andares situado na avenida Vereador Jo\u00e3o Sena, n\u00b0 98, no Centro de Arax\u00e1, tem estilo arquitet\u00f4nico ecl\u00e9tico. Seus jardins possuem mais de 140 \u00e1rvores de nove esp\u00e9cies diferentes, al\u00e9m de um chafariz, bancos de concreto e canteiros, inspirados no projeto que o paisagista Roberto Burle Marx elaborou para o entorno do Grande Hotel do Barreiro.<\/p>\n\n\n\n<p>A constru\u00e7\u00e3o da d\u00e9cada de 1950 abriga hoje o Museu Calmon Barreto e o Memorial de Arax\u00e1, um espa\u00e7o que, al\u00e9m do rico acervo, est\u00e1 aberto para que artistas e cidad\u00e3os promovam eventos culturais.<\/p>\n\n\n\n<p>Pensando em proporcionar mais experi\u00eancias aos visitantes, a Funda\u00e7\u00e3o Cultural Calmon Barreto (FCCB) desenvolve a proposta do \u2018Museu Interativo\u2019, com a utiliza\u00e7\u00e3o dos jardins do casar\u00e3o para abrigar eventos como lan\u00e7amentos de livros, apresenta\u00e7\u00f5es musicais, de teatro, conta\u00e7\u00e3o de hist\u00f3rias, cursos intensivos, exposi\u00e7\u00f5es e demais projetos culturais.<\/p>\n\n\n\n<p>\u201cA inten\u00e7\u00e3o n\u00e3o \u00e9 apenas que os visitantes conhe\u00e7am as obras de arte e os objetos que est\u00e3o dentro do museu, mas tamb\u00e9m que o espa\u00e7o seja aproveitado para outras possibilidades. A ideia do \u2018Museu Interativo\u2019 \u00e9 que o local se torne um Centro de Cultura, que desenvolva tanto a educa\u00e7\u00e3o patrimonial quanto a possibilidade de utiliza\u00e7\u00e3o da \u00e1rea externa para envolver toda a comunidade e turistas\u201d, destaca a presidente da FCCB, Cynthia Ver\u00e7osa.<br><strong><br>Agendamentos<\/strong><\/p>\n\n\n\n<p>Para realizar o agendamento de eventos no Museu Calmon Barreto e Memorial de Arax\u00e1 \u00e9 necess\u00e1rio que o interessado procure a coordena\u00e7\u00e3o do local com at\u00e9 15 dias de anteced\u00eancia da data pretendida. Ap\u00f3s a manifesta\u00e7\u00e3o de interesse, o pedido \u00e9 encaminhado para avalia\u00e7\u00e3o.<\/p>\n\n\n\n<p>A cess\u00e3o do espa\u00e7o \u00e9 gratuita e os proponentes poder\u00e3o utilizar o jardim por at\u00e9 tr\u00eas horas, com o evento come\u00e7ando, no m\u00e1ximo, \u00e0s 18h.<\/p>\n\n\n\n<p>\u201cAp\u00f3s a aprova\u00e7\u00e3o, toda a log\u00edstica para a realiza\u00e7\u00e3o do evento, como recursos audiovisuais, de ilumina\u00e7\u00e3o, mesas, cadeiras e demais itens necess\u00e1rios dever\u00e3o ser providenciados pelo respons\u00e1vel\u201d, explica a coordenadora Tatiana \u00c1vila.<\/p>\n\n\n\n<p>Durante o evento, \u00e9 poss\u00edvel ainda que os presentes conhe\u00e7am o acervo do local guiados pelos monitores.<\/p>\n\n\n\n<p>O Museu Calmon Barreto e Memorial de Arax\u00e1 est\u00e1 aberto para visita\u00e7\u00e3o de ter\u00e7a a sexta-feira, das 8h \u00e0s 18h; s\u00e1bados das 9h \u00e0s 15h; e domingos e feriados, das 8h \u00e0s 12h. O telefone para contato \u00e9 o (34) 9 9257-0982.<\/p>\n","protected":false},"excerpt":{"rendered":"<p>O casar\u00e3o de tr\u00eas andares situado na avenida Vereador Jo\u00e3o Sena, n\u00b0 98, no Centro de Arax\u00e1, tem estilo arquitet\u00f4nico<\/p>\n","protected":false},"author":2,"featured_media":715,"comment_status":"open","ping_status":"open","sticky":false,"template":"","format":"standard","meta":{"footnotes":""},"categories":[9,5],"tags":[],"class_list":["post-713","post","type-post","status-publish","format-standard","has-post-thumbnail","hentry","category-araxa","category-arte-e-cultura"],"_links":{"self":[{"href":"http:\/\/blogdoarmindomaia.com.br\/index.php?rest_route=\/wp\/v2\/posts\/713","targetHints":{"allow":["GET"]}}],"collection":[{"href":"http:\/\/blogdoarmindomaia.com.br\/index.php?rest_route=\/wp\/v2\/posts"}],"about":[{"href":"http:\/\/blogdoarmindomaia.com.br\/index.php?rest_route=\/wp\/v2\/types\/post"}],"author":[{"embeddable":true,"href":"http:\/\/blogdoarmindomaia.com.br\/index.php?rest_route=\/wp\/v2\/users\/2"}],"replies":[{"embeddable":true,"href":"http:\/\/blogdoarmindomaia.com.br\/index.php?rest_route=%2Fwp%2Fv2%2Fcomments&post=713"}],"version-history":[{"count":1,"href":"http:\/\/blogdoarmindomaia.com.br\/index.php?rest_route=\/wp\/v2\/posts\/713\/revisions"}],"predecessor-version":[{"id":716,"href":"http:\/\/blogdoarmindomaia.com.br\/index.php?rest_route=\/wp\/v2\/posts\/713\/revisions\/716"}],"wp:featuredmedia":[{"embeddable":true,"href":"http:\/\/blogdoarmindomaia.com.br\/index.php?rest_route=\/wp\/v2\/media\/715"}],"wp:attachment":[{"href":"http:\/\/blogdoarmindomaia.com.br\/index.php?rest_route=%2Fwp%2Fv2%2Fmedia&parent=713"}],"wp:term":[{"taxonomy":"category","embeddable":true,"href":"http:\/\/blogdoarmindomaia.com.br\/index.php?rest_route=%2Fwp%2Fv2%2Fcategories&post=713"},{"taxonomy":"post_tag","embeddable":true,"href":"http:\/\/blogdoarmindomaia.com.br\/index.php?rest_route=%2Fwp%2Fv2%2Ftags&post=713"}],"curies":[{"name":"wp","href":"https:\/\/api.w.org\/{rel}","templated":true}]}}