{"id":7151,"date":"2024-02-16T11:48:39","date_gmt":"2024-02-16T14:48:39","guid":{"rendered":"http:\/\/blogdoarmindomaia.com.br\/?p=7151"},"modified":"2024-02-16T11:48:41","modified_gmt":"2024-02-16T14:48:41","slug":"pleno-do-tjdft-elege-araxaense-como-nova-juiza-de-direito-de-turma-recursal","status":"publish","type":"post","link":"http:\/\/blogdoarmindomaia.com.br\/?p=7151","title":{"rendered":"Pleno do TJDFT elege araxaense como nova Ju\u00edza de Direito de Turma Recursal"},"content":{"rendered":"\n<figure class=\"wp-block-image size-full is-style-default\"><img loading=\"lazy\" decoding=\"async\" width=\"500\" height=\"300\" src=\"http:\/\/blogdoarmindomaia.com.br\/wp-content\/uploads\/2024\/02\/Pleno-do-TJDFT-elege-Maria-Isabel-da-Silva-como-nova-Juiza-de-Direito-de-Turma-Recursal-pag-07.jpeg\" alt=\"\" class=\"wp-image-7152\" srcset=\"http:\/\/blogdoarmindomaia.com.br\/wp-content\/uploads\/2024\/02\/Pleno-do-TJDFT-elege-Maria-Isabel-da-Silva-como-nova-Juiza-de-Direito-de-Turma-Recursal-pag-07.jpeg 500w, http:\/\/blogdoarmindomaia.com.br\/wp-content\/uploads\/2024\/02\/Pleno-do-TJDFT-elege-Maria-Isabel-da-Silva-como-nova-Juiza-de-Direito-de-Turma-Recursal-pag-07-300x180.jpeg 300w\" sizes=\"auto, (max-width: 500px) 100vw, 500px\" \/><\/figure>\n\n\n\n<p>Na tarde do \u00faltimo dia 6 de fevereiro, durante a 1\u00aa Sess\u00e3o Ordin\u00e1ria do Tribunal Pleno, na modalidade presencial, os Desembargadores do Tribunal de Justi\u00e7a do Distrito Federal e dos Territ\u00f3rios (TJDFT) elegeram, por unanimidade, a Ju\u00edza de Direito Maria Isabel da Silva para provimento do&nbsp;<strong>cargo de Juiz de Direito da 2\u00aa Turma Recursal dos Juizados Especiais do DF. <\/strong>A vaga era ocupada anteriormente pela Ju\u00edza de Direito Substituta de Segundo Grau Leonor Aguena. A Ju\u00edza Maria Isabel da Silva foi&nbsp;<strong>eleita pelo crit\u00e9rio de merecimento.<\/strong>&nbsp;Ainda n\u00e3o h\u00e1 data para a cerim\u00f4nia de posse.&nbsp;<\/p>\n\n\n\n<p>Maria Isabel da Silva nasceu em Arax\u00e1\/MG. Cursou o prim\u00e1rio no Grupo Escolar Dr. Eduardo Montandon, o ginasial e curso normal no Col\u00e9gio Jesus Cristo e Contabilidade na Escola T\u00e9cnica de Arax\u00e1.<\/p>\n\n\n\n<p>Iniciou suas atividades laborativas na Padaria Arax\u00e1, no ano de 1963\/1964, na fun\u00e7\u00e3o de balconista e, de igual, no Emp\u00f3rio e Bar S\u00e3o Vicente, por \u00faltimo, no Mercado Arax\u00e1, at\u00e9 hoje instalado no mesmo local.<\/p>\n\n\n\n<p>Foi professora prim\u00e1ria na cidade de Pratinha\/MG, no ano de 1970. Em 1971, por concurso p\u00fablico, ingressou na carreira de escritur\u00e1rio da Caixa Econ\u00f4mica. J\u00e1 em 1984, graduou-se em Direito pela Faculdade Milton Campos, em Belo Horizonte, e, em 1986, foi aprovada para advogada da Caixa Econ\u00f4mica.<\/p>\n\n\n\n<p>Em 1991, foi aprovada no Concurso de Procurador da Fazenda Estadual. Em 1995, foi aprovada, em Minas Gerais e no Distrito Federal, para a carreira da magistratura. Optou pelo Tribunal de Justi\u00e7a do Distrito Federal e dos Territ\u00f3rios, onde tomou posse como Ju\u00edza de Direito Substituta, em 2 de fevereiro de 1996.<\/p>\n\n\n\n<p>Exerceu a magistratura em Ceil\u00e2ndia, na 2\u00aa Vara de Fam\u00edlia e, em Bras\u00edlia, na 4\u00aa Vara da Fazenda P\u00fablica, no Juizado de Viol\u00eancia Dom\u00e9stica, na 1\u00aa Vara de \u00d3rf\u00e3os e Sucess\u00f5es e na 3\u00aa Vara de Fam\u00edlia.<\/p>\n\n\n\n<p>Foi a primeira mulher a presidir a Associa\u00e7\u00e3o dos Magistrados do Distrito Federal e Territ\u00f3rios (Amagis\/DF), no per\u00edodo de 2004 a 2008, onde ocupou, tamb\u00e9m, cargos de Diretora de Patrim\u00f4nio, Vice-Presidente e Tesoureira. Na Associa\u00e7\u00e3o dos Magistrados Brasileiros (AMB), ocupou o cargo de &nbsp;Conselheira Fiscal, Vice-Presidente e Tesoureira.<\/p>\n","protected":false},"excerpt":{"rendered":"<p>Na tarde do \u00faltimo dia 6 de fevereiro, durante a 1\u00aa Sess\u00e3o Ordin\u00e1ria do Tribunal Pleno, na modalidade presencial, os<\/p>\n","protected":false},"author":2,"featured_media":7152,"comment_status":"open","ping_status":"open","sticky":false,"template":"","format":"standard","meta":{"footnotes":""},"categories":[9,11],"tags":[],"class_list":["post-7151","post","type-post","status-publish","format-standard","has-post-thumbnail","hentry","category-araxa","category-destaques"],"_links":{"self":[{"href":"http:\/\/blogdoarmindomaia.com.br\/index.php?rest_route=\/wp\/v2\/posts\/7151","targetHints":{"allow":["GET"]}}],"collection":[{"href":"http:\/\/blogdoarmindomaia.com.br\/index.php?rest_route=\/wp\/v2\/posts"}],"about":[{"href":"http:\/\/blogdoarmindomaia.com.br\/index.php?rest_route=\/wp\/v2\/types\/post"}],"author":[{"embeddable":true,"href":"http:\/\/blogdoarmindomaia.com.br\/index.php?rest_route=\/wp\/v2\/users\/2"}],"replies":[{"embeddable":true,"href":"http:\/\/blogdoarmindomaia.com.br\/index.php?rest_route=%2Fwp%2Fv2%2Fcomments&post=7151"}],"version-history":[{"count":1,"href":"http:\/\/blogdoarmindomaia.com.br\/index.php?rest_route=\/wp\/v2\/posts\/7151\/revisions"}],"predecessor-version":[{"id":7153,"href":"http:\/\/blogdoarmindomaia.com.br\/index.php?rest_route=\/wp\/v2\/posts\/7151\/revisions\/7153"}],"wp:featuredmedia":[{"embeddable":true,"href":"http:\/\/blogdoarmindomaia.com.br\/index.php?rest_route=\/wp\/v2\/media\/7152"}],"wp:attachment":[{"href":"http:\/\/blogdoarmindomaia.com.br\/index.php?rest_route=%2Fwp%2Fv2%2Fmedia&parent=7151"}],"wp:term":[{"taxonomy":"category","embeddable":true,"href":"http:\/\/blogdoarmindomaia.com.br\/index.php?rest_route=%2Fwp%2Fv2%2Fcategories&post=7151"},{"taxonomy":"post_tag","embeddable":true,"href":"http:\/\/blogdoarmindomaia.com.br\/index.php?rest_route=%2Fwp%2Fv2%2Ftags&post=7151"}],"curies":[{"name":"wp","href":"https:\/\/api.w.org\/{rel}","templated":true}]}}