{"id":7177,"date":"2024-02-20T16:19:59","date_gmt":"2024-02-20T19:19:59","guid":{"rendered":"http:\/\/blogdoarmindomaia.com.br\/?p=7177"},"modified":"2024-02-20T16:20:01","modified_gmt":"2024-02-20T19:20:01","slug":"araxa-recebeu-da-secretaria-de-estado-de-saude-2-veiculos-fumace","status":"publish","type":"post","link":"http:\/\/blogdoarmindomaia.com.br\/?p=7177","title":{"rendered":"Arax\u00e1 recebeu da Secretaria de Estado de Sa\u00fade 2 ve\u00edculos fumac\u00ea"},"content":{"rendered":"\n<figure class=\"wp-block-image size-large is-style-default\"><img loading=\"lazy\" decoding=\"async\" width=\"1024\" height=\"768\" src=\"http:\/\/blogdoarmindomaia.com.br\/wp-content\/uploads\/2024\/02\/Araxa-recebeu-da-Secretaria-de-Estado-de-Saude-2-veiculos-fumace-pag-10-1024x768.jpeg\" alt=\"\" class=\"wp-image-7178\" srcset=\"http:\/\/blogdoarmindomaia.com.br\/wp-content\/uploads\/2024\/02\/Araxa-recebeu-da-Secretaria-de-Estado-de-Saude-2-veiculos-fumace-pag-10-1024x768.jpeg 1024w, http:\/\/blogdoarmindomaia.com.br\/wp-content\/uploads\/2024\/02\/Araxa-recebeu-da-Secretaria-de-Estado-de-Saude-2-veiculos-fumace-pag-10-300x225.jpeg 300w, http:\/\/blogdoarmindomaia.com.br\/wp-content\/uploads\/2024\/02\/Araxa-recebeu-da-Secretaria-de-Estado-de-Saude-2-veiculos-fumace-pag-10-768x576.jpeg 768w, http:\/\/blogdoarmindomaia.com.br\/wp-content\/uploads\/2024\/02\/Araxa-recebeu-da-Secretaria-de-Estado-de-Saude-2-veiculos-fumace-pag-10-1536x1152.jpeg 1536w, http:\/\/blogdoarmindomaia.com.br\/wp-content\/uploads\/2024\/02\/Araxa-recebeu-da-Secretaria-de-Estado-de-Saude-2-veiculos-fumace-pag-10.jpeg 1600w\" sizes=\"auto, (max-width: 1024px) 100vw, 1024px\" \/><\/figure>\n\n\n\n<p>O servi\u00e7o come\u00e7ou a percorrer, na ter\u00e7a-feira (20), as regi\u00f5es da cidade que apresentaram maiores \u00edndices de notifica\u00e7\u00f5es nas \u00faltimas quatro semanas epidemiol\u00f3gicas. Desde o in\u00edcio de 2024, Arax\u00e1 teve um total de 911 notifica\u00e7\u00f5es e 515 casos confirmados de dengue.<br><br>Neste primeiro momento, ser\u00e3o contemplados os bairros Adhemar Rodrigues Valle, Lamartine, Jardim das Primaveras 1 e 2, Jardim das Oliveiras 1 e 2, Novo P\u00e3o de A\u00e7\u00facar 3, Alvorada, Santa M\u00f4nica, P\u00e3o de A\u00e7\u00facar, Pedra Azul, Novo Horizonte, Cincinato de \u00c1vila, Pedro Pezzuti, S\u00e3o Pedro, Urciano Lemos, Residencial Bocaina, Santo Ant\u00f4nio, Boa Vista, Riviera do Lago, Vila das Artes, Jos\u00e9 Ferreira Guimar\u00e3es, Jardim Bela Vista, Santa Terezinha, Sagrada Fam\u00edlia e S\u00e3o Vicente.<br><br>As a\u00e7\u00f5es acontecem em hor\u00e1rios estrat\u00e9gicos para otimizar os servi\u00e7os de pulveriza\u00e7\u00e3o do inseticida e seguem inicialmente uma programa\u00e7\u00e3o dividida em quatro ciclos, entre os dias 20 e 27 de fevereiro. Os hor\u00e1rios de atua\u00e7\u00e3o do ve\u00edculo fumac\u00ea s\u00e3o pela manh\u00e3, das 5h \u00e0s 9h, e na parte da tarde e noite, das 17h \u00e0s 22h.<br><br>De acordo com secret\u00e1ria municipal de Sa\u00fade, Cristiane Gon\u00e7alves Pereira, algumas medidas devem ser seguidas pelos moradores no momento em que o ve\u00edculo passa pela rua, como manter portas e janelas abertas, evitar ficar pr\u00f3ximo ao carro, cobrir reservat\u00f3rios de \u00e1gua para consumo e retirar roupas expostas em varais e recipientes onde animais de estima\u00e7\u00e3o bebem \u00e1gua e se alimentam.<br><br>\u201cN\u00f3s n\u00e3o medimos esfor\u00e7os para que o Munic\u00edpio recebesse o carro fumac\u00ea. Essa \u00e9 uma tratativa com a Secretaria de Estado de Sa\u00fade que foi iniciada no fim de 2023 e recebemos de forma oficial a chegada dos dois ve\u00edculos para hoje. \u00c9 extremamente importante o envolvimento da sociedade no combate \u00e0 doen\u00e7a. S\u00e3o a\u00e7\u00f5es do dia a dia que fazem toda a diferen\u00e7a, como por exemplo, evitar recipientes com \u00e1gua parada, manter caixas d\u2019\u00e1gua e lixeiras sempre tampadas, quintal sem lixo e sem entulho, garrafas e baldes de cabe\u00e7a para baixo. Juntos vamos conseguir combater a doen\u00e7a\u201d, destaca.<br><br>A coordenadora da Vigil\u00e2ncia em Sa\u00fade de Arax\u00e1, Leninha Severo, explica que o carro fumac\u00ea age como forma de complementar e promover a r\u00e1pida interrup\u00e7\u00e3o da transmiss\u00e3o da dengue e precisa estar associada \u00e0 conscientiza\u00e7\u00e3o da popula\u00e7\u00e3o.<\/p>\n","protected":false},"excerpt":{"rendered":"<p>O servi\u00e7o come\u00e7ou a percorrer, na ter\u00e7a-feira (20), as regi\u00f5es da cidade que apresentaram maiores \u00edndices de notifica\u00e7\u00f5es nas \u00faltimas<\/p>\n","protected":false},"author":2,"featured_media":7178,"comment_status":"open","ping_status":"open","sticky":false,"template":"","format":"standard","meta":{"footnotes":""},"categories":[9,11],"tags":[],"class_list":["post-7177","post","type-post","status-publish","format-standard","has-post-thumbnail","hentry","category-araxa","category-destaques"],"_links":{"self":[{"href":"http:\/\/blogdoarmindomaia.com.br\/index.php?rest_route=\/wp\/v2\/posts\/7177","targetHints":{"allow":["GET"]}}],"collection":[{"href":"http:\/\/blogdoarmindomaia.com.br\/index.php?rest_route=\/wp\/v2\/posts"}],"about":[{"href":"http:\/\/blogdoarmindomaia.com.br\/index.php?rest_route=\/wp\/v2\/types\/post"}],"author":[{"embeddable":true,"href":"http:\/\/blogdoarmindomaia.com.br\/index.php?rest_route=\/wp\/v2\/users\/2"}],"replies":[{"embeddable":true,"href":"http:\/\/blogdoarmindomaia.com.br\/index.php?rest_route=%2Fwp%2Fv2%2Fcomments&post=7177"}],"version-history":[{"count":1,"href":"http:\/\/blogdoarmindomaia.com.br\/index.php?rest_route=\/wp\/v2\/posts\/7177\/revisions"}],"predecessor-version":[{"id":7179,"href":"http:\/\/blogdoarmindomaia.com.br\/index.php?rest_route=\/wp\/v2\/posts\/7177\/revisions\/7179"}],"wp:featuredmedia":[{"embeddable":true,"href":"http:\/\/blogdoarmindomaia.com.br\/index.php?rest_route=\/wp\/v2\/media\/7178"}],"wp:attachment":[{"href":"http:\/\/blogdoarmindomaia.com.br\/index.php?rest_route=%2Fwp%2Fv2%2Fmedia&parent=7177"}],"wp:term":[{"taxonomy":"category","embeddable":true,"href":"http:\/\/blogdoarmindomaia.com.br\/index.php?rest_route=%2Fwp%2Fv2%2Fcategories&post=7177"},{"taxonomy":"post_tag","embeddable":true,"href":"http:\/\/blogdoarmindomaia.com.br\/index.php?rest_route=%2Fwp%2Fv2%2Ftags&post=7177"}],"curies":[{"name":"wp","href":"https:\/\/api.w.org\/{rel}","templated":true}]}}