{"id":7184,"date":"2024-02-23T15:52:46","date_gmt":"2024-02-23T18:52:46","guid":{"rendered":"http:\/\/blogdoarmindomaia.com.br\/?p=7184"},"modified":"2024-02-23T15:52:51","modified_gmt":"2024-02-23T18:52:51","slug":"araxa-vai-sediar-o-maior-evento-de-voluntarios-espiritas-do-mundo","status":"publish","type":"post","link":"http:\/\/blogdoarmindomaia.com.br\/?p=7184","title":{"rendered":"Arax\u00e1 vai sediar o maior evento de volunt\u00e1rios esp\u00edritas do mundo"},"content":{"rendered":"\n<figure class=\"wp-block-image size-large is-style-default\"><img loading=\"lazy\" decoding=\"async\" width=\"1024\" height=\"729\" src=\"http:\/\/blogdoarmindomaia.com.br\/wp-content\/uploads\/2024\/02\/Araxa-vai-sediar-o-maior-evento-de-voluntarios-espiritas-do-mundo-pag-09-1024x729.jpg\" alt=\"\" class=\"wp-image-7185\" srcset=\"http:\/\/blogdoarmindomaia.com.br\/wp-content\/uploads\/2024\/02\/Araxa-vai-sediar-o-maior-evento-de-voluntarios-espiritas-do-mundo-pag-09-1024x729.jpg 1024w, http:\/\/blogdoarmindomaia.com.br\/wp-content\/uploads\/2024\/02\/Araxa-vai-sediar-o-maior-evento-de-voluntarios-espiritas-do-mundo-pag-09-300x214.jpg 300w, http:\/\/blogdoarmindomaia.com.br\/wp-content\/uploads\/2024\/02\/Araxa-vai-sediar-o-maior-evento-de-voluntarios-espiritas-do-mundo-pag-09-768x547.jpg 768w, http:\/\/blogdoarmindomaia.com.br\/wp-content\/uploads\/2024\/02\/Araxa-vai-sediar-o-maior-evento-de-voluntarios-espiritas-do-mundo-pag-09-1536x1094.jpg 1536w, http:\/\/blogdoarmindomaia.com.br\/wp-content\/uploads\/2024\/02\/Araxa-vai-sediar-o-maior-evento-de-voluntarios-espiritas-do-mundo-pag-09.jpg 1912w\" sizes=\"auto, (max-width: 1024px) 100vw, 1024px\" \/><\/figure>\n\n\n\n<p>Em um an\u00fancio que ecoou por toda a regi\u00e3o, Arax\u00e1 foi escolhida como a sede do maior encontro de volunt\u00e1rios esp\u00edritas do mundo, a Confraterniza\u00e7\u00e3o das Campanhas de Fraternidade Auta de Souza (Concafras) em 2030. Este evento de destaque re\u00fane milhares de participantes de todo o Brasil e do exterior para momentos de estudo, pr\u00e1ticas assistenciais e fraternidade.<br><br>Com uma expectativa de receber cerca de 3.500 pessoas, oriundas de diferentes estados brasileiros e at\u00e9 mesmo de pa\u00edses estrangeiros, Arax\u00e1 est\u00e1 se preparando para oferecer uma recep\u00e7\u00e3o calorosa e hospitaleira. A cidade, conhecida por sua beleza natural e sua comunidade acolhedora, est\u00e1 entusiasmada por ter sido escolhida como anfitri\u00e3 deste evento de grande import\u00e2ncia espiritual e social.<br><br>Na \u00faltima edi\u00e7\u00e3o da Concafras, realizada em Paracatu no ano de 2024, contou com a participa\u00e7\u00e3o de 119 munic\u00edpios brasileiros e representantes de sete pa\u00edses, demonstrando a abrang\u00eancia e a relev\u00e2ncia desse encontro anual.<br><br>A sele\u00e7\u00e3o de Arax\u00e1 como sede da Concafras 2030 representa uma oportunidade \u00fanica para a cidade mostrar ao mundo sua hospitalidade e seu compromisso com valores de solidariedade e fraternidade. Os organizadores contam com o apoio e o entusiasmo de toda a popula\u00e7\u00e3o local para garantir o sucesso deste evento t\u00e3o especial.<br><br>\u00c9 com expectativa e alegria que Arax\u00e1 se prepara para receber a Concafras em 2030, aguardando ansiosamente para compartilhar sua cultura, seus encantos e sua hospitalidade com todos os participantes deste encontro marcante de solidariedade&nbsp;e&nbsp;aprendizado.<\/p>\n","protected":false},"excerpt":{"rendered":"<p>Em um an\u00fancio que ecoou por toda a regi\u00e3o, Arax\u00e1 foi escolhida como a sede do maior encontro de volunt\u00e1rios<\/p>\n","protected":false},"author":2,"featured_media":7185,"comment_status":"open","ping_status":"open","sticky":false,"template":"","format":"standard","meta":{"footnotes":""},"categories":[9,11],"tags":[],"class_list":["post-7184","post","type-post","status-publish","format-standard","has-post-thumbnail","hentry","category-araxa","category-destaques"],"_links":{"self":[{"href":"http:\/\/blogdoarmindomaia.com.br\/index.php?rest_route=\/wp\/v2\/posts\/7184","targetHints":{"allow":["GET"]}}],"collection":[{"href":"http:\/\/blogdoarmindomaia.com.br\/index.php?rest_route=\/wp\/v2\/posts"}],"about":[{"href":"http:\/\/blogdoarmindomaia.com.br\/index.php?rest_route=\/wp\/v2\/types\/post"}],"author":[{"embeddable":true,"href":"http:\/\/blogdoarmindomaia.com.br\/index.php?rest_route=\/wp\/v2\/users\/2"}],"replies":[{"embeddable":true,"href":"http:\/\/blogdoarmindomaia.com.br\/index.php?rest_route=%2Fwp%2Fv2%2Fcomments&post=7184"}],"version-history":[{"count":1,"href":"http:\/\/blogdoarmindomaia.com.br\/index.php?rest_route=\/wp\/v2\/posts\/7184\/revisions"}],"predecessor-version":[{"id":7186,"href":"http:\/\/blogdoarmindomaia.com.br\/index.php?rest_route=\/wp\/v2\/posts\/7184\/revisions\/7186"}],"wp:featuredmedia":[{"embeddable":true,"href":"http:\/\/blogdoarmindomaia.com.br\/index.php?rest_route=\/wp\/v2\/media\/7185"}],"wp:attachment":[{"href":"http:\/\/blogdoarmindomaia.com.br\/index.php?rest_route=%2Fwp%2Fv2%2Fmedia&parent=7184"}],"wp:term":[{"taxonomy":"category","embeddable":true,"href":"http:\/\/blogdoarmindomaia.com.br\/index.php?rest_route=%2Fwp%2Fv2%2Fcategories&post=7184"},{"taxonomy":"post_tag","embeddable":true,"href":"http:\/\/blogdoarmindomaia.com.br\/index.php?rest_route=%2Fwp%2Fv2%2Ftags&post=7184"}],"curies":[{"name":"wp","href":"https:\/\/api.w.org\/{rel}","templated":true}]}}