{"id":7187,"date":"2024-02-23T15:57:10","date_gmt":"2024-02-23T18:57:10","guid":{"rendered":"http:\/\/blogdoarmindomaia.com.br\/?p=7187"},"modified":"2024-02-23T15:57:13","modified_gmt":"2024-02-23T18:57:13","slug":"fenadoces-araxa-chega-a-sua-4a-edicao","status":"publish","type":"post","link":"http:\/\/blogdoarmindomaia.com.br\/?p=7187","title":{"rendered":"\u00a0Fenadoces Arax\u00e1 chega a sua 4\u00aa edi\u00e7\u00e3o"},"content":{"rendered":"\n<figure class=\"wp-block-image size-large is-style-default\"><img loading=\"lazy\" decoding=\"async\" width=\"1024\" height=\"576\" src=\"http:\/\/blogdoarmindomaia.com.br\/wp-content\/uploads\/2024\/02\/Fenadoces-Araxa-chega-a-sua-4a-edicao-pag-06-1024x576.jpg\" alt=\"\" class=\"wp-image-7188\" srcset=\"http:\/\/blogdoarmindomaia.com.br\/wp-content\/uploads\/2024\/02\/Fenadoces-Araxa-chega-a-sua-4a-edicao-pag-06-1024x576.jpg 1024w, http:\/\/blogdoarmindomaia.com.br\/wp-content\/uploads\/2024\/02\/Fenadoces-Araxa-chega-a-sua-4a-edicao-pag-06-300x169.jpg 300w, http:\/\/blogdoarmindomaia.com.br\/wp-content\/uploads\/2024\/02\/Fenadoces-Araxa-chega-a-sua-4a-edicao-pag-06-768x432.jpg 768w, http:\/\/blogdoarmindomaia.com.br\/wp-content\/uploads\/2024\/02\/Fenadoces-Araxa-chega-a-sua-4a-edicao-pag-06.jpg 1280w\" sizes=\"auto, (max-width: 1024px) 100vw, 1024px\" \/><\/figure>\n\n\n\n<p>&nbsp;Anote na agenda: a 4\u00aa Fenadoces acontece entre os dias 27 e 31 de mar\u00e7o de 2024, no P\u00e1tio Funda\u00e7\u00e3o Calmon Barreto. O evento, realizado desde 2020, apresenta ao p\u00fablico a diversidade e a qualidade dos doces araxaenses e da regi\u00e3o, conhecida internacionalmente por sua alta classe quando o assunto s\u00e3o os quitutes a\u00e7ucarados.<\/p>\n\n\n\n<p>Em 2024, a Fenadoces se inspirou na fantasia de Willie Wonka, personagem ic\u00f4nico do filme &#8220;A Fant\u00e1stica F\u00e1brica de Chocolate&#8221;, para criar o tema do evento: &#8220;A Fant\u00e1stica Feira de Doces&#8221;. Mais de 60 estandes de expositores poder\u00e3o ser conferidos ao longo dos cinco dias de realiza\u00e7\u00e3o da feira, oferecendo variedades de doces caseiros, chocolates, suspiros, bolos, donuts e mais, incluindo op\u00e7\u00f5es saud\u00e1veis, sem leite ou trigo e, inclusive, destinadas ao paladar infantil. Mais informa\u00e7\u00f5es ser\u00e3o divulgadas no Instagram da Fenadoces, onde todas as atualiza\u00e7\u00f5es do evento s\u00e3o publicadas &#8211; acompanhe em&nbsp;<a href=\"https:\/\/www.instagram.com\/p\/C3XqFArgs77\/?img_index=1\" target=\"_blank\" rel=\"noreferrer noopener\">@fenadoces<\/a><\/p>\n\n\n\n<p>Bem como os estandes de doces, o evento tamb\u00e9m conta com programa\u00e7\u00e3o infantil e musical. Sendo assim, toda a popula\u00e7\u00e3o araxaense e da regi\u00e3o poder\u00e1 conferir atra\u00e7\u00f5es que complementam a Fenadoces &#8211; incluindo os pequenos, que ter\u00e3o um gostinho ainda mais doce e l\u00facido da P\u00e1scoa e, \u00e9 claro, das tradi\u00e7\u00f5es de Arax\u00e1.<\/p>\n\n\n\n<p><strong>Sobre a Fenadoces<\/strong><strong><\/strong><\/p>\n\n\n\n<p>Desde a estreia do evento, idealizado por Fabiana Alves, a Fenadoces j\u00e1 recebeu milhares de pessoas, que aproveitam a ocasi\u00e3o para conferir a pluralidade de op\u00e7\u00f5es de doces existentes no mercado &#8211; tanto as tradicionais quanto as mais inovadoras.<\/p>\n\n\n\n<p>A Fenadoces \u00e9 uma realiza\u00e7\u00e3o do Donuts da Fabi, com patroc\u00ednio da McCain e da CBMM, com apoio da Prefeitura de Arax\u00e1, Emater-MG, Funda\u00e7\u00e3o Cultural Calmon Barreto e TV Integra\u00e7\u00e3o. O evento \u00e9 realizado pela Lei Estadual de Incentivo \u00e0 Cultura e pela Lei Rouanet, do Minist\u00e9rio da Cultura.<\/p>\n\n\n\n<p><strong>Servi\u00e7o<\/strong><strong><\/strong><\/p>\n\n\n\n<p>4\u00aa Fenadoces &#8211; Feira de Doces de Arax\u00e1<br>De 27 a 31 de mar\u00e7o de 2024, das 13h \u00e0s 22h<br>Local: P\u00e1tio da Funda\u00e7\u00e3o Cultural Calmon Barreto (Pra\u00e7a Artur Bernardes, 1, Centro)<br>Entrada gratuita<br>Informa\u00e7\u00f5es:&nbsp;<a href=\"mailto:producao@fenadoces.com.br\" target=\"_blank\" rel=\"noreferrer noopener\">producao@fenadoces.com.br<\/a>&nbsp;&#8211; Alexandre Borges &#8211;&nbsp;Produtor Executivo&nbsp;&#8211; (34) 9 9205-5682<br>Informa\u00e7\u00f5es para a imprensa:&nbsp;<a href=\"mailto:imprensa@fenadoces.com.br\" target=\"_blank\" rel=\"noreferrer noopener\">imprensa@fenadoces.com.br<\/a>&nbsp;&#8211; Let\u00edcia Finamore &#8211; (31) 9 8252-2002<\/p>\n","protected":false},"excerpt":{"rendered":"<p>&nbsp;Anote na agenda: a 4\u00aa Fenadoces acontece entre os dias 27 e 31 de mar\u00e7o de 2024, no P\u00e1tio Funda\u00e7\u00e3o<\/p>\n","protected":false},"author":2,"featured_media":7188,"comment_status":"open","ping_status":"open","sticky":false,"template":"","format":"standard","meta":{"footnotes":""},"categories":[9,11],"tags":[],"class_list":["post-7187","post","type-post","status-publish","format-standard","has-post-thumbnail","hentry","category-araxa","category-destaques"],"_links":{"self":[{"href":"http:\/\/blogdoarmindomaia.com.br\/index.php?rest_route=\/wp\/v2\/posts\/7187","targetHints":{"allow":["GET"]}}],"collection":[{"href":"http:\/\/blogdoarmindomaia.com.br\/index.php?rest_route=\/wp\/v2\/posts"}],"about":[{"href":"http:\/\/blogdoarmindomaia.com.br\/index.php?rest_route=\/wp\/v2\/types\/post"}],"author":[{"embeddable":true,"href":"http:\/\/blogdoarmindomaia.com.br\/index.php?rest_route=\/wp\/v2\/users\/2"}],"replies":[{"embeddable":true,"href":"http:\/\/blogdoarmindomaia.com.br\/index.php?rest_route=%2Fwp%2Fv2%2Fcomments&post=7187"}],"version-history":[{"count":1,"href":"http:\/\/blogdoarmindomaia.com.br\/index.php?rest_route=\/wp\/v2\/posts\/7187\/revisions"}],"predecessor-version":[{"id":7189,"href":"http:\/\/blogdoarmindomaia.com.br\/index.php?rest_route=\/wp\/v2\/posts\/7187\/revisions\/7189"}],"wp:featuredmedia":[{"embeddable":true,"href":"http:\/\/blogdoarmindomaia.com.br\/index.php?rest_route=\/wp\/v2\/media\/7188"}],"wp:attachment":[{"href":"http:\/\/blogdoarmindomaia.com.br\/index.php?rest_route=%2Fwp%2Fv2%2Fmedia&parent=7187"}],"wp:term":[{"taxonomy":"category","embeddable":true,"href":"http:\/\/blogdoarmindomaia.com.br\/index.php?rest_route=%2Fwp%2Fv2%2Fcategories&post=7187"},{"taxonomy":"post_tag","embeddable":true,"href":"http:\/\/blogdoarmindomaia.com.br\/index.php?rest_route=%2Fwp%2Fv2%2Ftags&post=7187"}],"curies":[{"name":"wp","href":"https:\/\/api.w.org\/{rel}","templated":true}]}}