{"id":720,"date":"2022-05-07T23:45:11","date_gmt":"2022-05-08T02:45:11","guid":{"rendered":"http:\/\/blogdoarmindomaia.com.br\/?p=720"},"modified":"2022-05-07T23:45:13","modified_gmt":"2022-05-08T02:45:13","slug":"guardas-patrimoniais-recebem-certificados-de-brigadistas-araxa-adere-a-campanha-cidade-resiliente","status":"publish","type":"post","link":"http:\/\/blogdoarmindomaia.com.br\/?p=720","title":{"rendered":"Guardas Patrimoniais recebem certificados de brigadistas; Arax\u00e1 adere \u00e0 Campanha Cidade Resiliente"},"content":{"rendered":"\n<figure class=\"wp-block-image size-large is-style-default\"><img loading=\"lazy\" decoding=\"async\" width=\"1024\" height=\"682\" src=\"http:\/\/blogdoarmindomaia.com.br\/wp-content\/uploads\/2022\/05\/Guardas-recebem-certificados-de-brigadistas-4-1024x682.jpeg\" alt=\"\" class=\"wp-image-721\" srcset=\"http:\/\/blogdoarmindomaia.com.br\/wp-content\/uploads\/2022\/05\/Guardas-recebem-certificados-de-brigadistas-4-1024x682.jpeg 1024w, http:\/\/blogdoarmindomaia.com.br\/wp-content\/uploads\/2022\/05\/Guardas-recebem-certificados-de-brigadistas-4-300x200.jpeg 300w, http:\/\/blogdoarmindomaia.com.br\/wp-content\/uploads\/2022\/05\/Guardas-recebem-certificados-de-brigadistas-4-768x512.jpeg 768w, http:\/\/blogdoarmindomaia.com.br\/wp-content\/uploads\/2022\/05\/Guardas-recebem-certificados-de-brigadistas-4.jpeg 1280w\" sizes=\"auto, (max-width: 1024px) 100vw, 1024px\" \/><\/figure>\n\n\n\n<p>A Prefeitura de Arax\u00e1 e o Corpo de Bombeiros Militar de Minas Gerais realizaram a entrega de certificados para 20 novos guardas patrimoniais que participaram do Curso de Forma\u00e7\u00e3o de Brigadistas Org\u00e2nicos. A capacita\u00e7\u00e3o consiste na atua\u00e7\u00e3o em situa\u00e7\u00f5es emergenciais com a opera\u00e7\u00e3o de equipamentos de combate a inc\u00eandios e presta\u00e7\u00e3o de primeiros socorros.<\/p>\n\n\n\n<p>A cerim\u00f4nia foi realizada na sede da 2\u00aa Companhia do Corpo de Bombeiros em Arax\u00e1 nesta quinta-feira (5) e contou com a presen\u00e7a de autoridades locais, vereadores e imprensa. A capacita\u00e7\u00e3o ocorreu no come\u00e7o de dezembro de 2021 e foi ministrada pelo cabo Marcos Fi\u00faza Teixeira e pelo sargento Jo\u00e3o Galdino.<\/p>\n\n\n\n<p>Durante a solenidade, o prefeito Robson Magela assinou a ades\u00e3o do Corpo de Bombeiros de Arax\u00e1 \u00e0 Campanha Cidade Resiliente. A iniciativa da Organiza\u00e7\u00e3o das Na\u00e7\u00f5es Unidas (ONU) busca, perante a um desastre ambiental, prever e se antecipar aos cen\u00e1rios de risco e tomar a\u00e7\u00f5es para que este processo n\u00e3o evolua e a cidade tenha recupera\u00e7\u00e3o r\u00e1pida e ben\u00e9fica para a popula\u00e7\u00e3o.<\/p>\n\n\n\n<p>De acordo com o prefeito, a parceria \u00e9 fundamental para a seguran\u00e7a da popula\u00e7\u00e3o araxaense. \u201cTemos uma rela\u00e7\u00e3o muito pr\u00f3xima com todas as institui\u00e7\u00f5es e \u00f3rg\u00e3os de seguran\u00e7a p\u00fablica da cidade. Hoje, os guardas patrimoniais de Arax\u00e1 est\u00e3o capacitados e chegam para somar no atendimento de primeiros socorros e desastres naturais. Eles est\u00e3o prontos para atuar em diferentes setores da cidade, com compromisso e para um objetivo comum, que \u00e9 promover o bem para a popula\u00e7\u00e3o e entregar o melhor para a cidade\u201d, destaca.<\/p>\n\n\n\n<p>O secret\u00e1rio municipal de Seguran\u00e7a P\u00fablica, Daniel Rosa, acrescenta que a parceria possibilita uma forma\u00e7\u00e3o profissional da Guarda Patrimonial e novos cursos ser\u00e3o promovidos.<\/p>\n\n\n\n<p>Para o comandante da 2\u00aa Companhia do Corpo de Bombeiros, capit\u00e3o Thiago Augusto Pereira, a forma\u00e7\u00e3o desses profissionais com o curso de brigadista \u00e9 de extrema import\u00e2ncia. \u201cOs novos formandos podem atuar em diversas a\u00e7\u00f5es com grande qualifica\u00e7\u00e3o e conhecimento. \u00c9 um benef\u00edcio garantido para a popula\u00e7\u00e3o araxaense\u201d, ressalta.<\/p>\n","protected":false},"excerpt":{"rendered":"<p>A Prefeitura de Arax\u00e1 e o Corpo de Bombeiros Militar de Minas Gerais realizaram a entrega de certificados para 20<\/p>\n","protected":false},"author":2,"featured_media":721,"comment_status":"open","ping_status":"open","sticky":false,"template":"","format":"standard","meta":{"footnotes":""},"categories":[11],"tags":[],"class_list":["post-720","post","type-post","status-publish","format-standard","has-post-thumbnail","hentry","category-destaques"],"_links":{"self":[{"href":"http:\/\/blogdoarmindomaia.com.br\/index.php?rest_route=\/wp\/v2\/posts\/720","targetHints":{"allow":["GET"]}}],"collection":[{"href":"http:\/\/blogdoarmindomaia.com.br\/index.php?rest_route=\/wp\/v2\/posts"}],"about":[{"href":"http:\/\/blogdoarmindomaia.com.br\/index.php?rest_route=\/wp\/v2\/types\/post"}],"author":[{"embeddable":true,"href":"http:\/\/blogdoarmindomaia.com.br\/index.php?rest_route=\/wp\/v2\/users\/2"}],"replies":[{"embeddable":true,"href":"http:\/\/blogdoarmindomaia.com.br\/index.php?rest_route=%2Fwp%2Fv2%2Fcomments&post=720"}],"version-history":[{"count":1,"href":"http:\/\/blogdoarmindomaia.com.br\/index.php?rest_route=\/wp\/v2\/posts\/720\/revisions"}],"predecessor-version":[{"id":722,"href":"http:\/\/blogdoarmindomaia.com.br\/index.php?rest_route=\/wp\/v2\/posts\/720\/revisions\/722"}],"wp:featuredmedia":[{"embeddable":true,"href":"http:\/\/blogdoarmindomaia.com.br\/index.php?rest_route=\/wp\/v2\/media\/721"}],"wp:attachment":[{"href":"http:\/\/blogdoarmindomaia.com.br\/index.php?rest_route=%2Fwp%2Fv2%2Fmedia&parent=720"}],"wp:term":[{"taxonomy":"category","embeddable":true,"href":"http:\/\/blogdoarmindomaia.com.br\/index.php?rest_route=%2Fwp%2Fv2%2Fcategories&post=720"},{"taxonomy":"post_tag","embeddable":true,"href":"http:\/\/blogdoarmindomaia.com.br\/index.php?rest_route=%2Fwp%2Fv2%2Ftags&post=720"}],"curies":[{"name":"wp","href":"https:\/\/api.w.org\/{rel}","templated":true}]}}