{"id":7204,"date":"2024-02-23T16:15:39","date_gmt":"2024-02-23T19:15:39","guid":{"rendered":"http:\/\/blogdoarmindomaia.com.br\/?p=7204"},"modified":"2024-02-23T16:15:41","modified_gmt":"2024-02-23T19:15:41","slug":"denuncias-de-irregularidades-no-cumprimento-do-horario-de-trabalho-de-servidores-comissionados-da-camara-chegam-ao-mp","status":"publish","type":"post","link":"http:\/\/blogdoarmindomaia.com.br\/?p=7204","title":{"rendered":"Den\u00fancias de irregularidades no cumprimento do hor\u00e1rio de trabalho de servidores comissionados da C\u00e2mara, chegam ao MP"},"content":{"rendered":"\n<figure class=\"wp-block-image size-full is-style-default\"><img loading=\"lazy\" decoding=\"async\" width=\"768\" height=\"631\" src=\"http:\/\/blogdoarmindomaia.com.br\/wp-content\/uploads\/2024\/02\/Denuncias-de-irregularidades-no-cumprimento-do-horario-de-trabalho-pag-09.jpg\" alt=\"\" class=\"wp-image-7205\" srcset=\"http:\/\/blogdoarmindomaia.com.br\/wp-content\/uploads\/2024\/02\/Denuncias-de-irregularidades-no-cumprimento-do-horario-de-trabalho-pag-09.jpg 768w, http:\/\/blogdoarmindomaia.com.br\/wp-content\/uploads\/2024\/02\/Denuncias-de-irregularidades-no-cumprimento-do-horario-de-trabalho-pag-09-300x246.jpg 300w\" sizes=\"auto, (max-width: 768px) 100vw, 768px\" \/><\/figure>\n\n\n\n<p><\/p>\n\n\n\n<p><strong>No final da semana passada vieram a p\u00fablico informa\u00e7\u00f5es,&nbsp; dando conta de que algumas den\u00fancias an\u00f4nimas foram formalizadas junto a Ouvidoria do Minist\u00e9rio P\u00fablico de Arax\u00e1, tratando da&nbsp; exist\u00eancia&nbsp; supostas irregularidades&nbsp; a respeito do cumprimento da jornada de trabalho por parte de alguns servidores em cargo de comiss\u00e3o da C\u00e2mara Municipal de Arax\u00e1.&nbsp; As den\u00fancias chegaram ao MP, no final do m\u00eas de maio de 2023, causado investiga\u00e7\u00f5es chanceladas pelo Promotor de Justi\u00e7a de Arax\u00e1, Marcus&nbsp; Paulo de Queiroz Macedo, que hoje \u00e9 o curador o patrim\u00f4nio p\u00fablico no munic\u00edpio. A partir da\u00ed, que o MP recomendou \u00e0 C\u00e2mara Municipal de Arax\u00e1, que fizesse medidas corretivas&nbsp; para &nbsp;&nbsp;controlar e normatizar o cumprimento da jornada de trabalho.<\/strong><\/p>\n\n\n\n<p><strong>Durante a apura\u00e7\u00e3o feita pelo MP, a C\u00e2mara Municipal informou que o servi\u00e7o de ponto sempre foi controlado&nbsp; por cada vereador. E entre as medidas corretivas recomendadas pelo Minist\u00e9rio P\u00fablico, foi implantado desde o dia primeiro de fevereiro de 2024, o sistema de ponto eletr\u00f4nico para todos os cargos de colaboradores do Legislativo Araxaense, efetivos e comissionados.<\/strong><\/p>\n\n\n\n<p><strong>De acordo com o Promotor Marcus Paulo, as den\u00fancias resultaram&nbsp; em tr\u00eas inqu\u00e9ritos policiais e seis servidores de vereadores, estariam sendo investigados. At\u00e9 o momento, n\u00e3o foram constatadas fraudes ou irregularidades. Mas caso venha a se comprovar que houve descumprimento na jornada de trabalho,&nbsp; esses poss\u00edveis servidores poderiam ser penalizados com exonera\u00e7\u00e3o do cargo, devolu\u00e7\u00e3o de valores recebidos indevidamente e at\u00e9 mesmo medidas legais, de acordo com&nbsp; a conclus\u00e3o das investiga\u00e7\u00f5es ainda em curso. &nbsp;&nbsp;<\/strong><\/p>\n\n\n\n<p><strong>Os vereadores que tiveram seus nomes citados nas den\u00fancias, disseram&nbsp; n\u00e3o ter conhecimento de tais irregularidades e que est\u00e3o dispon\u00edveis para colaborar com a justi\u00e7a.&nbsp;&nbsp; &nbsp;&nbsp;<\/strong><\/p>\n","protected":false},"excerpt":{"rendered":"<p>No final da semana passada vieram a p\u00fablico informa\u00e7\u00f5es,&nbsp; dando conta de que algumas den\u00fancias an\u00f4nimas foram formalizadas junto a<\/p>\n","protected":false},"author":2,"featured_media":7205,"comment_status":"open","ping_status":"open","sticky":false,"template":"","format":"standard","meta":{"footnotes":""},"categories":[9,11],"tags":[],"class_list":["post-7204","post","type-post","status-publish","format-standard","has-post-thumbnail","hentry","category-araxa","category-destaques"],"_links":{"self":[{"href":"http:\/\/blogdoarmindomaia.com.br\/index.php?rest_route=\/wp\/v2\/posts\/7204","targetHints":{"allow":["GET"]}}],"collection":[{"href":"http:\/\/blogdoarmindomaia.com.br\/index.php?rest_route=\/wp\/v2\/posts"}],"about":[{"href":"http:\/\/blogdoarmindomaia.com.br\/index.php?rest_route=\/wp\/v2\/types\/post"}],"author":[{"embeddable":true,"href":"http:\/\/blogdoarmindomaia.com.br\/index.php?rest_route=\/wp\/v2\/users\/2"}],"replies":[{"embeddable":true,"href":"http:\/\/blogdoarmindomaia.com.br\/index.php?rest_route=%2Fwp%2Fv2%2Fcomments&post=7204"}],"version-history":[{"count":1,"href":"http:\/\/blogdoarmindomaia.com.br\/index.php?rest_route=\/wp\/v2\/posts\/7204\/revisions"}],"predecessor-version":[{"id":7206,"href":"http:\/\/blogdoarmindomaia.com.br\/index.php?rest_route=\/wp\/v2\/posts\/7204\/revisions\/7206"}],"wp:featuredmedia":[{"embeddable":true,"href":"http:\/\/blogdoarmindomaia.com.br\/index.php?rest_route=\/wp\/v2\/media\/7205"}],"wp:attachment":[{"href":"http:\/\/blogdoarmindomaia.com.br\/index.php?rest_route=%2Fwp%2Fv2%2Fmedia&parent=7204"}],"wp:term":[{"taxonomy":"category","embeddable":true,"href":"http:\/\/blogdoarmindomaia.com.br\/index.php?rest_route=%2Fwp%2Fv2%2Fcategories&post=7204"},{"taxonomy":"post_tag","embeddable":true,"href":"http:\/\/blogdoarmindomaia.com.br\/index.php?rest_route=%2Fwp%2Fv2%2Ftags&post=7204"}],"curies":[{"name":"wp","href":"https:\/\/api.w.org\/{rel}","templated":true}]}}