{"id":7220,"date":"2024-02-29T15:18:57","date_gmt":"2024-02-29T18:18:57","guid":{"rendered":"http:\/\/blogdoarmindomaia.com.br\/?p=7220"},"modified":"2024-02-29T15:19:00","modified_gmt":"2024-02-29T18:19:00","slug":"deputada-federal-ana-paula-leao-destina-2-milhoes-para-a-construcao-do-cram-em-araxa","status":"publish","type":"post","link":"http:\/\/blogdoarmindomaia.com.br\/?p=7220","title":{"rendered":"Deputada Federal Ana Paula Le\u00e3o destina 2 milh\u00f5es para a constru\u00e7\u00e3o do CRAM em Arax\u00e1"},"content":{"rendered":"\n<figure class=\"wp-block-image size-large is-style-default\"><img loading=\"lazy\" decoding=\"async\" width=\"1024\" height=\"683\" src=\"http:\/\/blogdoarmindomaia.com.br\/wp-content\/uploads\/2024\/02\/Deputada-Federal-Ana-Paula-Leao-destina-2-milhoes-para-a-construcao-do-CRAM-PAG-06-1024x683.jpg\" alt=\"\" class=\"wp-image-7221\" srcset=\"http:\/\/blogdoarmindomaia.com.br\/wp-content\/uploads\/2024\/02\/Deputada-Federal-Ana-Paula-Leao-destina-2-milhoes-para-a-construcao-do-CRAM-PAG-06-1024x683.jpg 1024w, http:\/\/blogdoarmindomaia.com.br\/wp-content\/uploads\/2024\/02\/Deputada-Federal-Ana-Paula-Leao-destina-2-milhoes-para-a-construcao-do-CRAM-PAG-06-300x200.jpg 300w, http:\/\/blogdoarmindomaia.com.br\/wp-content\/uploads\/2024\/02\/Deputada-Federal-Ana-Paula-Leao-destina-2-milhoes-para-a-construcao-do-CRAM-PAG-06-768x512.jpg 768w, http:\/\/blogdoarmindomaia.com.br\/wp-content\/uploads\/2024\/02\/Deputada-Federal-Ana-Paula-Leao-destina-2-milhoes-para-a-construcao-do-CRAM-PAG-06-1536x1024.jpg 1536w, http:\/\/blogdoarmindomaia.com.br\/wp-content\/uploads\/2024\/02\/Deputada-Federal-Ana-Paula-Leao-destina-2-milhoes-para-a-construcao-do-CRAM-PAG-06.jpg 1600w\" sizes=\"auto, (max-width: 1024px) 100vw, 1024px\" \/><\/figure>\n\n\n\n<p>Para&nbsp;<strong>a deputada federal Ana Paula Le\u00e3o (PP-MG)<\/strong>, a \u00faltima sexta-feira do m\u00eas de fevereiro foi o dia de retornar \u00e0 terra da famosa Dona Beja e anunciar excelentes not\u00edcias para a popula\u00e7\u00e3o de Arax\u00e1. O primeiro compromisso da parlamentar foi na Prefeitura, onde participou de uma reuni\u00e3o com o l\u00edder do executivo, Robson Magela, com o Secret\u00e1rio de Governo, Rick Paranhos e com o Chefe de Gabinete, Germano Afonso. Durante o discurso, no evento de inaugura\u00e7\u00e3o de Cemieis na cidade, &nbsp;Ana Paula aproveitou para contar boas not\u00edcias. \u201c<em>\u00c9 com muita alegria que anuncio a destina\u00e7\u00e3o de R$ 2 milh\u00f5es para a constru\u00e7\u00e3o do Centro de Refer\u00eancia de Atendimento \u00e0 Mulher (CRAM) e para dar in\u00edcio \u00e0s obras do Condom\u00ednio do Idoso de Arax\u00e1. Ambas as iniciativas transformaram a vida da popula\u00e7\u00e3o de Uberl\u00e2ndia e reitero o meu compromisso em expandir esses projetos a n\u00edvel nacional, e especialmente pra nossa amada Minas Gerais<\/em>\u201d, disse a deputada em seu pronunciamento.<\/p>\n\n\n\n<p><strong>Cuidado com a 3\u00aa idade<\/strong><\/p>\n\n\n\n<p>O Condom\u00ednio do Idoso, como ficou conhecido, \u00e9 uma iniciativa pioneira de Uberl\u00e2ndia que garante moradia digna e o envelhecimento com qualidade de vida. O munic\u00edpio j\u00e1 conta com duas unidades destinadas exclusivamente para as pessoas da terceira idade em situa\u00e7\u00e3o de vulnerabilidade social. Com quarto, banheiro, cozinha e sala conjugadas, todas as moradias seguem \u00e0 risca as normas t\u00e9cnicas de acessibilidade. Al\u00e9m disso, os moradores n\u00e3o possuem despesas com aluguel, \u00e1gua e energia el\u00e9trica. Tudo isso preservando o n\u00facleo familiar.<\/p>\n\n\n\n<p>Em fevereiro de 2023, Ana Paula Le\u00e3o apresentou o Projeto de Lei n\u00ba 384\/2023, sua primeira proposta como parlamentar na C\u00e2mara, que inclui a constru\u00e7\u00e3o de unidades residenciais na Pol\u00edtica Nacional da Pessoa Idosa.<\/p>\n\n\n\n<p><strong>Defesa da Mulher<\/strong> Desde 2019, Uberl\u00e2ndia conta com a Casa da Mulher. Em um \u00fanico local, o espa\u00e7o possui a Diretoria de Prote\u00e7\u00e3o Social da Mulher, o N\u00facleo de Apoio \u00e0 Mulher, al\u00e9m da Delegacia Especializada e Defensoria P\u00fablica, proporcionando \u00e0s v\u00edtimas de viol\u00eancia uma rede socioassistencial e suporte jur\u00eddico necess\u00e1rios.<\/p>\n","protected":false},"excerpt":{"rendered":"<p>Para&nbsp;a deputada federal Ana Paula Le\u00e3o (PP-MG), a \u00faltima sexta-feira do m\u00eas de fevereiro foi o dia de retornar \u00e0<\/p>\n","protected":false},"author":2,"featured_media":7221,"comment_status":"open","ping_status":"open","sticky":false,"template":"","format":"standard","meta":{"footnotes":""},"categories":[9,11],"tags":[],"class_list":["post-7220","post","type-post","status-publish","format-standard","has-post-thumbnail","hentry","category-araxa","category-destaques"],"_links":{"self":[{"href":"http:\/\/blogdoarmindomaia.com.br\/index.php?rest_route=\/wp\/v2\/posts\/7220","targetHints":{"allow":["GET"]}}],"collection":[{"href":"http:\/\/blogdoarmindomaia.com.br\/index.php?rest_route=\/wp\/v2\/posts"}],"about":[{"href":"http:\/\/blogdoarmindomaia.com.br\/index.php?rest_route=\/wp\/v2\/types\/post"}],"author":[{"embeddable":true,"href":"http:\/\/blogdoarmindomaia.com.br\/index.php?rest_route=\/wp\/v2\/users\/2"}],"replies":[{"embeddable":true,"href":"http:\/\/blogdoarmindomaia.com.br\/index.php?rest_route=%2Fwp%2Fv2%2Fcomments&post=7220"}],"version-history":[{"count":1,"href":"http:\/\/blogdoarmindomaia.com.br\/index.php?rest_route=\/wp\/v2\/posts\/7220\/revisions"}],"predecessor-version":[{"id":7222,"href":"http:\/\/blogdoarmindomaia.com.br\/index.php?rest_route=\/wp\/v2\/posts\/7220\/revisions\/7222"}],"wp:featuredmedia":[{"embeddable":true,"href":"http:\/\/blogdoarmindomaia.com.br\/index.php?rest_route=\/wp\/v2\/media\/7221"}],"wp:attachment":[{"href":"http:\/\/blogdoarmindomaia.com.br\/index.php?rest_route=%2Fwp%2Fv2%2Fmedia&parent=7220"}],"wp:term":[{"taxonomy":"category","embeddable":true,"href":"http:\/\/blogdoarmindomaia.com.br\/index.php?rest_route=%2Fwp%2Fv2%2Fcategories&post=7220"},{"taxonomy":"post_tag","embeddable":true,"href":"http:\/\/blogdoarmindomaia.com.br\/index.php?rest_route=%2Fwp%2Fv2%2Ftags&post=7220"}],"curies":[{"name":"wp","href":"https:\/\/api.w.org\/{rel}","templated":true}]}}