{"id":7223,"date":"2024-02-29T16:39:41","date_gmt":"2024-02-29T19:39:41","guid":{"rendered":"http:\/\/blogdoarmindomaia.com.br\/?p=7223"},"modified":"2024-02-29T16:39:43","modified_gmt":"2024-02-29T19:39:43","slug":"ministro-das-cidades-se-reune-em-araxa-com-80-prefeitos-de-mg-e-debate-o-pac-e-o-minha-casa-minha-vida","status":"publish","type":"post","link":"http:\/\/blogdoarmindomaia.com.br\/?p=7223","title":{"rendered":"Ministro das Cidades se re\u00fane em Arax\u00e1 com 80 prefeitos de MG e debate o PAC e o\u00a0 Minha Casa Minha Vida\u00a0"},"content":{"rendered":"\n<figure class=\"wp-block-image size-large is-style-default\"><img loading=\"lazy\" decoding=\"async\" width=\"1024\" height=\"631\" src=\"http:\/\/blogdoarmindomaia.com.br\/wp-content\/uploads\/2024\/02\/Foto-Mininstro-1024x631.jpg\" alt=\"\" class=\"wp-image-7224\" srcset=\"http:\/\/blogdoarmindomaia.com.br\/wp-content\/uploads\/2024\/02\/Foto-Mininstro-1024x631.jpg 1024w, http:\/\/blogdoarmindomaia.com.br\/wp-content\/uploads\/2024\/02\/Foto-Mininstro-300x185.jpg 300w, http:\/\/blogdoarmindomaia.com.br\/wp-content\/uploads\/2024\/02\/Foto-Mininstro-768x473.jpg 768w, http:\/\/blogdoarmindomaia.com.br\/wp-content\/uploads\/2024\/02\/Foto-Mininstro-1536x947.jpg 1536w, http:\/\/blogdoarmindomaia.com.br\/wp-content\/uploads\/2024\/02\/Foto-Mininstro-2048x1263.jpg 2048w\" sizes=\"auto, (max-width: 1024px) 100vw, 1024px\" \/><figcaption class=\"wp-element-caption\">????????????????????????????????????<\/figcaption><\/figure>\n\n\n\n<p>Arax\u00e1 recebeu o ministro das Cidades, Jader Barbalho Filho, para um encontro que destacou investimentos para o Novo Programa de Acelera\u00e7\u00e3o do Crescimento (Novo PAC) e Programa Minha Casa, Minha Vida, na segunda-feira (26), no Tau\u00e1 Grande Hotel do Barreiro. Cerca de 80 prefeitos de cidades mineiras e lideran\u00e7as pol\u00edticas do Estado estiveram presentes em um evento que foi realizado pela parceria entre o Minist\u00e9rio das Cidades, Associa\u00e7\u00e3o dos Munic\u00edpios da Microrregi\u00e3o do Planalto de Arax\u00e1 (Ampla), Cons\u00f3rcio Multifinalit\u00e1rio do Planalto de Arax\u00e1 (Cimpla) e Prefeitura de Arax\u00e1. Al\u00e9m do ministro Jader Barbalho Filho, o palco do evento foi composto pelo presidente da Ampla e prefeito de Santa Rosa da Serra, Jos\u00e9 Humberto Ribeiro; prefeito de Arax\u00e1, Robson Magela; deputados federais Newton Cardoso J\u00fanior e Herc\u00edlio Coelho Diniz, deputados estaduais Tadeu Martins Leite (presidente da ALMG), Bosco, Jo\u00e3o Magalh\u00e3es e Lud Falc\u00e3o, e o presidente da Companhia de Habita\u00e7\u00e3o do Estado de Minas Gerais (Cohab-MG), Ricardo Augusto de Gontijo Vivian, representando o governador Romeu Zema. Durante o encontro, o ministro Jader Barbalho Filho destacou que o Novo PAC para Minas Gerais conta com 894 propostas apresentadas no valor de R$ 19,3 bilh\u00f5es, contemplando abastecimento de \u00e1gua rural e urbana, drenagem, esgotamento sanit\u00e1rio e mobilidade no transporte p\u00fablico. Essas propostas est\u00e3o em an\u00e1lise t\u00e9cnica e, em breve, ser\u00e3o anunciados os munic\u00edpios contemplados. Sobre o Minha Casa, Minha Vida, o ministro apresentou hist\u00f3rico de mais de 134 mil unidades habitacionais constru\u00eddas entre 2009 e 2022, e para este ano ser\u00e3o entregues cerca de 1.000 unidades. Ele anunciou ainda uma nova modalidade do programa, sob a sigla FNHIS, destinada a financiar moradias subsidiadas para a Faixa 1 populacional, com munic\u00edpios com menos de 50 mil habitantes. \u201cVamos retomar esses programas que v\u00e3o trazer desenvolvimento, infraestrutura, qualidade de vida das cidades e do seu povo\u201d, disse o Ministro. Na oportunidade, o prefeito Robson Magela entregou ao ministro demandas para Arax\u00e1, como constru\u00e7\u00e3o e reforma de pontes na zona rural, recupera\u00e7\u00e3o de \u00e1reas degradadas por eros\u00f5es, canaliza\u00e7\u00e3o do C\u00f3rrego Grande e acesso a programas habitacionais. \u201cConversei com o ministro Jader sobre o quanto \u00e9 imprescind\u00edvel o apoio financeiro do Governo Federal, especialmente por meio do Novo PAC, para a realiza\u00e7\u00e3o dessas obras de infraestrutura t\u00e3o necess\u00e1rias para o Munic\u00edpio. O lan\u00e7amento do Novo PAC representa uma oportunidade significativa para Arax\u00e1\u201d, acrescenta Robson. O prefeito ressaltou tamb\u00e9m a relev\u00e2ncia do programa Minha Casa, Minha Vida para a popula\u00e7\u00e3o, enfatizando que ter uma casa pr\u00f3pria \u00e9 um sonho para muitas fam\u00edlias.<br>O ministro Jader Barbalho Filho demonstrou receptividade \u00e0s propostas apresentadas pelo prefeito Robson Magela e solicitou a apresenta\u00e7\u00e3o de toda a documenta\u00e7\u00e3o necess\u00e1ria para o andamento dos projetos demandados.<br><\/p>\n","protected":false},"excerpt":{"rendered":"<p>Arax\u00e1 recebeu o ministro das Cidades, Jader Barbalho Filho, para um encontro que destacou investimentos para o Novo Programa de<\/p>\n","protected":false},"author":2,"featured_media":7224,"comment_status":"open","ping_status":"open","sticky":false,"template":"","format":"standard","meta":{"footnotes":""},"categories":[9,11],"tags":[],"class_list":["post-7223","post","type-post","status-publish","format-standard","has-post-thumbnail","hentry","category-araxa","category-destaques"],"_links":{"self":[{"href":"http:\/\/blogdoarmindomaia.com.br\/index.php?rest_route=\/wp\/v2\/posts\/7223","targetHints":{"allow":["GET"]}}],"collection":[{"href":"http:\/\/blogdoarmindomaia.com.br\/index.php?rest_route=\/wp\/v2\/posts"}],"about":[{"href":"http:\/\/blogdoarmindomaia.com.br\/index.php?rest_route=\/wp\/v2\/types\/post"}],"author":[{"embeddable":true,"href":"http:\/\/blogdoarmindomaia.com.br\/index.php?rest_route=\/wp\/v2\/users\/2"}],"replies":[{"embeddable":true,"href":"http:\/\/blogdoarmindomaia.com.br\/index.php?rest_route=%2Fwp%2Fv2%2Fcomments&post=7223"}],"version-history":[{"count":1,"href":"http:\/\/blogdoarmindomaia.com.br\/index.php?rest_route=\/wp\/v2\/posts\/7223\/revisions"}],"predecessor-version":[{"id":7225,"href":"http:\/\/blogdoarmindomaia.com.br\/index.php?rest_route=\/wp\/v2\/posts\/7223\/revisions\/7225"}],"wp:featuredmedia":[{"embeddable":true,"href":"http:\/\/blogdoarmindomaia.com.br\/index.php?rest_route=\/wp\/v2\/media\/7224"}],"wp:attachment":[{"href":"http:\/\/blogdoarmindomaia.com.br\/index.php?rest_route=%2Fwp%2Fv2%2Fmedia&parent=7223"}],"wp:term":[{"taxonomy":"category","embeddable":true,"href":"http:\/\/blogdoarmindomaia.com.br\/index.php?rest_route=%2Fwp%2Fv2%2Fcategories&post=7223"},{"taxonomy":"post_tag","embeddable":true,"href":"http:\/\/blogdoarmindomaia.com.br\/index.php?rest_route=%2Fwp%2Fv2%2Ftags&post=7223"}],"curies":[{"name":"wp","href":"https:\/\/api.w.org\/{rel}","templated":true}]}}