{"id":7231,"date":"2024-02-29T16:53:27","date_gmt":"2024-02-29T19:53:27","guid":{"rendered":"http:\/\/blogdoarmindomaia.com.br\/?p=7231"},"modified":"2024-02-29T16:53:28","modified_gmt":"2024-02-29T19:53:28","slug":"italo-borges-e-o-novo-secretario-de-desenvolvimento-economico-inovacao-e-turismo-de-araxa","status":"publish","type":"post","link":"http:\/\/blogdoarmindomaia.com.br\/?p=7231","title":{"rendered":"\u00cdtalo Borges \u00e9 o novo secret\u00e1rio de Desenvolvimento Econ\u00f4mico, Inova\u00e7\u00e3o e Turismo de Arax\u00e1"},"content":{"rendered":"\n<figure class=\"wp-block-image size-large is-style-default\"><img loading=\"lazy\" decoding=\"async\" width=\"1024\" height=\"826\" src=\"http:\/\/blogdoarmindomaia.com.br\/wp-content\/uploads\/2024\/02\/Italo-Borges-e-o-novo-secretario-de-Desenvolvimento-Economico-pag-09-1024x826.jpeg\" alt=\"\" class=\"wp-image-7232\" srcset=\"http:\/\/blogdoarmindomaia.com.br\/wp-content\/uploads\/2024\/02\/Italo-Borges-e-o-novo-secretario-de-Desenvolvimento-Economico-pag-09-1024x826.jpeg 1024w, http:\/\/blogdoarmindomaia.com.br\/wp-content\/uploads\/2024\/02\/Italo-Borges-e-o-novo-secretario-de-Desenvolvimento-Economico-pag-09-300x242.jpeg 300w, http:\/\/blogdoarmindomaia.com.br\/wp-content\/uploads\/2024\/02\/Italo-Borges-e-o-novo-secretario-de-Desenvolvimento-Economico-pag-09-768x620.jpeg 768w, http:\/\/blogdoarmindomaia.com.br\/wp-content\/uploads\/2024\/02\/Italo-Borges-e-o-novo-secretario-de-Desenvolvimento-Economico-pag-09-1536x1239.jpeg 1536w, http:\/\/blogdoarmindomaia.com.br\/wp-content\/uploads\/2024\/02\/Italo-Borges-e-o-novo-secretario-de-Desenvolvimento-Economico-pag-09.jpeg 1600w\" sizes=\"auto, (max-width: 1024px) 100vw, 1024px\" \/><\/figure>\n\n\n\n<p>O prefeito Robson Magela nomear\u00e1 o empres\u00e1rio Italo Marcus Fonseca Borges para assumir a Secretaria Municipal de Desenvolvimento Econ\u00f4mico, Inova\u00e7\u00e3o e Turismo na pr\u00f3xima sexta-feira (1\u00ba). Italo atualmente \u00e9 diretor da Associa\u00e7\u00e3o Comercial, Industrial, de Turismo, Servi\u00e7os e Agroneg\u00f3cios de Arax\u00e1 (Acia), na fun\u00e7\u00e3o de 2\u00ba tesoureiro.<br><br>Ele assume a secretaria no lugar do empres\u00e1rio Juliano Cesar da Silva, que estava na pasta desde o in\u00edcio da gest\u00e3o e comunicou pessoalmente seu desligamento do cargo ao prefeito Robson Magela alegando motivos pessoais.<br><br>Italo Borges tem 57 anos, \u00e9 formado em Tecnologia de Processamento de Dados e p\u00f3s-graduado em Comunica\u00e7\u00e3o de Dados e Gest\u00e3o de Projetos, atuando na \u00e1rea de tecnologia por mais de 20 anos, em empresas como Ita\u00fa e RM Sistemas.<br><br>Atualmente, al\u00e9m de diretor na Acia, o futuro secret\u00e1rio empreende nos segmentos de neg\u00f3cios imobili\u00e1rios e de varejo e atacado de produtos de utilidades dom\u00e9sticas e equipamentos para bares e restaurantes.<br><br>O prefeito Robson Magela agradeceu o empres\u00e1rio Juliano Cesar pelos mais de 3 anos de servi\u00e7os prestados \u00e0 comunidade. \u201cFoi um secret\u00e1rio muito atuante e que se destacou pelo trabalho de organiza\u00e7\u00e3o e apoio a in\u00fameros eventos como o Encontro de Carros Antigos, Expoqueijo e Balonismo, que nunca tinha acontecido na nossa cidade, al\u00e9m da implanta\u00e7\u00e3o do aplicativo Colab Cidad\u00e3o e de resultados expressivos no fomento empresarial. Desejamos ao Juliano muito sucesso em seus futuros desafios\u201d, diz.<br><br>Juliano Cesar agradeceu o prefeito pela oportunidade de ter ficado \u00e0 frente da secretaria. \u201cDesde o in\u00edcio da gest\u00e3o, somaram-se tr\u00eas anos de muito trabalho, aprendizado e conviv\u00eancia, pautada pela gest\u00e3o t\u00e9cnica, respons\u00e1vel e comprometida com os araxaenses, evidenciada pela valoriza\u00e7\u00e3o de in\u00fameras a\u00e7\u00f5es pautadas no Desenvolvimento Econ\u00f4mico e do Turismo de nossa cidade.\u201d<br><br>J\u00e1 para o novo secret\u00e1rio, o prefeito Robson Magela deseja as boas-vindas e coloca a Administra\u00e7\u00e3o Municipal de portas abertas para apoiar as futuras a\u00e7\u00f5es.<br><br>\u201cO empres\u00e1rio Italo Borges \u00e9 muito articulado e tem uma extensa atua\u00e7\u00e3o na iniciativa privada nos ramos de empreendedorismo e tecnologia de informa\u00e7\u00e3o. Temos uma grande expectativa que toda sua experi\u00eancia vem para somar com o andamento das atividades da secretaria e implanta\u00e7\u00e3o de novos projetos\u201d, conclui o prefeito.<\/p>\n","protected":false},"excerpt":{"rendered":"<p>O prefeito Robson Magela nomear\u00e1 o empres\u00e1rio Italo Marcus Fonseca Borges para assumir a Secretaria Municipal de Desenvolvimento Econ\u00f4mico, Inova\u00e7\u00e3o<\/p>\n","protected":false},"author":2,"featured_media":7232,"comment_status":"open","ping_status":"open","sticky":false,"template":"","format":"standard","meta":{"footnotes":""},"categories":[9,11],"tags":[],"class_list":["post-7231","post","type-post","status-publish","format-standard","has-post-thumbnail","hentry","category-araxa","category-destaques"],"_links":{"self":[{"href":"http:\/\/blogdoarmindomaia.com.br\/index.php?rest_route=\/wp\/v2\/posts\/7231","targetHints":{"allow":["GET"]}}],"collection":[{"href":"http:\/\/blogdoarmindomaia.com.br\/index.php?rest_route=\/wp\/v2\/posts"}],"about":[{"href":"http:\/\/blogdoarmindomaia.com.br\/index.php?rest_route=\/wp\/v2\/types\/post"}],"author":[{"embeddable":true,"href":"http:\/\/blogdoarmindomaia.com.br\/index.php?rest_route=\/wp\/v2\/users\/2"}],"replies":[{"embeddable":true,"href":"http:\/\/blogdoarmindomaia.com.br\/index.php?rest_route=%2Fwp%2Fv2%2Fcomments&post=7231"}],"version-history":[{"count":1,"href":"http:\/\/blogdoarmindomaia.com.br\/index.php?rest_route=\/wp\/v2\/posts\/7231\/revisions"}],"predecessor-version":[{"id":7233,"href":"http:\/\/blogdoarmindomaia.com.br\/index.php?rest_route=\/wp\/v2\/posts\/7231\/revisions\/7233"}],"wp:featuredmedia":[{"embeddable":true,"href":"http:\/\/blogdoarmindomaia.com.br\/index.php?rest_route=\/wp\/v2\/media\/7232"}],"wp:attachment":[{"href":"http:\/\/blogdoarmindomaia.com.br\/index.php?rest_route=%2Fwp%2Fv2%2Fmedia&parent=7231"}],"wp:term":[{"taxonomy":"category","embeddable":true,"href":"http:\/\/blogdoarmindomaia.com.br\/index.php?rest_route=%2Fwp%2Fv2%2Fcategories&post=7231"},{"taxonomy":"post_tag","embeddable":true,"href":"http:\/\/blogdoarmindomaia.com.br\/index.php?rest_route=%2Fwp%2Fv2%2Ftags&post=7231"}],"curies":[{"name":"wp","href":"https:\/\/api.w.org\/{rel}","templated":true}]}}