{"id":7235,"date":"2024-03-01T16:32:35","date_gmt":"2024-03-01T19:32:35","guid":{"rendered":"http:\/\/blogdoarmindomaia.com.br\/?p=7235"},"modified":"2024-03-01T16:32:40","modified_gmt":"2024-03-01T19:32:40","slug":"ampara-promove-mega-bazar-do-dia-1-a-9-de-marco","status":"publish","type":"post","link":"http:\/\/blogdoarmindomaia.com.br\/?p=7235","title":{"rendered":"Ampara promove Mega Bazar do dia 1\u00b0 a 9 de mar\u00e7o"},"content":{"rendered":"\n<figure class=\"wp-block-image size-full is-style-default\"><img loading=\"lazy\" decoding=\"async\" width=\"892\" height=\"597\" src=\"http:\/\/blogdoarmindomaia.com.br\/wp-content\/uploads\/2024\/03\/bazar-ampara.png\" alt=\"\" class=\"wp-image-7236\" srcset=\"http:\/\/blogdoarmindomaia.com.br\/wp-content\/uploads\/2024\/03\/bazar-ampara.png 892w, http:\/\/blogdoarmindomaia.com.br\/wp-content\/uploads\/2024\/03\/bazar-ampara-300x201.png 300w, http:\/\/blogdoarmindomaia.com.br\/wp-content\/uploads\/2024\/03\/bazar-ampara-768x514.png 768w\" sizes=\"auto, (max-width: 892px) 100vw, 892px\" \/><\/figure>\n\n\n\n<p>A Associa\u00e7\u00e3o de Amparo \u00e0s Pessoas com C\u00e2ncer de Arax\u00e1 (Ampara) realiza entre os dias 1\u00b0 a 9 de mar\u00e7o, um Mega Bazar Beneficente. O evento acontecer\u00e1 na casa ao lado da associa\u00e7\u00e3o, de segunda a sexta, das 8h \u00e0s 18h e s\u00e1bado e domingo das 8h \u00e0s 14h. Com o intuito de arrecadar fundos para o tratamento dos assistidos pela institui\u00e7\u00e3o, o bazar contar\u00e1 com uma variedade de op\u00e7\u00f5es, incluindo roupas femininas, masculinas e infantis, al\u00e9m de cal\u00e7ados e acess\u00f3rios. A proposta visa oferecer \u00e0 popula\u00e7\u00e3o a oportunidade de adquirir vestimentas de qualidade a pre\u00e7os acess\u00edveis, enquanto contribui para uma causa nobre. Al\u00e9m do bazar itinerante que ocorrer\u00e1 durante o per\u00edodo especificado, a Ampara mant\u00e9m um bazar em anexo \u00e0 institui\u00e7\u00e3o, funcionando regularmente de segunda a s\u00e1bado. Todas as pe\u00e7as dispon\u00edveis nos bazares s\u00e3o obtidas por meio de doa\u00e7\u00f5es \u00e0 associa\u00e7\u00e3o, passando por uma triagem antes de serem colocadas \u00e0 venda. De acordo com a coordenadora da Ampara, Juliana Machado, os recursos arrecadados com as vendas ser\u00e3o revertidos na aquisi\u00e7\u00e3o de medicamentos e suplementos para os assistidos, visando auxiliar no custeio dos produtos essenciais para o tratamento oncol\u00f3gico, que frequentemente representam um alto custo financeiro.<br><br>.<\/p>\n","protected":false},"excerpt":{"rendered":"<p>A Associa\u00e7\u00e3o de Amparo \u00e0s Pessoas com C\u00e2ncer de Arax\u00e1 (Ampara) realiza entre os dias 1\u00b0 a 9 de mar\u00e7o,<\/p>\n","protected":false},"author":2,"featured_media":7236,"comment_status":"open","ping_status":"open","sticky":false,"template":"","format":"standard","meta":{"footnotes":""},"categories":[9,11],"tags":[],"class_list":["post-7235","post","type-post","status-publish","format-standard","has-post-thumbnail","hentry","category-araxa","category-destaques"],"_links":{"self":[{"href":"http:\/\/blogdoarmindomaia.com.br\/index.php?rest_route=\/wp\/v2\/posts\/7235","targetHints":{"allow":["GET"]}}],"collection":[{"href":"http:\/\/blogdoarmindomaia.com.br\/index.php?rest_route=\/wp\/v2\/posts"}],"about":[{"href":"http:\/\/blogdoarmindomaia.com.br\/index.php?rest_route=\/wp\/v2\/types\/post"}],"author":[{"embeddable":true,"href":"http:\/\/blogdoarmindomaia.com.br\/index.php?rest_route=\/wp\/v2\/users\/2"}],"replies":[{"embeddable":true,"href":"http:\/\/blogdoarmindomaia.com.br\/index.php?rest_route=%2Fwp%2Fv2%2Fcomments&post=7235"}],"version-history":[{"count":1,"href":"http:\/\/blogdoarmindomaia.com.br\/index.php?rest_route=\/wp\/v2\/posts\/7235\/revisions"}],"predecessor-version":[{"id":7237,"href":"http:\/\/blogdoarmindomaia.com.br\/index.php?rest_route=\/wp\/v2\/posts\/7235\/revisions\/7237"}],"wp:featuredmedia":[{"embeddable":true,"href":"http:\/\/blogdoarmindomaia.com.br\/index.php?rest_route=\/wp\/v2\/media\/7236"}],"wp:attachment":[{"href":"http:\/\/blogdoarmindomaia.com.br\/index.php?rest_route=%2Fwp%2Fv2%2Fmedia&parent=7235"}],"wp:term":[{"taxonomy":"category","embeddable":true,"href":"http:\/\/blogdoarmindomaia.com.br\/index.php?rest_route=%2Fwp%2Fv2%2Fcategories&post=7235"},{"taxonomy":"post_tag","embeddable":true,"href":"http:\/\/blogdoarmindomaia.com.br\/index.php?rest_route=%2Fwp%2Fv2%2Ftags&post=7235"}],"curies":[{"name":"wp","href":"https:\/\/api.w.org\/{rel}","templated":true}]}}