{"id":7238,"date":"2024-03-01T16:35:05","date_gmt":"2024-03-01T19:35:05","guid":{"rendered":"http:\/\/blogdoarmindomaia.com.br\/?p=7238"},"modified":"2024-03-01T16:35:07","modified_gmt":"2024-03-01T19:35:07","slug":"escritor-e-jornalista-araxasense-domingos-antunes-guimaraes-sera-destaque-no-programa-to-indo-deste-sabado","status":"publish","type":"post","link":"http:\/\/blogdoarmindomaia.com.br\/?p=7238","title":{"rendered":"Escritor e jornalista araxasense Domingos Antunes Guimar\u00e3es ser\u00e1 destaque no Programa \u201cT\u00f4 Indo\u201d deste s\u00e1bado"},"content":{"rendered":"\n<figure class=\"wp-block-image size-large is-style-default\"><img loading=\"lazy\" decoding=\"async\" width=\"1024\" height=\"576\" src=\"http:\/\/blogdoarmindomaia.com.br\/wp-content\/uploads\/2024\/03\/Domingos-To-Indo-1024x576.jpg\" alt=\"\" class=\"wp-image-7239\" srcset=\"http:\/\/blogdoarmindomaia.com.br\/wp-content\/uploads\/2024\/03\/Domingos-To-Indo-1024x576.jpg 1024w, http:\/\/blogdoarmindomaia.com.br\/wp-content\/uploads\/2024\/03\/Domingos-To-Indo-300x169.jpg 300w, http:\/\/blogdoarmindomaia.com.br\/wp-content\/uploads\/2024\/03\/Domingos-To-Indo-768x432.jpg 768w, http:\/\/blogdoarmindomaia.com.br\/wp-content\/uploads\/2024\/03\/Domingos-To-Indo-1536x864.jpg 1536w, http:\/\/blogdoarmindomaia.com.br\/wp-content\/uploads\/2024\/03\/Domingos-To-Indo.jpg 1600w\" sizes=\"auto, (max-width: 1024px) 100vw, 1024px\" \/><\/figure>\n\n\n\n<p>Neste final de semana, o programa \u201cT\u00f4 Indo\u201d estar\u00e1 entrevistando o escritor e jornalista Domingos Antunes Guimar\u00e3es de Arax\u00e1, sobre sua vida de jornalista e escritor que completou recentemente mais de 50 anos de hist\u00f3ria dentro da comunica\u00e7\u00e3o araxaense. O programa ir\u00e1 ao ar neste s\u00e1bado dia 02\u00a0 as 11.45 pela TV Integra\u00e7\u00e3o e no Domingo dia 03 logo ap\u00f3s a transmiss\u00e3o da Missa pela Globo Minas. Domingos Antunes acaba de imprimir o II VOLUME de seu mais conhecido livro <strong>Conceitos e Conclus\u00f5es \u2013 um jeito diferente de ver o mundo, patrocinado pela GRAN MILHO <\/strong>como forma de reconhecimento ao seu trabalho dedicado \u00e0 comunica\u00e7\u00e3o e \u00e0 cultura em nossa cidade com repercuss\u00e3o em todo o Brasil e at\u00e9 no exterior.<\/p>\n","protected":false},"excerpt":{"rendered":"<p>Neste final de semana, o programa \u201cT\u00f4 Indo\u201d estar\u00e1 entrevistando o escritor e jornalista Domingos Antunes Guimar\u00e3es de Arax\u00e1, sobre<\/p>\n","protected":false},"author":2,"featured_media":7239,"comment_status":"open","ping_status":"open","sticky":false,"template":"","format":"standard","meta":{"footnotes":""},"categories":[9,11],"tags":[],"class_list":["post-7238","post","type-post","status-publish","format-standard","has-post-thumbnail","hentry","category-araxa","category-destaques"],"_links":{"self":[{"href":"http:\/\/blogdoarmindomaia.com.br\/index.php?rest_route=\/wp\/v2\/posts\/7238","targetHints":{"allow":["GET"]}}],"collection":[{"href":"http:\/\/blogdoarmindomaia.com.br\/index.php?rest_route=\/wp\/v2\/posts"}],"about":[{"href":"http:\/\/blogdoarmindomaia.com.br\/index.php?rest_route=\/wp\/v2\/types\/post"}],"author":[{"embeddable":true,"href":"http:\/\/blogdoarmindomaia.com.br\/index.php?rest_route=\/wp\/v2\/users\/2"}],"replies":[{"embeddable":true,"href":"http:\/\/blogdoarmindomaia.com.br\/index.php?rest_route=%2Fwp%2Fv2%2Fcomments&post=7238"}],"version-history":[{"count":1,"href":"http:\/\/blogdoarmindomaia.com.br\/index.php?rest_route=\/wp\/v2\/posts\/7238\/revisions"}],"predecessor-version":[{"id":7240,"href":"http:\/\/blogdoarmindomaia.com.br\/index.php?rest_route=\/wp\/v2\/posts\/7238\/revisions\/7240"}],"wp:featuredmedia":[{"embeddable":true,"href":"http:\/\/blogdoarmindomaia.com.br\/index.php?rest_route=\/wp\/v2\/media\/7239"}],"wp:attachment":[{"href":"http:\/\/blogdoarmindomaia.com.br\/index.php?rest_route=%2Fwp%2Fv2%2Fmedia&parent=7238"}],"wp:term":[{"taxonomy":"category","embeddable":true,"href":"http:\/\/blogdoarmindomaia.com.br\/index.php?rest_route=%2Fwp%2Fv2%2Fcategories&post=7238"},{"taxonomy":"post_tag","embeddable":true,"href":"http:\/\/blogdoarmindomaia.com.br\/index.php?rest_route=%2Fwp%2Fv2%2Ftags&post=7238"}],"curies":[{"name":"wp","href":"https:\/\/api.w.org\/{rel}","templated":true}]}}