{"id":7249,"date":"2024-03-04T11:26:49","date_gmt":"2024-03-04T14:26:49","guid":{"rendered":"http:\/\/blogdoarmindomaia.com.br\/?p=7249"},"modified":"2024-03-04T11:26:51","modified_gmt":"2024-03-04T14:26:51","slug":"araxa-viabiliza-recursos-federais-para-momento-emergencial-de-enfrentamento-a-dengue","status":"publish","type":"post","link":"http:\/\/blogdoarmindomaia.com.br\/?p=7249","title":{"rendered":"\u00a0Arax\u00e1 viabiliza recursos federais para momento emergencial de enfrentamento \u00e0 dengue"},"content":{"rendered":"\n<figure class=\"wp-block-image size-large is-style-default\"><img loading=\"lazy\" decoding=\"async\" width=\"1024\" height=\"506\" src=\"http:\/\/blogdoarmindomaia.com.br\/wp-content\/uploads\/2024\/03\/Araxa-viabiliza-recursos-federais-para-momento-emergencial-de-enfrentamento-a-dengue-pag-03-1024x506.jpeg\" alt=\"\" class=\"wp-image-7250\" srcset=\"http:\/\/blogdoarmindomaia.com.br\/wp-content\/uploads\/2024\/03\/Araxa-viabiliza-recursos-federais-para-momento-emergencial-de-enfrentamento-a-dengue-pag-03-1024x506.jpeg 1024w, http:\/\/blogdoarmindomaia.com.br\/wp-content\/uploads\/2024\/03\/Araxa-viabiliza-recursos-federais-para-momento-emergencial-de-enfrentamento-a-dengue-pag-03-300x148.jpeg 300w, http:\/\/blogdoarmindomaia.com.br\/wp-content\/uploads\/2024\/03\/Araxa-viabiliza-recursos-federais-para-momento-emergencial-de-enfrentamento-a-dengue-pag-03-768x380.jpeg 768w, http:\/\/blogdoarmindomaia.com.br\/wp-content\/uploads\/2024\/03\/Araxa-viabiliza-recursos-federais-para-momento-emergencial-de-enfrentamento-a-dengue-pag-03.jpeg 1280w\" sizes=\"auto, (max-width: 1024px) 100vw, 1024px\" \/><\/figure>\n\n\n\n<p>O prefeito municipal viabilizou recursos federais para refor\u00e7ar as a\u00e7\u00f5es do Plano de Combate \u00e0 Dengue em Arax\u00e1, durante audi\u00eancia no Minist\u00e9rio da Sa\u00fade , em Bras\u00edlia.<br><br>O prefeito Robson Magela esteve acompanhado pelo assessor de Rela\u00e7\u00f5es Interinstitucionais, Sebasti\u00e3o Donizete de Souza, e se reuniu com a secret\u00e1ria adjunta da Secretaria Nacional de Vigil\u00e2ncia em Sa\u00fade e Ambiente, Ang\u00e9lica Espinosa Barbosa Miranda, e com a t\u00e9cnica da Coordena\u00e7\u00e3o Geral de Vigil\u00e2ncia das Arboviroses, Kauara Brito Campos, que sinalizaram positivamente a destina\u00e7\u00e3o de recursos para Arax\u00e1.<br><br>Para buscar os recursos, o prefeito Robson Magela decretou, tamb\u00e9m nesta quarta (28), Situa\u00e7\u00e3o de Emerg\u00eancia P\u00fablica em raz\u00e3o do cen\u00e1rio epidemiol\u00f3gico de casos de dengue e da necessidade de a\u00e7\u00f5es para preservar a sa\u00fade da popula\u00e7\u00e3o, com medidas administrativas e assistenciais \u00e0 conten\u00e7\u00e3o do aumento de casos de arboviroses.<br><br>At\u00e9 o momento, Arax\u00e1 est\u00e1 com 889 casos confirmados de dengue e 3 casos registrados de febre chikungunya. Com o decreto, al\u00e9m da viabiliza\u00e7\u00e3o de recursos federais, a Secretaria Municipal de Sa\u00fade vai instituir diretrizes gerais para o enfrentamento da Situa\u00e7\u00e3o de Emerg\u00eancia.<br><br>\u201cFoi uma reuni\u00e3o extremamente positiva e importante para que consegu\u00edssemos esses recursos t\u00e3o fundamentais para o combate \u00e0 dengue e outras doen\u00e7as causadas pelo mosquito Aedes aegypti. \u00c9 uma situa\u00e7\u00e3o que atinge todo o Estado de Minas Gerais, e com esse aporte financeiro poderemos buscar o que for necess\u00e1rio para conter esse momento emergencial que Arax\u00e1 est\u00e1 passando\u201d, destaca o prefeito Robson Magela.<br><\/p>\n","protected":false},"excerpt":{"rendered":"<p>O prefeito municipal viabilizou recursos federais para refor\u00e7ar as a\u00e7\u00f5es do Plano de Combate \u00e0 Dengue em Arax\u00e1, durante audi\u00eancia<\/p>\n","protected":false},"author":2,"featured_media":7250,"comment_status":"open","ping_status":"open","sticky":false,"template":"","format":"standard","meta":{"footnotes":""},"categories":[9,11],"tags":[],"class_list":["post-7249","post","type-post","status-publish","format-standard","has-post-thumbnail","hentry","category-araxa","category-destaques"],"_links":{"self":[{"href":"http:\/\/blogdoarmindomaia.com.br\/index.php?rest_route=\/wp\/v2\/posts\/7249","targetHints":{"allow":["GET"]}}],"collection":[{"href":"http:\/\/blogdoarmindomaia.com.br\/index.php?rest_route=\/wp\/v2\/posts"}],"about":[{"href":"http:\/\/blogdoarmindomaia.com.br\/index.php?rest_route=\/wp\/v2\/types\/post"}],"author":[{"embeddable":true,"href":"http:\/\/blogdoarmindomaia.com.br\/index.php?rest_route=\/wp\/v2\/users\/2"}],"replies":[{"embeddable":true,"href":"http:\/\/blogdoarmindomaia.com.br\/index.php?rest_route=%2Fwp%2Fv2%2Fcomments&post=7249"}],"version-history":[{"count":1,"href":"http:\/\/blogdoarmindomaia.com.br\/index.php?rest_route=\/wp\/v2\/posts\/7249\/revisions"}],"predecessor-version":[{"id":7251,"href":"http:\/\/blogdoarmindomaia.com.br\/index.php?rest_route=\/wp\/v2\/posts\/7249\/revisions\/7251"}],"wp:featuredmedia":[{"embeddable":true,"href":"http:\/\/blogdoarmindomaia.com.br\/index.php?rest_route=\/wp\/v2\/media\/7250"}],"wp:attachment":[{"href":"http:\/\/blogdoarmindomaia.com.br\/index.php?rest_route=%2Fwp%2Fv2%2Fmedia&parent=7249"}],"wp:term":[{"taxonomy":"category","embeddable":true,"href":"http:\/\/blogdoarmindomaia.com.br\/index.php?rest_route=%2Fwp%2Fv2%2Fcategories&post=7249"},{"taxonomy":"post_tag","embeddable":true,"href":"http:\/\/blogdoarmindomaia.com.br\/index.php?rest_route=%2Fwp%2Fv2%2Ftags&post=7249"}],"curies":[{"name":"wp","href":"https:\/\/api.w.org\/{rel}","templated":true}]}}