{"id":7252,"date":"2024-03-05T11:01:56","date_gmt":"2024-03-05T14:01:56","guid":{"rendered":"http:\/\/blogdoarmindomaia.com.br\/?p=7252"},"modified":"2024-03-05T11:01:59","modified_gmt":"2024-03-05T14:01:59","slug":"oab-subsecao-de-araxa-inaugura-sede-propria","status":"publish","type":"post","link":"http:\/\/blogdoarmindomaia.com.br\/?p=7252","title":{"rendered":"OAB Subse\u00e7\u00e3o de Arax\u00e1 inaugura sede pr\u00f3pria"},"content":{"rendered":"\n<figure class=\"wp-block-image size-full is-style-default\"><img loading=\"lazy\" decoding=\"async\" width=\"1025\" height=\"683\" src=\"http:\/\/blogdoarmindomaia.com.br\/wp-content\/uploads\/2024\/03\/OAB-Inauguracao-1.jpeg\" alt=\"\" class=\"wp-image-7253\" srcset=\"http:\/\/blogdoarmindomaia.com.br\/wp-content\/uploads\/2024\/03\/OAB-Inauguracao-1.jpeg 1025w, http:\/\/blogdoarmindomaia.com.br\/wp-content\/uploads\/2024\/03\/OAB-Inauguracao-1-300x200.jpeg 300w, http:\/\/blogdoarmindomaia.com.br\/wp-content\/uploads\/2024\/03\/OAB-Inauguracao-1-768x512.jpeg 768w\" sizes=\"auto, (max-width: 1025px) 100vw, 1025px\" \/><\/figure>\n\n\n\n<figure class=\"wp-block-image size-full is-style-default\"><img loading=\"lazy\" decoding=\"async\" width=\"1025\" height=\"683\" src=\"http:\/\/blogdoarmindomaia.com.br\/wp-content\/uploads\/2024\/03\/OAB-Subsecao-de-Araxa-inaugura-sede-propria-pag-09.jpeg\" alt=\"\" class=\"wp-image-7254\" srcset=\"http:\/\/blogdoarmindomaia.com.br\/wp-content\/uploads\/2024\/03\/OAB-Subsecao-de-Araxa-inaugura-sede-propria-pag-09.jpeg 1025w, http:\/\/blogdoarmindomaia.com.br\/wp-content\/uploads\/2024\/03\/OAB-Subsecao-de-Araxa-inaugura-sede-propria-pag-09-300x200.jpeg 300w, http:\/\/blogdoarmindomaia.com.br\/wp-content\/uploads\/2024\/03\/OAB-Subsecao-de-Araxa-inaugura-sede-propria-pag-09-768x512.jpeg 768w\" sizes=\"auto, (max-width: 1025px) 100vw, 1025px\" \/><\/figure>\n\n\n\n<p>A Ordem dos Advogados do Brasil (OAB) inaugurou sua sede pr\u00f3pria na \u00faltima sexta-feira (1\u00b0). A \u00e1rea de 1.600 m\u00b2 foi doada pela Prefeitura de Arax\u00e1 e est\u00e1 localizada na Alameda Aconc\u00e1gua, n\u00b0 100, no bairro Guilhermina Vieira Chaer. A edifica\u00e7\u00e3o vai atender quase 1.000 advogados de Arax\u00e1 e regi\u00e3o inscritos na 33\u00aa subse\u00e7\u00e3o.<br><br>O evento contou com a presen\u00e7a do prefeito de Arax\u00e1, Robson Magela; da presidente da OAB Arax\u00e1, D\u00e9bora de Melo Vale; do presidente da OAB Minas Gerais, S\u00e9rgio Rodrigues Leonardo; do presidente da Caixa de Assist\u00eancia dos Advogados de Minas Gerais, Gustavo Chalfun; presidentes de outras subse\u00e7\u00f5es; advogados e demais autoridades.<br><br>A estrutura do pr\u00e9dio, que leva o nome do advogado Jos\u00e9 Gald\u00eancio Rocha da Cunha, conta com sete salas que ser\u00e3o divididas em: sala de reuni\u00e3o, sala de aprendizagem com capacidade para 33 advogados, sala da presid\u00eancia, sala do Conselho Subseccional e de \u00c9tica e Disciplina, sala de apoio aos advogados, sala de videoconfer\u00eancia e sala administrativa, al\u00e9m de banheiros e recep\u00e7\u00e3o. A expectativa \u00e9 que, em m\u00e9dia, 100 profissionais sejam atendidos por dia.<br><br>A presidente da OAB Arax\u00e1, D\u00e9bora Vale, ressalta que a inaugura\u00e7\u00e3o ir\u00e1 proporcionar um espa\u00e7o mais acess\u00edvel aos advogados inscritos na subse\u00e7\u00e3o. &nbsp;<br><br>\u201cA OAB Arax\u00e1 pleiteava a constru\u00e7\u00e3o da sede pr\u00f3pria desde 2012, mas somente em 2021, com a doa\u00e7\u00e3o do terreno pela Prefeitura, que conseguimos viabilizar a realiza\u00e7\u00e3o deste sonho. Quando procuramos uma \u00e1rea para constru\u00e7\u00e3o, prontamente fomos atendidos pela administra\u00e7\u00e3o, que entende que a OAB \u00e9 uma institui\u00e7\u00e3o de grande import\u00e2ncia e relev\u00e2ncia&#8221;, destaca.<br><br>Para o presidente da OAB-MG, S\u00e9rgio Leonardo, a inaugura\u00e7\u00e3o da nova sede garante mais visibilidade institucional. \u201cA doa\u00e7\u00e3o do terreno revela uma sensibilidade da municipalidade de compreender a import\u00e2ncia da OAB, que \u00e9 a maior e mais respeitada entidade da sociedade civil organizada, e de compreender que ela vai devolver para a comunidade uma fun\u00e7\u00e3o p\u00fablica por meio de seu trabalho institucional\u201d, diz.<br><br>O prefeito Robson Magela ressalta a satisfa\u00e7\u00e3o de o munic\u00edpio ter contribu\u00eddo para a constru\u00e7\u00e3o da sede pr\u00f3pria da OAB em Arax\u00e1. \u201cToda a popula\u00e7\u00e3o tem a ganhar. Al\u00e9m de beneficiar a classe dos advogados, ser\u00e1 um ganho importante para a cidade ter este espa\u00e7o que contribui para a promo\u00e7\u00e3o do exerc\u00edcio da cidadania\u201d, conclui.<\/p>\n","protected":false},"excerpt":{"rendered":"<p>A Ordem dos Advogados do Brasil (OAB) inaugurou sua sede pr\u00f3pria na \u00faltima sexta-feira (1\u00b0). A \u00e1rea de 1.600 m\u00b2<\/p>\n","protected":false},"author":2,"featured_media":7253,"comment_status":"open","ping_status":"open","sticky":false,"template":"","format":"standard","meta":{"footnotes":""},"categories":[9,11],"tags":[],"class_list":["post-7252","post","type-post","status-publish","format-standard","has-post-thumbnail","hentry","category-araxa","category-destaques"],"_links":{"self":[{"href":"http:\/\/blogdoarmindomaia.com.br\/index.php?rest_route=\/wp\/v2\/posts\/7252","targetHints":{"allow":["GET"]}}],"collection":[{"href":"http:\/\/blogdoarmindomaia.com.br\/index.php?rest_route=\/wp\/v2\/posts"}],"about":[{"href":"http:\/\/blogdoarmindomaia.com.br\/index.php?rest_route=\/wp\/v2\/types\/post"}],"author":[{"embeddable":true,"href":"http:\/\/blogdoarmindomaia.com.br\/index.php?rest_route=\/wp\/v2\/users\/2"}],"replies":[{"embeddable":true,"href":"http:\/\/blogdoarmindomaia.com.br\/index.php?rest_route=%2Fwp%2Fv2%2Fcomments&post=7252"}],"version-history":[{"count":1,"href":"http:\/\/blogdoarmindomaia.com.br\/index.php?rest_route=\/wp\/v2\/posts\/7252\/revisions"}],"predecessor-version":[{"id":7255,"href":"http:\/\/blogdoarmindomaia.com.br\/index.php?rest_route=\/wp\/v2\/posts\/7252\/revisions\/7255"}],"wp:featuredmedia":[{"embeddable":true,"href":"http:\/\/blogdoarmindomaia.com.br\/index.php?rest_route=\/wp\/v2\/media\/7253"}],"wp:attachment":[{"href":"http:\/\/blogdoarmindomaia.com.br\/index.php?rest_route=%2Fwp%2Fv2%2Fmedia&parent=7252"}],"wp:term":[{"taxonomy":"category","embeddable":true,"href":"http:\/\/blogdoarmindomaia.com.br\/index.php?rest_route=%2Fwp%2Fv2%2Fcategories&post=7252"},{"taxonomy":"post_tag","embeddable":true,"href":"http:\/\/blogdoarmindomaia.com.br\/index.php?rest_route=%2Fwp%2Fv2%2Ftags&post=7252"}],"curies":[{"name":"wp","href":"https:\/\/api.w.org\/{rel}","templated":true}]}}