{"id":7265,"date":"2024-03-07T11:35:08","date_gmt":"2024-03-07T14:35:08","guid":{"rendered":"http:\/\/blogdoarmindomaia.com.br\/?p=7265"},"modified":"2024-03-07T11:35:09","modified_gmt":"2024-03-07T14:35:09","slug":"escolas-publicas-de-araxa-recebem-palestras-sobre-prevencao-da-gravidez-na-adolescencia","status":"publish","type":"post","link":"http:\/\/blogdoarmindomaia.com.br\/?p=7265","title":{"rendered":"Escolas p\u00fablicas de Arax\u00e1 recebem palestras sobre preven\u00e7\u00e3o da gravidez na adolesc\u00eancia"},"content":{"rendered":"\n<figure class=\"wp-block-image size-large is-style-default\"><img loading=\"lazy\" decoding=\"async\" width=\"1024\" height=\"768\" src=\"http:\/\/blogdoarmindomaia.com.br\/wp-content\/uploads\/2024\/03\/Escolas-publicas-de-Araxa-recebem-palestras-sobre-prevencao-da-gravidez-na-adolescencia-pag-03-1024x768.jpeg\" alt=\"\" class=\"wp-image-7266\" srcset=\"http:\/\/blogdoarmindomaia.com.br\/wp-content\/uploads\/2024\/03\/Escolas-publicas-de-Araxa-recebem-palestras-sobre-prevencao-da-gravidez-na-adolescencia-pag-03-1024x768.jpeg 1024w, http:\/\/blogdoarmindomaia.com.br\/wp-content\/uploads\/2024\/03\/Escolas-publicas-de-Araxa-recebem-palestras-sobre-prevencao-da-gravidez-na-adolescencia-pag-03-300x225.jpeg 300w, http:\/\/blogdoarmindomaia.com.br\/wp-content\/uploads\/2024\/03\/Escolas-publicas-de-Araxa-recebem-palestras-sobre-prevencao-da-gravidez-na-adolescencia-pag-03-768x576.jpeg 768w, http:\/\/blogdoarmindomaia.com.br\/wp-content\/uploads\/2024\/03\/Escolas-publicas-de-Araxa-recebem-palestras-sobre-prevencao-da-gravidez-na-adolescencia-pag-03-1536x1152.jpeg 1536w, http:\/\/blogdoarmindomaia.com.br\/wp-content\/uploads\/2024\/03\/Escolas-publicas-de-Araxa-recebem-palestras-sobre-prevencao-da-gravidez-na-adolescencia-pag-03.jpeg 1600w\" sizes=\"auto, (max-width: 1024px) 100vw, 1024px\" \/><\/figure>\n\n\n\n<p>Orientar e educar para prevenir. Uma parceria entre as Secretarias Municipais de A\u00e7\u00e3o Social e de Educa\u00e7\u00e3o est\u00e1 realizando palestras de preven\u00e7\u00e3o da gravidez na adolesc\u00eancia para alunos de escolas p\u00fablicas.<br><br>A a\u00e7\u00e3o tem como objetivo disseminar informa\u00e7\u00f5es preventivas e educativas que contribuam para a redu\u00e7\u00e3o da incid\u00eancia da gravidez na adolesc\u00eancia, assim como a preven\u00e7\u00e3o de infec\u00e7\u00f5es sexualmente transmiss\u00edveis (ISTs).<br><br>As palestras acontecem na Escola Municipal Professora Auxiliadora Paiva, Escola Municipal Professora Rom\u00e1lia Porf\u00edrio de Azevedo Leite, Escola Municipal Aziz J. Chaer, Escola Municipal Professora Leonilda Montandon e Escola Estadual Rotary.<br><br>A coordenadora do Centro de Testagem e Aconselhamento (CTA), Roberta Duarte da Silva, afirma que as palestras buscam realizar uma educa\u00e7\u00e3o sexual integrada e compreensiva, visando promover o bem-estar de todos os adolescentes.<br><br>\u201cSabemos que as implica\u00e7\u00f5es de uma gravidez precoce na adolesc\u00eancia causam e tamb\u00e9m aumentam o n\u00famero de jovens que deixam o ambiente escolar. Por isso, trazer esse tema junto \u00e0 juventude \u00e9 fundamental. E a a\u00e7\u00e3o tamb\u00e9m pretende sanar as d\u00favidas dos alunos de forma correta sobre um tema t\u00e3o importante e delicado\u201d, refor\u00e7a.<br><br>O secret\u00e1rio municipal de A\u00e7\u00e3o Social, Wagner Cruz, destaca que o tema no \u00e2mbito do social consiste em uma a\u00e7\u00e3o de car\u00e1ter proativo, preventivo e protetivo.<br><br>\u201cA gesta\u00e7\u00e3o de adolescentes tem grandes repercuss\u00f5es sociais, levando muitas vezes o jovem \u00e0 quebra de v\u00ednculos familiares, afastamento dos estudos e mais dificuldade na inser\u00e7\u00e3o ou perman\u00eancia no mercado de trabalho. Por isso, \u00e9 muito importante discutir sobre o tema nas escolas\u201d, explica.<br><\/p>\n","protected":false},"excerpt":{"rendered":"<p>Orientar e educar para prevenir. Uma parceria entre as Secretarias Municipais de A\u00e7\u00e3o Social e de Educa\u00e7\u00e3o est\u00e1 realizando palestras<\/p>\n","protected":false},"author":2,"featured_media":7266,"comment_status":"open","ping_status":"open","sticky":false,"template":"","format":"standard","meta":{"footnotes":""},"categories":[9,11],"tags":[],"class_list":["post-7265","post","type-post","status-publish","format-standard","has-post-thumbnail","hentry","category-araxa","category-destaques"],"_links":{"self":[{"href":"http:\/\/blogdoarmindomaia.com.br\/index.php?rest_route=\/wp\/v2\/posts\/7265","targetHints":{"allow":["GET"]}}],"collection":[{"href":"http:\/\/blogdoarmindomaia.com.br\/index.php?rest_route=\/wp\/v2\/posts"}],"about":[{"href":"http:\/\/blogdoarmindomaia.com.br\/index.php?rest_route=\/wp\/v2\/types\/post"}],"author":[{"embeddable":true,"href":"http:\/\/blogdoarmindomaia.com.br\/index.php?rest_route=\/wp\/v2\/users\/2"}],"replies":[{"embeddable":true,"href":"http:\/\/blogdoarmindomaia.com.br\/index.php?rest_route=%2Fwp%2Fv2%2Fcomments&post=7265"}],"version-history":[{"count":1,"href":"http:\/\/blogdoarmindomaia.com.br\/index.php?rest_route=\/wp\/v2\/posts\/7265\/revisions"}],"predecessor-version":[{"id":7267,"href":"http:\/\/blogdoarmindomaia.com.br\/index.php?rest_route=\/wp\/v2\/posts\/7265\/revisions\/7267"}],"wp:featuredmedia":[{"embeddable":true,"href":"http:\/\/blogdoarmindomaia.com.br\/index.php?rest_route=\/wp\/v2\/media\/7266"}],"wp:attachment":[{"href":"http:\/\/blogdoarmindomaia.com.br\/index.php?rest_route=%2Fwp%2Fv2%2Fmedia&parent=7265"}],"wp:term":[{"taxonomy":"category","embeddable":true,"href":"http:\/\/blogdoarmindomaia.com.br\/index.php?rest_route=%2Fwp%2Fv2%2Fcategories&post=7265"},{"taxonomy":"post_tag","embeddable":true,"href":"http:\/\/blogdoarmindomaia.com.br\/index.php?rest_route=%2Fwp%2Fv2%2Ftags&post=7265"}],"curies":[{"name":"wp","href":"https:\/\/api.w.org\/{rel}","templated":true}]}}