{"id":7268,"date":"2024-03-08T12:14:30","date_gmt":"2024-03-08T15:14:30","guid":{"rendered":"http:\/\/blogdoarmindomaia.com.br\/?p=7268"},"modified":"2024-03-08T12:14:32","modified_gmt":"2024-03-08T15:14:32","slug":"prestacao-de-contas-aponta-reducao-na-arrecadacao-do-municipio","status":"publish","type":"post","link":"http:\/\/blogdoarmindomaia.com.br\/?p=7268","title":{"rendered":"Presta\u00e7\u00e3o de Contas aponta redu\u00e7\u00e3o na arrecada\u00e7\u00e3o do Munic\u00edpio"},"content":{"rendered":"\n<figure class=\"wp-block-image size-large is-style-default\"><img loading=\"lazy\" decoding=\"async\" width=\"1024\" height=\"577\" src=\"http:\/\/blogdoarmindomaia.com.br\/wp-content\/uploads\/2024\/03\/plenario-3-1024x577.jpeg\" alt=\"\" class=\"wp-image-7269\" srcset=\"http:\/\/blogdoarmindomaia.com.br\/wp-content\/uploads\/2024\/03\/plenario-3-1024x577.jpeg 1024w, http:\/\/blogdoarmindomaia.com.br\/wp-content\/uploads\/2024\/03\/plenario-3-300x169.jpeg 300w, http:\/\/blogdoarmindomaia.com.br\/wp-content\/uploads\/2024\/03\/plenario-3-768x432.jpeg 768w, http:\/\/blogdoarmindomaia.com.br\/wp-content\/uploads\/2024\/03\/plenario-3-1536x865.jpeg 1536w, http:\/\/blogdoarmindomaia.com.br\/wp-content\/uploads\/2024\/03\/plenario-3.jpeg 1600w\" sizes=\"auto, (max-width: 1024px) 100vw, 1024px\" \/><\/figure>\n\n\n\n<p>O Plen\u00e1rio Vereador Guilherme Gotelip Neto recebeu no \u00faltimo fim de semana, a, Audi\u00eancia P\u00fablica para apresenta\u00e7\u00e3o da presta\u00e7\u00e3o de contas do Munic\u00edpio, referente ao segundo quadrimestre de 2023. A sess\u00e3o foi dirigida pelo presidente da Casa, vereador Bosco J\u00fanior, que ocupou a mesa diretora juntamente com o secret\u00e1rio municipal de fazenda, Arnildo Morais, e o controlador geral do Munic\u00edpio, Dr. Bruno Borges Almeida. Dr. Bruno foi o respons\u00e1vel pela apresenta\u00e7\u00e3o da presta\u00e7\u00e3o de contas dos meses de maio, junho, julho e agosto de 2023. Ele iniciou sua fala destacando que a presta\u00e7\u00e3o de contas busca cumprir uma determina\u00e7\u00e3o legal, que est\u00e1 atrelada ao princ\u00edpio da transpar\u00eancia na gest\u00e3o p\u00fablica. O controlador chamou aten\u00e7\u00e3o para a redu\u00e7\u00e3o da arrecada\u00e7\u00e3o, apontando que a receita arrecadada no 2\u00ba quadrimestre de 2023 foi de R$ 197.523.191,78 (cento e noventa e sete milh\u00f5es, quinhentos e vinte e tr\u00eas mil, cento e noventa e um reais e setenta e oito centavos). Em compara\u00e7\u00e3o com o mesmo per\u00edodo do ano passado, a arrecada\u00e7\u00e3o sofreu uma queda de cerca de R$ 10 milh\u00f5es. Segundo Bruno, isso significa uma redu\u00e7\u00e3o de 4,93%, ficando muito aqu\u00e9m do valor previsto no or\u00e7amento, principalmente devido \u00e0 queda da receita do Imposto Sobre Circula\u00e7\u00e3o de Mercadorias e Servi\u00e7os \u2013 ICMS, que \u00e9 um imposto estadual repassado para o munic\u00edpio onde ele \u00e9 gerado. Dr. Bruno destacou os percentuais gastos com despesa de pessoal (47,54%), educa\u00e7\u00e3o (36,99%) e sa\u00fade (28,76%), que foram aplicados obedecendo os m\u00ednimos e m\u00e1ximos estabelecidos pela Constitui\u00e7\u00e3o, que determina uma aplica\u00e7\u00e3o m\u00e1xima de 54% da receita com pessoal, m\u00ednima de 25% com educa\u00e7\u00e3o e 15% com sa\u00fade. Ele tamb\u00e9m detalhou os valores gastos com merenda escolar, realiza\u00e7\u00e3o de licita\u00e7\u00f5es e preg\u00f5es, repasse para o legislativo e solu\u00e7\u00e3o de demandas da ouvidoria da Prefeitura. O assunto mais abordado pelos vereadores foi o decreto de contingenciamento, que \u00e9 um mecanismo que limita as despesas do governo, e que foi publicado recentemente pelo Executivo. O controlador explicou que este tipo de decreto \u00e9 uma obriga\u00e7\u00e3o legal quando ocorre uma queda de arrecada\u00e7\u00e3o que gera um d\u00e9ficit or\u00e7ament\u00e1rio.<\/p>\n","protected":false},"excerpt":{"rendered":"<p>O Plen\u00e1rio Vereador Guilherme Gotelip Neto recebeu no \u00faltimo fim de semana, a, Audi\u00eancia P\u00fablica para apresenta\u00e7\u00e3o da presta\u00e7\u00e3o de<\/p>\n","protected":false},"author":2,"featured_media":0,"comment_status":"open","ping_status":"open","sticky":false,"template":"","format":"standard","meta":{"footnotes":""},"categories":[9,11],"tags":[],"class_list":["post-7268","post","type-post","status-publish","format-standard","hentry","category-araxa","category-destaques"],"_links":{"self":[{"href":"http:\/\/blogdoarmindomaia.com.br\/index.php?rest_route=\/wp\/v2\/posts\/7268","targetHints":{"allow":["GET"]}}],"collection":[{"href":"http:\/\/blogdoarmindomaia.com.br\/index.php?rest_route=\/wp\/v2\/posts"}],"about":[{"href":"http:\/\/blogdoarmindomaia.com.br\/index.php?rest_route=\/wp\/v2\/types\/post"}],"author":[{"embeddable":true,"href":"http:\/\/blogdoarmindomaia.com.br\/index.php?rest_route=\/wp\/v2\/users\/2"}],"replies":[{"embeddable":true,"href":"http:\/\/blogdoarmindomaia.com.br\/index.php?rest_route=%2Fwp%2Fv2%2Fcomments&post=7268"}],"version-history":[{"count":1,"href":"http:\/\/blogdoarmindomaia.com.br\/index.php?rest_route=\/wp\/v2\/posts\/7268\/revisions"}],"predecessor-version":[{"id":7270,"href":"http:\/\/blogdoarmindomaia.com.br\/index.php?rest_route=\/wp\/v2\/posts\/7268\/revisions\/7270"}],"wp:attachment":[{"href":"http:\/\/blogdoarmindomaia.com.br\/index.php?rest_route=%2Fwp%2Fv2%2Fmedia&parent=7268"}],"wp:term":[{"taxonomy":"category","embeddable":true,"href":"http:\/\/blogdoarmindomaia.com.br\/index.php?rest_route=%2Fwp%2Fv2%2Fcategories&post=7268"},{"taxonomy":"post_tag","embeddable":true,"href":"http:\/\/blogdoarmindomaia.com.br\/index.php?rest_route=%2Fwp%2Fv2%2Ftags&post=7268"}],"curies":[{"name":"wp","href":"https:\/\/api.w.org\/{rel}","templated":true}]}}