{"id":7285,"date":"2024-03-15T12:11:42","date_gmt":"2024-03-15T15:11:42","guid":{"rendered":"http:\/\/blogdoarmindomaia.com.br\/?p=7285"},"modified":"2024-03-15T12:11:44","modified_gmt":"2024-03-15T15:11:44","slug":"eurochem-industria-de-fertilizantes-e-inaugurada-com-presenca-do-presidente-lula-e-governador-zema","status":"publish","type":"post","link":"http:\/\/blogdoarmindomaia.com.br\/?p=7285","title":{"rendered":"EuroChem, ind\u00fastria de Fertilizantes \u00e9 inaugurada com presen\u00e7a do Presidente Lula e Governador Zema"},"content":{"rendered":"\n<figure class=\"wp-block-image size-full is-style-default\"><img loading=\"lazy\" decoding=\"async\" width=\"940\" height=\"350\" src=\"http:\/\/blogdoarmindomaia.com.br\/wp-content\/uploads\/2024\/03\/EuroChem-Fertilizantes-pag-o9.jpg\" alt=\"\" class=\"wp-image-7286\" srcset=\"http:\/\/blogdoarmindomaia.com.br\/wp-content\/uploads\/2024\/03\/EuroChem-Fertilizantes-pag-o9.jpg 940w, http:\/\/blogdoarmindomaia.com.br\/wp-content\/uploads\/2024\/03\/EuroChem-Fertilizantes-pag-o9-300x112.jpg 300w, http:\/\/blogdoarmindomaia.com.br\/wp-content\/uploads\/2024\/03\/EuroChem-Fertilizantes-pag-o9-768x286.jpg 768w\" sizes=\"auto, (max-width: 940px) 100vw, 940px\" \/><\/figure>\n\n\n\n<p>A vizinha cidade de Serra do Salitre na regi\u00e3o do Alto Parana\u00edba viveu um momento marcante em sua historia na \u00faltima quarta feira (13) com a inaugura\u00e7\u00e3o do Complexo Mineroindustrial da EuroChem,&nbsp; que contou com a presen\u00e7a do Presidente Lula e Governador de Minas Gerais Romeu &nbsp;Zema, diretores da empresa, v\u00e1rias outras autoridades e convidados.<\/p>\n\n\n\n<p>A expans\u00e3o da planta fabril conta com investimento de quase R$ 5 bilh\u00f5es, com apoio e atra\u00e7\u00e3o de investimentos do Governo de Minas, por meio da Investe Minas, vinculada \u00e0 Secretaria de Desenvolvimento Econ\u00f4mico (Sede-MG. O mega projeto do grupo multinacional Eurochem servir\u00e1 para fabrica\u00e7\u00e3o de fertilizantes fosfatados no estado, fortalecendo o agroneg\u00f3cio mineiro.<\/p>\n\n\n\n<p>Em atividade, a planta industrial vai gerar 1,2 mil empregos, al\u00e9m de contribuir para reduzir a depend\u00eancia do Brasil das importa\u00e7\u00f5es do insumo. A proje\u00e7\u00e3o, segundo a Invest Minas, \u00e9 que a unidade da Eurochem seja capaz de produzir 500 mil toneladas de fertilizantes acabados j\u00e1 neste ano de 2024. Quando estiver com capacidade plena, a expectativa da empresa \u00e9 alcan\u00e7ar a marca de 1 milh\u00e3o de toneladas de fertilizantes fosfatados, o que deve ocorrer no ano que vem.<br><br>O governador Romeu Zema destacou que o investimento da empresa fortalece o agroneg\u00f3cio, um dos principais setores econ\u00f4micos do estado.<br><br>\u201cA atra\u00e7\u00e3o de investimentos de empresas como a EuroChem mostram que, hoje, Minas est\u00e1 no caminho certo para o desenvolvimento. A economia est\u00e1 crescendo, estamos gerando empregos. E \u00e9 uma satisfa\u00e7\u00e3o ver mais este grande passo que vai fortalecer nosso agro, uma das principais fontes de riqueza que temos em Minas Gerais\u201d, afirmou o governador.<\/p>\n\n\n\n<p>O presidente Luiz In\u00e1cio Lula da Silva, ressaltou a necessidade de deixar de ser dependente do mercado externo. \u201cN\u00f3s queremos deixar de ser importador\u201d, disse Lula. \u201cO ano passado foram US$ 25 bilh\u00f5es que n\u00f3s pagamos para importar fertilizante para o Brasil. Esse dinheiro poderia ter sido pago para empres\u00e1rios aqui dentro, que geram emprego aqui dentro, que geram sal\u00e1rio aqui dentro e que geram qualidade de vida aqui dentro\u201d, acrescentou o presidente, convidando os empres\u00e1rios da EuroChem a investir mais no Brasil.<\/p>\n\n\n\n<p><strong>Est\u00edmulo \u00e0 produ\u00e7\u00e3o nacional<\/strong><br><br>Em 2023, conforme levantamento divulgado pela Associa\u00e7\u00e3o Nacional para Difus\u00e3o de Adubos (Anda), a importa\u00e7\u00e3o de fertilizantes pelo Brasil alcan\u00e7ou valor recorde: mais de 39,4 milh\u00f5es de toneladas. Antes disso, o maior n\u00famero havia sido registrado em 2021, com toneladas de insumos importados na casa dos 39,2 milh\u00f5es.<br><br>Outro ponto, conforme ressaltado pela Secretaria de Estado de Desenvolvimento Econ\u00f4mico, \u00e9 que o pa\u00eds ainda importa mais de 80% dos adubos usados na produ\u00e7\u00e3o local.<br><br>Os dados da Anda revelam um ponto de fragilidade do segmento agr\u00edcola brasileiro, o que contrasta com o protagonismo nacional no agroneg\u00f3cio, como uma das principais pot\u00eancias mundiais do setor.<\/p>\n\n\n\n<p>Com a f\u00e1brica em Serra do Salitre, ser\u00e1 poss\u00edvel n\u00e3o apenas atender a 15% da demanda nacional, mas tamb\u00e9m reduzir os custos para quem produz e trazer impactos sociais e econ\u00f4micos significativos para a popula\u00e7\u00e3o. Al\u00e9m disso, de acordo com o Plano Nacional de Fertilizantes (PNF), vai colaborar para diminuir a mencionada depend\u00eancia do pa\u00eds na importa\u00e7\u00e3o desses insumos.<br><br>\u201cTrata-se de um ativo extremamente estrat\u00e9gico, pois transforma a EuroChem em um player importante na produ\u00e7\u00e3o de fertilizantes, no Brasil e na Am\u00e9rica do Sul. Estamos alinhados com o Plano Nacional de Fertilizantes, contribuiremos com o fortalecimento da competitividade do setor e, consequentemente, com a soberania alimentar do pa\u00eds\u201d, disse o diretor-presidente da EuroChem na Am\u00e9rica do Sul, Gustavo Horbach.<\/p>\n","protected":false},"excerpt":{"rendered":"<p>A vizinha cidade de Serra do Salitre na regi\u00e3o do Alto Parana\u00edba viveu um momento marcante em sua historia na<\/p>\n","protected":false},"author":2,"featured_media":7286,"comment_status":"open","ping_status":"open","sticky":false,"template":"","format":"standard","meta":{"footnotes":""},"categories":[9,11],"tags":[],"class_list":["post-7285","post","type-post","status-publish","format-standard","has-post-thumbnail","hentry","category-araxa","category-destaques"],"_links":{"self":[{"href":"http:\/\/blogdoarmindomaia.com.br\/index.php?rest_route=\/wp\/v2\/posts\/7285","targetHints":{"allow":["GET"]}}],"collection":[{"href":"http:\/\/blogdoarmindomaia.com.br\/index.php?rest_route=\/wp\/v2\/posts"}],"about":[{"href":"http:\/\/blogdoarmindomaia.com.br\/index.php?rest_route=\/wp\/v2\/types\/post"}],"author":[{"embeddable":true,"href":"http:\/\/blogdoarmindomaia.com.br\/index.php?rest_route=\/wp\/v2\/users\/2"}],"replies":[{"embeddable":true,"href":"http:\/\/blogdoarmindomaia.com.br\/index.php?rest_route=%2Fwp%2Fv2%2Fcomments&post=7285"}],"version-history":[{"count":1,"href":"http:\/\/blogdoarmindomaia.com.br\/index.php?rest_route=\/wp\/v2\/posts\/7285\/revisions"}],"predecessor-version":[{"id":7287,"href":"http:\/\/blogdoarmindomaia.com.br\/index.php?rest_route=\/wp\/v2\/posts\/7285\/revisions\/7287"}],"wp:featuredmedia":[{"embeddable":true,"href":"http:\/\/blogdoarmindomaia.com.br\/index.php?rest_route=\/wp\/v2\/media\/7286"}],"wp:attachment":[{"href":"http:\/\/blogdoarmindomaia.com.br\/index.php?rest_route=%2Fwp%2Fv2%2Fmedia&parent=7285"}],"wp:term":[{"taxonomy":"category","embeddable":true,"href":"http:\/\/blogdoarmindomaia.com.br\/index.php?rest_route=%2Fwp%2Fv2%2Fcategories&post=7285"},{"taxonomy":"post_tag","embeddable":true,"href":"http:\/\/blogdoarmindomaia.com.br\/index.php?rest_route=%2Fwp%2Fv2%2Ftags&post=7285"}],"curies":[{"name":"wp","href":"https:\/\/api.w.org\/{rel}","templated":true}]}}