{"id":7294,"date":"2024-03-21T16:28:01","date_gmt":"2024-03-21T19:28:01","guid":{"rendered":"http:\/\/blogdoarmindomaia.com.br\/?p=7294"},"modified":"2024-03-21T16:28:04","modified_gmt":"2024-03-21T19:28:04","slug":"araxaense-e-empossada-como-juiza-de-direito-do-tjdft-em-brasilia","status":"publish","type":"post","link":"http:\/\/blogdoarmindomaia.com.br\/?p=7294","title":{"rendered":"Araxaense \u00e9 empossada como Ju\u00edza de Direito do TJDFT em Bras\u00edlia"},"content":{"rendered":"\n<figure class=\"wp-block-image size-full is-style-default\"><img loading=\"lazy\" decoding=\"async\" width=\"200\" height=\"300\" src=\"http:\/\/blogdoarmindomaia.com.br\/wp-content\/uploads\/2024\/03\/6f264f02-7346-463a-bc96-b118c12f0059.png\" alt=\"\" class=\"wp-image-7295\"\/><\/figure>\n\n\n\n<p>O Presidente do Tribunal de Justi\u00e7a do Distrito Federal e dos Territ\u00f3rios (TJDFT), Desembargador Cruz Macedo, empossou, na \u00faltima quarta-feira, 20\/3, a&nbsp;<strong>Ju\u00edza de Direito Maria Isabel da Silva como Ju\u00edza de Direito de Turma Recursal<\/strong>. A cerim\u00f4nia aconteceu no Espa\u00e7o Flamboyant, localizado no F\u00f3rum de Bras\u00edlia.&nbsp; A magistrada foi eleita por unanimidade pelos Desembargadores do Tribunal na 1\u00aa Sess\u00e3o Ordin\u00e1ria do Tribunal Pleno, realizada no dia 6 de fevereiro, para ocupar o cargo de Ju\u00edza de Direito da 2\u00aa Turma Recursal dos Juizados Especiais do DF. A elei\u00e7\u00e3o se deu pelo&nbsp;<strong>crit\u00e9rio de merecimento<\/strong>.&nbsp;Na ocasi\u00e3o, a Ju\u00edza empossada agradeceu os servidores que foram seus auxiliares na presta\u00e7\u00e3o jurisdicional do DF e&nbsp; nas varas pelas quais passou. Agradeceu especialmente \u00e0 filha e \u00e0 neta, que, segundo a magistrada, s\u00e3o seu presente ao mundo. Refor\u00e7ou, tamb\u00e9m, sua gratid\u00e3o aos servidores da Associa\u00e7\u00e3o dos Magistrados Brasileiros (AMB), onde atuou como Vice-Presidente. \u201cTenho&nbsp;<strong>orgulho de pertencer \u00e0 Justi\u00e7a do DF<\/strong>, porque este \u00e9 o melhor tribunal do pa\u00eds. E esta \u00e9 uma Justi\u00e7a que nos faz sentir pertencentes\u201d, disse.&nbsp;A magistrada encerrou sua fala com versos do cantor, compositor e sambista carioca, Xandy de Pilares: &#8220;\u00c0s vezes a felicidade demora a chegar. A\u00ed \u00e9 que a gente n\u00e3o pode deixar de sonhar. Guerreiro n\u00e3o foge da luta e n\u00e3o pode correr. Ningu\u00e9m vai poder atrasar quem nasceu pra vencer\u201d. O Presidente Cruz Macedo comentou que a posse da magistrada simboliza&nbsp;<strong>reconhecimento do Poder Judici\u00e1rio a uma mulher extraordin\u00e1ria<\/strong>. Numa turma s\u00f3 de mulheres. \u201c\u00c9 uma grande alegria lhe dar posse para esse cargo. \u00c9 com muita satisfa\u00e7\u00e3o, porque Maria Isabel \u00e9 uma pessoa muito feliz \u00e9 uma Ju\u00edza que carrega a&nbsp;marca de compromisso com o Tribunal\u201d. Maria Isabel da Silva&nbsp;<strong>nasceu em Arax\u00e1\/MG<\/strong>. Cursou o prim\u00e1rio no Grupo Escolar Dr. Eduardo Montandon, o ginasial e curso normal no Col\u00e9gio Jesus Cristo e Contabilidade na Escola T\u00e9cnica de Arax\u00e1. Iniciou suas atividades laborativas na Padaria Arax\u00e1, no ano de 1963\/1964, na fun\u00e7\u00e3o de balconista e, de igual, no Emp\u00f3rio e Bar S\u00e3o Vicente, por \u00faltimo, no Mercado Arax\u00e1, at\u00e9 hoje instalado no mesmo local. Foi professora prim\u00e1ria na cidade de Pratinha\/MG, no ano de 1970. Em 1971, por concurso p\u00fablico, ingressou na carreira de escritur\u00e1rio da Caixa Econ\u00f4mica. J\u00e1 em 1984,&nbsp;<strong>graduou-se em Direito pela Faculdade Milton Campos, em Belo Horizonte<\/strong>, e, em 1986, foi aprovada para advogada da Caixa Econ\u00f4mica. Em 1991, foi aprovada no Concurso de Procurador da Fazenda Estadual. Em 1995, foi aprovada, em Minas Gerais e no Distrito Federal, para a carreira da magistratura. Optou pelo Tribunal de Justi\u00e7a do Distrito Federal e dos Territ\u00f3rios, onde tomou&nbsp;<strong>posse como Ju\u00edza de Direito Substituta, em 2 de fevereiro de 1996<\/strong>. Exerceu a magistratura em Ceil\u00e2ndia, na 2\u00aa Vara de Fam\u00edlia e, em Bras\u00edlia, na 4\u00aa Vara da Fazenda P\u00fablica, no Juizado de Viol\u00eancia Dom\u00e9stica, na 1\u00aa Vara de \u00d3rf\u00e3os e Sucess\u00f5es e na 3\u00aa Vara de Fam\u00edlia. <strong>Foi a primeira mulher a presidir a Associa\u00e7\u00e3o dos Magistrados do Distrito Federal e Territ\u00f3rios<\/strong>&nbsp;(Amagis\/DF), no per\u00edodo de 2004 a 2008, onde ocupou, tamb\u00e9m, cargos de Diretora de Patrim\u00f4nio, Vice-Presidente e Tesoureira. Na Associa\u00e7\u00e3o dos Magistrados Brasileiros (AMB), ocupou o cargo de Conselheira Fiscal, Vice-Presidente e Tesoureira.<\/p>\n\n\n\n<p>Fonte (Tribunal de Justi\u00e7a do Distrito Federal e dos Territ\u00f3rios \u2013 TJDFT<\/p>\n","protected":false},"excerpt":{"rendered":"<p>O Presidente do Tribunal de Justi\u00e7a do Distrito Federal e dos Territ\u00f3rios (TJDFT), Desembargador Cruz Macedo, empossou, na \u00faltima quarta-feira,<\/p>\n","protected":false},"author":2,"featured_media":7295,"comment_status":"open","ping_status":"open","sticky":false,"template":"","format":"standard","meta":{"footnotes":""},"categories":[9,11],"tags":[],"class_list":["post-7294","post","type-post","status-publish","format-standard","has-post-thumbnail","hentry","category-araxa","category-destaques"],"_links":{"self":[{"href":"http:\/\/blogdoarmindomaia.com.br\/index.php?rest_route=\/wp\/v2\/posts\/7294","targetHints":{"allow":["GET"]}}],"collection":[{"href":"http:\/\/blogdoarmindomaia.com.br\/index.php?rest_route=\/wp\/v2\/posts"}],"about":[{"href":"http:\/\/blogdoarmindomaia.com.br\/index.php?rest_route=\/wp\/v2\/types\/post"}],"author":[{"embeddable":true,"href":"http:\/\/blogdoarmindomaia.com.br\/index.php?rest_route=\/wp\/v2\/users\/2"}],"replies":[{"embeddable":true,"href":"http:\/\/blogdoarmindomaia.com.br\/index.php?rest_route=%2Fwp%2Fv2%2Fcomments&post=7294"}],"version-history":[{"count":1,"href":"http:\/\/blogdoarmindomaia.com.br\/index.php?rest_route=\/wp\/v2\/posts\/7294\/revisions"}],"predecessor-version":[{"id":7296,"href":"http:\/\/blogdoarmindomaia.com.br\/index.php?rest_route=\/wp\/v2\/posts\/7294\/revisions\/7296"}],"wp:featuredmedia":[{"embeddable":true,"href":"http:\/\/blogdoarmindomaia.com.br\/index.php?rest_route=\/wp\/v2\/media\/7295"}],"wp:attachment":[{"href":"http:\/\/blogdoarmindomaia.com.br\/index.php?rest_route=%2Fwp%2Fv2%2Fmedia&parent=7294"}],"wp:term":[{"taxonomy":"category","embeddable":true,"href":"http:\/\/blogdoarmindomaia.com.br\/index.php?rest_route=%2Fwp%2Fv2%2Fcategories&post=7294"},{"taxonomy":"post_tag","embeddable":true,"href":"http:\/\/blogdoarmindomaia.com.br\/index.php?rest_route=%2Fwp%2Fv2%2Ftags&post=7294"}],"curies":[{"name":"wp","href":"https:\/\/api.w.org\/{rel}","templated":true}]}}