{"id":7306,"date":"2024-03-22T11:12:00","date_gmt":"2024-03-22T14:12:00","guid":{"rendered":"http:\/\/blogdoarmindomaia.com.br\/?p=7306"},"modified":"2024-03-22T11:12:07","modified_gmt":"2024-03-22T14:12:07","slug":"encontro-regional-sobre-autismo-e-inclusao-destaca-politicas-publicas-em-araxa","status":"publish","type":"post","link":"http:\/\/blogdoarmindomaia.com.br\/?p=7306","title":{"rendered":"Encontro regional sobre autismo e inclus\u00e3o destaca pol\u00edticas p\u00fablicas em Arax\u00e1"},"content":{"rendered":"\n<figure class=\"wp-block-image size-large is-style-default\"><img loading=\"lazy\" decoding=\"async\" width=\"1024\" height=\"768\" src=\"http:\/\/blogdoarmindomaia.com.br\/wp-content\/uploads\/2024\/03\/Encontro-regional-sobre-autismo-e-inclusao-destaca-politicas-publicas-em-Araxa-pag03-1024x768.jpeg\" alt=\"\" class=\"wp-image-7307\" srcset=\"http:\/\/blogdoarmindomaia.com.br\/wp-content\/uploads\/2024\/03\/Encontro-regional-sobre-autismo-e-inclusao-destaca-politicas-publicas-em-Araxa-pag03-1024x768.jpeg 1024w, http:\/\/blogdoarmindomaia.com.br\/wp-content\/uploads\/2024\/03\/Encontro-regional-sobre-autismo-e-inclusao-destaca-politicas-publicas-em-Araxa-pag03-300x225.jpeg 300w, http:\/\/blogdoarmindomaia.com.br\/wp-content\/uploads\/2024\/03\/Encontro-regional-sobre-autismo-e-inclusao-destaca-politicas-publicas-em-Araxa-pag03-768x576.jpeg 768w, http:\/\/blogdoarmindomaia.com.br\/wp-content\/uploads\/2024\/03\/Encontro-regional-sobre-autismo-e-inclusao-destaca-politicas-publicas-em-Araxa-pag03-1536x1152.jpeg 1536w, http:\/\/blogdoarmindomaia.com.br\/wp-content\/uploads\/2024\/03\/Encontro-regional-sobre-autismo-e-inclusao-destaca-politicas-publicas-em-Araxa-pag03.jpeg 1600w\" sizes=\"auto, (max-width: 1024px) 100vw, 1024px\" \/><\/figure>\n\n\n\n<p>Inclus\u00e3o, equidade e representa\u00e7\u00e3o. Arax\u00e1 recebeu o \u201cEncontro Regional Sobre Autismo e Inclus\u00e3o: Como Garantir Direitos nos Munic\u00edpios&#8221;, na tarde da \u00faltima sexta-feira (15). O evento foi realizado no Teatro CBMM e reuniu mais de 600 pessoas entre representantes de entidades da classe, Portadores do Espectro Autista (TEA) e familiares, lideran\u00e7as pol\u00edticas e comunidade. O&nbsp; evento foi chancelado pela Ampla\/Cimpla e contou a participa\u00e7\u00e3o de representantes dos 11 munic\u00edpios quew integram a Associa\u00e7\u00e3o. O encontro buscou discutir pol\u00edticas p\u00fablicas voltadas ao atendimento integrado a pessoas com TEA e a luta pela inclus\u00e3o e cidadania, abordando os principais direitos deste p\u00fablico em \u00e1reas como sa\u00fade, educa\u00e7\u00e3o e social.<br>&nbsp;Atualmente, a Rede Municipal de Ensino de Arax\u00e1 conta com 47 salas de recursos multifuncionais distribu\u00eddas em v\u00e1rias escolas e em diferentes setores. Em 2023, foram atendidos 1.190 alunos com diversos tipos de defici\u00eancia e transtornos espec\u00edficos.<br>Hoje Arax\u00e1 conta tamb\u00e9m com o CAEI \u2013 Centro de Atendimento \u00e0 Educa\u00e7\u00e3o Inclusiva. No espa\u00e7o s\u00e3o atendidas 528 crian\u00e7as e adolescentes, em diversas especialidades, com uma m\u00e9dia de 1.800 atendimentos ao m\u00eas.<br><\/p>\n","protected":false},"excerpt":{"rendered":"<p>Inclus\u00e3o, equidade e representa\u00e7\u00e3o. Arax\u00e1 recebeu o \u201cEncontro Regional Sobre Autismo e Inclus\u00e3o: Como Garantir Direitos nos Munic\u00edpios&#8221;, na tarde<\/p>\n","protected":false},"author":2,"featured_media":7307,"comment_status":"open","ping_status":"open","sticky":false,"template":"","format":"standard","meta":{"footnotes":""},"categories":[9,11],"tags":[],"class_list":["post-7306","post","type-post","status-publish","format-standard","has-post-thumbnail","hentry","category-araxa","category-destaques"],"_links":{"self":[{"href":"http:\/\/blogdoarmindomaia.com.br\/index.php?rest_route=\/wp\/v2\/posts\/7306","targetHints":{"allow":["GET"]}}],"collection":[{"href":"http:\/\/blogdoarmindomaia.com.br\/index.php?rest_route=\/wp\/v2\/posts"}],"about":[{"href":"http:\/\/blogdoarmindomaia.com.br\/index.php?rest_route=\/wp\/v2\/types\/post"}],"author":[{"embeddable":true,"href":"http:\/\/blogdoarmindomaia.com.br\/index.php?rest_route=\/wp\/v2\/users\/2"}],"replies":[{"embeddable":true,"href":"http:\/\/blogdoarmindomaia.com.br\/index.php?rest_route=%2Fwp%2Fv2%2Fcomments&post=7306"}],"version-history":[{"count":1,"href":"http:\/\/blogdoarmindomaia.com.br\/index.php?rest_route=\/wp\/v2\/posts\/7306\/revisions"}],"predecessor-version":[{"id":7308,"href":"http:\/\/blogdoarmindomaia.com.br\/index.php?rest_route=\/wp\/v2\/posts\/7306\/revisions\/7308"}],"wp:featuredmedia":[{"embeddable":true,"href":"http:\/\/blogdoarmindomaia.com.br\/index.php?rest_route=\/wp\/v2\/media\/7307"}],"wp:attachment":[{"href":"http:\/\/blogdoarmindomaia.com.br\/index.php?rest_route=%2Fwp%2Fv2%2Fmedia&parent=7306"}],"wp:term":[{"taxonomy":"category","embeddable":true,"href":"http:\/\/blogdoarmindomaia.com.br\/index.php?rest_route=%2Fwp%2Fv2%2Fcategories&post=7306"},{"taxonomy":"post_tag","embeddable":true,"href":"http:\/\/blogdoarmindomaia.com.br\/index.php?rest_route=%2Fwp%2Fv2%2Ftags&post=7306"}],"curies":[{"name":"wp","href":"https:\/\/api.w.org\/{rel}","templated":true}]}}