{"id":7383,"date":"2024-04-10T16:42:20","date_gmt":"2024-04-10T19:42:20","guid":{"rendered":"http:\/\/blogdoarmindomaia.com.br\/?p=7383"},"modified":"2024-04-10T16:42:23","modified_gmt":"2024-04-10T19:42:23","slug":"unimed-araxa-elege-nova-diretoria-foco-na-qualidade-dos-servicos","status":"publish","type":"post","link":"http:\/\/blogdoarmindomaia.com.br\/?p=7383","title":{"rendered":"Unimed Arax\u00e1 elege nova diretoria foco na qualidade dos servi\u00e7os"},"content":{"rendered":"\n<p><em>Novo diretor-presidente, o m\u00e9dico ginecologista Rubens Assun\u00e7\u00e3o de Oliveira, falou, em entrevista, sobre desafios e novos projetos<\/em><\/p>\n\n\n\n<figure class=\"wp-block-image size-full is-style-default\"><img loading=\"lazy\" decoding=\"async\" width=\"1024\" height=\"559\" src=\"http:\/\/blogdoarmindomaia.com.br\/wp-content\/uploads\/2024\/04\/Unimed-Araxa-elege-nova-diretoria-foco-na-qualidade-dos-servicos-pag-09.jpg\" alt=\"\" class=\"wp-image-7384\" srcset=\"http:\/\/blogdoarmindomaia.com.br\/wp-content\/uploads\/2024\/04\/Unimed-Araxa-elege-nova-diretoria-foco-na-qualidade-dos-servicos-pag-09.jpg 1024w, http:\/\/blogdoarmindomaia.com.br\/wp-content\/uploads\/2024\/04\/Unimed-Araxa-elege-nova-diretoria-foco-na-qualidade-dos-servicos-pag-09-300x164.jpg 300w, http:\/\/blogdoarmindomaia.com.br\/wp-content\/uploads\/2024\/04\/Unimed-Araxa-elege-nova-diretoria-foco-na-qualidade-dos-servicos-pag-09-768x419.jpg 768w\" sizes=\"auto, (max-width: 1024px) 100vw, 1024px\" \/><\/figure>\n\n\n\n<p>O m\u00e9dico ginecologista e obstetra, Rubens Assun\u00e7\u00e3o de Oliveira, \u00e9 o novo diretor-presidente da Unimed Arax\u00e1. A elei\u00e7\u00e3o da diretoria executiva e dos conselhos de administra\u00e7\u00e3o, t\u00e9cnico-\u00e9tico e fiscal ocorreu no m\u00eas passado. Com o registro e inscri\u00e7\u00e3o de chapa \u00fanica, a assembleia geral, realizada no audit\u00f3rio da cooperativa, elegeu os membros por aclama\u00e7\u00e3o.<\/p>\n\n\n\n<p>O novo diretor-presidente j\u00e1 assumiu o cargo e ter\u00e1 ao seu lado na diretoria executiva a m\u00e9dica neurologista Yvely Bernardete Yunes Akel e o m\u00e9dico pediatra \u00c2ngelo S\u00e9rgio Bittencourt. Em entrevista, Dr. Rubens, falou sobre desafios e novos projetos da Unimed Arax\u00e1 neste novo ciclo.<\/p>\n\n\n\n<p><strong>Dr. Rubens, antes de falarmos sobre a Unimed, gostar\u00edamos de conhecer um pouco mais sobre o novo presidente. Fale-nos sobre sua trajet\u00f3ria na medicina, um resumo&#8230;<\/strong><\/p>\n\n\n\n<p>Sou formado em medicina h\u00e1 36 anos. Especialista em ginecologia e obstetr\u00edcia, com \u00e1rea de atua\u00e7\u00e3o em ultrassonografia e p\u00f3s-graduado em administra\u00e7\u00e3o hospitalar.<\/p>\n\n\n\n<p><strong>Como foi seu trajeto profissional at\u00e9 chegar a Arax\u00e1?<\/strong><\/p>\n\n\n\n<p>Eu me formei em Belo Horizonte, na UFMG. Logo depois, passei em um concurso p\u00fablico em Tim\u00f3teo, mas fiquei pouco tempo por l\u00e1 e resolvi vir para Arax\u00e1. Estou por aqui desde 1991. J\u00e1 me sinto um araxaense. \u00c9 a cidade que eu mais vivi nesses anos todos. Sou natural de Valadares, vivi l\u00e1 at\u00e9 os 17 anos; depois, 10 anos em Belo Horizonte e j\u00e1 s\u00e3o 33 anos aqui.<\/p>\n\n\n\n<p><strong>Quando come\u00e7ou sua hist\u00f3ria na Unimed?<\/strong><\/p>\n\n\n\n<p>Come\u00e7ou em 1991 como cooperado. Passei por diversos Conselhos at\u00e9 chegar na diretoria em 2012, diretoria esta que construiu o Hospital da Unimed. Em 2018, assumi a diretoria de recursos pr\u00f3prios e diretoria t\u00e9cnica do hospital da Unimed por 2 anos. Em 2020 voltei para a Diretoria da Unimed como Diretor Financeiro onde fiquei por 4 anos.<\/p>\n\n\n\n<p><strong>Nesse tempo de Unimed, o senhor viu a cooperativa se transformar&#8230;<\/strong><\/p>\n\n\n\n<p>N\u00e3o s\u00f3 vi, como participei diretamente. Desde o in\u00edcio, participei de conselhos e diretorias. Eu gosto muito desse processo administrativo. Acho essencial o interesse e participa\u00e7\u00e3o dos cooperados.<\/p>\n\n\n\n<p><strong>Apesar de estar sempre envolvido, a presid\u00eancia \u00e9 diferente, n\u00e3o \u00e9? Qual a sua expectativa?<\/strong><\/p>\n\n\n\n<p>A expectativa \u00e9 muito boa. A Unimed Arax\u00e1 cresceu muito. A perspectiva que tenho \u00e9 de dar continuidade e consolidar esses servi\u00e7os que n\u00f3s j\u00e1 possu\u00edmos. Temos um hospital, que congrega v\u00e1rios servi\u00e7os, como o Centro de Diagn\u00f3stico por Imagem (CDI), oncologia, laborat\u00f3rio, unidade de interna\u00e7\u00e3o, bloco cir\u00fargico com material e equipamentos de excel\u00eancia e UTI com selo de reconhecimento em efici\u00eancia. Temos o CMU, que \u00e9 uma cl\u00ednica de especialidades com psicologia, nutri\u00e7\u00e3o, terapia ocupacional e, hoje, com foco nas terapias especiais voltados principalmente ao tratamento de crian\u00e7as com Transtornos do Espectro Autista. No Espa\u00e7o Viver Bem, n\u00f3s temos v\u00e1rios projetos implantados voltados para preven\u00e7\u00e3o e promo\u00e7\u00e3o \u00e0 sa\u00fade.<\/p>\n\n\n\n<p>A Unimed Arax\u00e1, desde a sua funda\u00e7\u00e3o, h\u00e1 quase 35 anos, vem crescendo e sempre com sucesso. A inten\u00e7\u00e3o \u00e9 sempre melhorar, buscando um atendimento de qualidade aos seus benefici\u00e1rios e adequando os servi\u00e7os de acordo com as demandas que surgirem. N\u00f3s agora, por exemplo, estamos vivendo uma epidemia da dengue. J\u00e1 tivemos a pandemia \u201cCOVID\u201d onde foi preciso nos adequar \u00e0 situa\u00e7\u00e3o e modificar toda estrutura hospitalar. Nestas situa\u00e7\u00f5es, temos que tomar decis\u00f5es imediatas.<\/p>\n\n\n\n<p><strong>Novos projetos?<\/strong><\/p>\n\n\n\n<p>Temos alguns projetos tecnol\u00f3gicos sendo pautados e discutidos, e tamb\u00e9m projetos de acolhimento e expans\u00e3o de servi\u00e7os.&nbsp;As decis\u00f5es sobre o futuro de nossa cooperativa s\u00e3o definidas pelo conselho de administra\u00e7\u00e3o formado por cooperados e gestores.<\/p>\n\n\n\n<p><strong>Qual a mensagem do presidente para os cooperados e benefici\u00e1rios?<\/strong><\/p>\n\n\n\n<p>Eu sou uma pessoa muito otimista e cooperativista. Temos que estar sempre procurando melhorar. A Unimed tem que crescer de uma forma sustent\u00e1vel e permanente. Eu, Dra. Ively e Dr. \u00c2ngelo desejamos que os cooperados venham juntos, no intuito de proporcionar um atendimento mais humanizado e de qualidade para nossos benefici\u00e1rios. A raz\u00e3o de ser da nossa cooperativa s\u00e3o os nossos cooperados, colaboradores e benefici\u00e1rios. Uma cooperativa forte se faz com uni\u00e3o e engajamento para melhorarmos a qualidade de vida atrav\u00e9s da promo\u00e7\u00e3o, preven\u00e7\u00e3o e assist\u00eancia \u00e0 sa\u00fade de nossos benefici\u00e1rios. Tenho orgulho de pertencer a essa cooperativa, composta por cooperados qualificados e \u00e9ticos, principal motivo da solidez da Unimed Arax\u00e1.<\/p>\n","protected":false},"excerpt":{"rendered":"<p>Novo diretor-presidente, o m\u00e9dico ginecologista Rubens Assun\u00e7\u00e3o de Oliveira, falou, em entrevista, sobre desafios e novos projetos O m\u00e9dico ginecologista<\/p>\n","protected":false},"author":2,"featured_media":7384,"comment_status":"open","ping_status":"open","sticky":false,"template":"","format":"standard","meta":{"footnotes":""},"categories":[9,11],"tags":[],"class_list":["post-7383","post","type-post","status-publish","format-standard","has-post-thumbnail","hentry","category-araxa","category-destaques"],"_links":{"self":[{"href":"http:\/\/blogdoarmindomaia.com.br\/index.php?rest_route=\/wp\/v2\/posts\/7383","targetHints":{"allow":["GET"]}}],"collection":[{"href":"http:\/\/blogdoarmindomaia.com.br\/index.php?rest_route=\/wp\/v2\/posts"}],"about":[{"href":"http:\/\/blogdoarmindomaia.com.br\/index.php?rest_route=\/wp\/v2\/types\/post"}],"author":[{"embeddable":true,"href":"http:\/\/blogdoarmindomaia.com.br\/index.php?rest_route=\/wp\/v2\/users\/2"}],"replies":[{"embeddable":true,"href":"http:\/\/blogdoarmindomaia.com.br\/index.php?rest_route=%2Fwp%2Fv2%2Fcomments&post=7383"}],"version-history":[{"count":1,"href":"http:\/\/blogdoarmindomaia.com.br\/index.php?rest_route=\/wp\/v2\/posts\/7383\/revisions"}],"predecessor-version":[{"id":7385,"href":"http:\/\/blogdoarmindomaia.com.br\/index.php?rest_route=\/wp\/v2\/posts\/7383\/revisions\/7385"}],"wp:featuredmedia":[{"embeddable":true,"href":"http:\/\/blogdoarmindomaia.com.br\/index.php?rest_route=\/wp\/v2\/media\/7384"}],"wp:attachment":[{"href":"http:\/\/blogdoarmindomaia.com.br\/index.php?rest_route=%2Fwp%2Fv2%2Fmedia&parent=7383"}],"wp:term":[{"taxonomy":"category","embeddable":true,"href":"http:\/\/blogdoarmindomaia.com.br\/index.php?rest_route=%2Fwp%2Fv2%2Fcategories&post=7383"},{"taxonomy":"post_tag","embeddable":true,"href":"http:\/\/blogdoarmindomaia.com.br\/index.php?rest_route=%2Fwp%2Fv2%2Ftags&post=7383"}],"curies":[{"name":"wp","href":"https:\/\/api.w.org\/{rel}","templated":true}]}}