{"id":7390,"date":"2024-04-12T14:32:05","date_gmt":"2024-04-12T17:32:05","guid":{"rendered":"http:\/\/blogdoarmindomaia.com.br\/?p=7390"},"modified":"2024-04-12T14:32:07","modified_gmt":"2024-04-12T17:32:07","slug":"araxaense-roberta-abdanur-e-co-autora-de-livro-lancado-no-stj","status":"publish","type":"post","link":"http:\/\/blogdoarmindomaia.com.br\/?p=7390","title":{"rendered":"Araxaense Roberta Abdanur \u00e9 co-autora de livro lan\u00e7ado no STJ"},"content":{"rendered":"\n<figure class=\"wp-block-image size-full is-style-default\"><img loading=\"lazy\" decoding=\"async\" width=\"559\" height=\"361\" src=\"http:\/\/blogdoarmindomaia.com.br\/wp-content\/uploads\/2024\/04\/2ba85726-61fc-4c9f-a57b-f2f04919c272.jpg\" alt=\"\" class=\"wp-image-7392\" srcset=\"http:\/\/blogdoarmindomaia.com.br\/wp-content\/uploads\/2024\/04\/2ba85726-61fc-4c9f-a57b-f2f04919c272.jpg 559w, http:\/\/blogdoarmindomaia.com.br\/wp-content\/uploads\/2024\/04\/2ba85726-61fc-4c9f-a57b-f2f04919c272-300x194.jpg 300w\" sizes=\"auto, (max-width: 559px) 100vw, 559px\" \/><\/figure>\n\n\n\n<figure class=\"wp-block-image size-full is-style-default\"><img loading=\"lazy\" decoding=\"async\" width=\"551\" height=\"412\" src=\"http:\/\/blogdoarmindomaia.com.br\/wp-content\/uploads\/2024\/04\/639122bf-722c-4bfd-884c-58233af65a7b.jpg\" alt=\"\" class=\"wp-image-7393\" srcset=\"http:\/\/blogdoarmindomaia.com.br\/wp-content\/uploads\/2024\/04\/639122bf-722c-4bfd-884c-58233af65a7b.jpg 551w, http:\/\/blogdoarmindomaia.com.br\/wp-content\/uploads\/2024\/04\/639122bf-722c-4bfd-884c-58233af65a7b-300x224.jpg 300w\" sizes=\"auto, (max-width: 551px) 100vw, 551px\" \/><\/figure>\n\n\n\n<figure class=\"wp-block-image size-full is-style-default\"><img loading=\"lazy\" decoding=\"async\" width=\"718\" height=\"472\" src=\"http:\/\/blogdoarmindomaia.com.br\/wp-content\/uploads\/2024\/04\/4faefd80-68bc-4d89-b743-dbf31099f45b.jpg\" alt=\"\" class=\"wp-image-7391\" srcset=\"http:\/\/blogdoarmindomaia.com.br\/wp-content\/uploads\/2024\/04\/4faefd80-68bc-4d89-b743-dbf31099f45b.jpg 718w, http:\/\/blogdoarmindomaia.com.br\/wp-content\/uploads\/2024\/04\/4faefd80-68bc-4d89-b743-dbf31099f45b-300x197.jpg 300w\" sizes=\"auto, (max-width: 718px) 100vw, 718px\" \/><\/figure>\n\n\n\n<p>O lan\u00e7amento da obra &#8220;Direitos dos Refugiados&#8221;, aconteceu no Espa\u00e7o Cultural do STJ, em Bras\u00edlia com apoio do Institute SHE. A publica\u00e7\u00e3o, que possui dois tomos, conta com artigos da co-autora, a araxaense &nbsp;Roberta Abdanur e das consultoras e ju\u00edzas afeg\u00e3s acerca das dificuldades enfrentadas por refugiados. Em entrevista ao Jornal Intera\u00e7\u00e3o, Roberta Abdanur disse que, \u201c\u00c9 muito importante promover os direitos dessa popula\u00e7\u00e3o. Dessa forma, o livro contempla uma vis\u00e3o completa do tema sob a \u00f3tica de profissionais de diversas na\u00e7\u00f5es, como an\u00e1lises da legisla\u00e7\u00e3o humanit\u00e1ria internacional, causas da migra\u00e7\u00e3o, a dignidade humana e a prote\u00e7\u00e3o dos refugiados\u201d.<\/p>\n\n\n\n<p>Mestre em direito internacional humanit\u00e1rio, consultora internacional de ref\u00fagio e migra\u00e7\u00e3o, co-fundadora e diretora do Instituto SHE al\u00e9m de s\u00f3cia da VVolunteer, &nbsp;que \u00e9 uma comunidade focada em voluntariado, ajuda humanit\u00e1ria e a\u00e7\u00f5es sociais. Ela tem o prop\u00f3sito de desenvolver um futuro mais humano atrav\u00e9s de uma comunidade que atua por uma sociedade mais inclusiva e pelo bem-estar social. Um dos focos \u00e9 transformar a sociedade formando cidad\u00e3os engajados em ajuda humanit\u00e1ria, a\u00e7\u00f5es &nbsp;sociais, doa\u00e7\u00f5es eficazes e impacto verdadeiro!<\/p>\n\n\n\n<p>Roberta Abdanur, continua atuando e fazendo a diferen\u00e7a pelas causas humanit\u00e1rias mundo afora. A Mineira de Arax\u00e1, Roberta j\u00e1 atuou em pa\u00edses como L\u00edbano, S\u00edria, Eti\u00f3pia e Ucr\u00e2nia. Na It\u00e1lia, trabalhou com refugiados que chegavam da \u00c1frica subsaariana pelo mar Mediterr\u00e2neo. Na \u00faltima ter\u00e7a feira, dia 2 de abril, Roberta participou do lan\u00e7amento do livro &#8220;Direitos dos Refugiados \u2013 tomos 1 e 2\u201d , que aconteceu no Espa\u00e7o Cultural do Superior Tribunal de Justi\u00e7a (STJ) em Bras\u00edlia. Pois a araxaense Roberta, \u00e9 uma das mais dedicadas volunt\u00e1rias ativistas brasileiras em defesa das causas humanit\u00e1rias no mundo.<\/p>\n","protected":false},"excerpt":{"rendered":"<p>O lan\u00e7amento da obra &#8220;Direitos dos Refugiados&#8221;, aconteceu no Espa\u00e7o Cultural do STJ, em Bras\u00edlia com apoio do Institute SHE.<\/p>\n","protected":false},"author":2,"featured_media":7393,"comment_status":"open","ping_status":"open","sticky":false,"template":"","format":"standard","meta":{"footnotes":""},"categories":[9,11],"tags":[],"class_list":["post-7390","post","type-post","status-publish","format-standard","has-post-thumbnail","hentry","category-araxa","category-destaques"],"_links":{"self":[{"href":"http:\/\/blogdoarmindomaia.com.br\/index.php?rest_route=\/wp\/v2\/posts\/7390","targetHints":{"allow":["GET"]}}],"collection":[{"href":"http:\/\/blogdoarmindomaia.com.br\/index.php?rest_route=\/wp\/v2\/posts"}],"about":[{"href":"http:\/\/blogdoarmindomaia.com.br\/index.php?rest_route=\/wp\/v2\/types\/post"}],"author":[{"embeddable":true,"href":"http:\/\/blogdoarmindomaia.com.br\/index.php?rest_route=\/wp\/v2\/users\/2"}],"replies":[{"embeddable":true,"href":"http:\/\/blogdoarmindomaia.com.br\/index.php?rest_route=%2Fwp%2Fv2%2Fcomments&post=7390"}],"version-history":[{"count":1,"href":"http:\/\/blogdoarmindomaia.com.br\/index.php?rest_route=\/wp\/v2\/posts\/7390\/revisions"}],"predecessor-version":[{"id":7394,"href":"http:\/\/blogdoarmindomaia.com.br\/index.php?rest_route=\/wp\/v2\/posts\/7390\/revisions\/7394"}],"wp:featuredmedia":[{"embeddable":true,"href":"http:\/\/blogdoarmindomaia.com.br\/index.php?rest_route=\/wp\/v2\/media\/7393"}],"wp:attachment":[{"href":"http:\/\/blogdoarmindomaia.com.br\/index.php?rest_route=%2Fwp%2Fv2%2Fmedia&parent=7390"}],"wp:term":[{"taxonomy":"category","embeddable":true,"href":"http:\/\/blogdoarmindomaia.com.br\/index.php?rest_route=%2Fwp%2Fv2%2Fcategories&post=7390"},{"taxonomy":"post_tag","embeddable":true,"href":"http:\/\/blogdoarmindomaia.com.br\/index.php?rest_route=%2Fwp%2Fv2%2Ftags&post=7390"}],"curies":[{"name":"wp","href":"https:\/\/api.w.org\/{rel}","templated":true}]}}