{"id":7395,"date":"2024-04-12T14:35:46","date_gmt":"2024-04-12T17:35:46","guid":{"rendered":"http:\/\/blogdoarmindomaia.com.br\/?p=7395"},"modified":"2024-04-12T14:35:48","modified_gmt":"2024-04-12T17:35:48","slug":"biblioteca-publica-municipal-de-araxa-sempre-promovendo-a-cultura-e-o-conhecimento","status":"publish","type":"post","link":"http:\/\/blogdoarmindomaia.com.br\/?p=7395","title":{"rendered":"Biblioteca P\u00fablica Municipal de Arax\u00e1: Sempre promovendo a cultura e o conhecimento"},"content":{"rendered":"\n<figure class=\"wp-block-image size-large is-style-default\"><img loading=\"lazy\" decoding=\"async\" width=\"1024\" height=\"768\" src=\"http:\/\/blogdoarmindomaia.com.br\/wp-content\/uploads\/2024\/04\/Biblioteca-Municipal-de-Araxa-Sempre-promovendo-a-cultura-e-o-conhecimento-pag-10-1024x768.jpg\" alt=\"\" class=\"wp-image-7396\" srcset=\"http:\/\/blogdoarmindomaia.com.br\/wp-content\/uploads\/2024\/04\/Biblioteca-Municipal-de-Araxa-Sempre-promovendo-a-cultura-e-o-conhecimento-pag-10-1024x768.jpg 1024w, http:\/\/blogdoarmindomaia.com.br\/wp-content\/uploads\/2024\/04\/Biblioteca-Municipal-de-Araxa-Sempre-promovendo-a-cultura-e-o-conhecimento-pag-10-300x225.jpg 300w, http:\/\/blogdoarmindomaia.com.br\/wp-content\/uploads\/2024\/04\/Biblioteca-Municipal-de-Araxa-Sempre-promovendo-a-cultura-e-o-conhecimento-pag-10-768x576.jpg 768w, http:\/\/blogdoarmindomaia.com.br\/wp-content\/uploads\/2024\/04\/Biblioteca-Municipal-de-Araxa-Sempre-promovendo-a-cultura-e-o-conhecimento-pag-10-1536x1152.jpg 1536w, http:\/\/blogdoarmindomaia.com.br\/wp-content\/uploads\/2024\/04\/Biblioteca-Municipal-de-Araxa-Sempre-promovendo-a-cultura-e-o-conhecimento-pag-10.jpg 1600w\" sizes=\"auto, (max-width: 1024px) 100vw, 1024px\" \/><\/figure>\n\n\n\n<figure class=\"wp-block-image size-large is-style-default\"><img loading=\"lazy\" decoding=\"async\" width=\"577\" height=\"1024\" src=\"http:\/\/blogdoarmindomaia.com.br\/wp-content\/uploads\/2024\/04\/7c92764f-a6e6-460b-bd3f-2b6b4951092d-577x1024.jpg\" alt=\"\" class=\"wp-image-7398\" srcset=\"http:\/\/blogdoarmindomaia.com.br\/wp-content\/uploads\/2024\/04\/7c92764f-a6e6-460b-bd3f-2b6b4951092d-577x1024.jpg 577w, http:\/\/blogdoarmindomaia.com.br\/wp-content\/uploads\/2024\/04\/7c92764f-a6e6-460b-bd3f-2b6b4951092d-169x300.jpg 169w, http:\/\/blogdoarmindomaia.com.br\/wp-content\/uploads\/2024\/04\/7c92764f-a6e6-460b-bd3f-2b6b4951092d-768x1362.jpg 768w, http:\/\/blogdoarmindomaia.com.br\/wp-content\/uploads\/2024\/04\/7c92764f-a6e6-460b-bd3f-2b6b4951092d-866x1536.jpg 866w, http:\/\/blogdoarmindomaia.com.br\/wp-content\/uploads\/2024\/04\/7c92764f-a6e6-460b-bd3f-2b6b4951092d.jpg 902w\" sizes=\"auto, (max-width: 577px) 100vw, 577px\" \/><\/figure>\n\n\n\n<figure class=\"wp-block-image size-full is-style-default\"><img loading=\"lazy\" decoding=\"async\" width=\"1024\" height=\"683\" src=\"http:\/\/blogdoarmindomaia.com.br\/wp-content\/uploads\/2024\/04\/60f01b10-2611-460e-9fa1-ac01d1b854a8.jpg\" alt=\"\" class=\"wp-image-7397\" srcset=\"http:\/\/blogdoarmindomaia.com.br\/wp-content\/uploads\/2024\/04\/60f01b10-2611-460e-9fa1-ac01d1b854a8.jpg 1024w, http:\/\/blogdoarmindomaia.com.br\/wp-content\/uploads\/2024\/04\/60f01b10-2611-460e-9fa1-ac01d1b854a8-300x200.jpg 300w, http:\/\/blogdoarmindomaia.com.br\/wp-content\/uploads\/2024\/04\/60f01b10-2611-460e-9fa1-ac01d1b854a8-768x512.jpg 768w\" sizes=\"auto, (max-width: 1024px) 100vw, 1024px\" \/><\/figure>\n\n\n\n<p>No \u00faltimo dia 9 de abril se comemorou o Dia Nacional da Biblioteca. Uma data simb\u00f3lica, mas muito importante. Ainda mais quando se tem um espa\u00e7o p\u00fablico de promo\u00e7\u00e3o da cultura, da forma\u00e7\u00e3o e do conhecimento, como \u00e9 a Biblioteca Municipal Viriato Correia em Arax\u00e1.&nbsp; A &nbsp;Biblioteca P\u00fablica Municipal de Arax\u00e1 foi fundada em 26 de junho de 1950 pela Lei Municipal n\u00ba 118. A primeira sede foi inaugurada em 30 de mar\u00e7o de 1957, tendo como patrono homenageado, o escritor maranhense, membro da Academia Brasileira de Letras, &#8220;Manuel Viriato Correia Baima do Lago Filho\u201d, ocasi\u00e3o essa, em que foi constitu\u00edda a Sociedade dos Amigos da Biblioteca de Arax\u00e1 (SABIA).<\/p>\n\n\n\n<p>Durante mais de sete d\u00e9cadas de exist\u00eancia, a biblioteca construiu o seu legado na hist\u00f3ria de Arax\u00e1, acompanhou a evolu\u00e7\u00e3o dos tempos e soube modificar-se. Projetos relevantes, conquistas e inova\u00e7\u00f5es tecnol\u00f3gicas fizeram do seu espa\u00e7o um lugar convidativo onde a comunidade tem acesso amplo e irrestrito \u00e0 informa\u00e7\u00e3o, ao conhecimento, ao lazer e \u00e0 cultura. O acervo geral encontra-se todo informatizado e as obras podem ser acessadas via cat\u00e1logo digital no site: https:\/\/www.araxa.mg.gov.br\/<\/p>\n\n\n\n<p>O acervo geral possui 40.731 volumes e 34.357 t\u00edtulos. A demanda mais expressiva de empr\u00e9stimo de livros \u00e9 da \u00e1rea de literatura (brasileira e estrangeira) para todas as idades e nos diversos estilos liter\u00e1rios: poesias, contos, romances, cr\u00f4nicas, fic\u00e7\u00e3o, etc). Com rela\u00e7\u00e3o \u00e0s pesquisas, a grande maioria, \u00e9 realizada na internet, com orienta\u00e7\u00e3o e apoio da equipe da biblioteca visando o acesso seguro \u00e0s plataformas virtuais de dom\u00ednio p\u00fablico.<\/p>\n\n\n\n<p>Um segmento significativo do acervo \u00e9 formado por cole\u00e7\u00f5es de mem\u00f3rias como patrim\u00f4nio cultural local e da regi\u00e3o. Em espa\u00e7os diferenciados, a biblioteca d\u00e1 destaque, valoriza e dissemina as cole\u00e7\u00f5es de escritores araxaenses e mineiros. Al\u00e9m da sede central, conta ainda com tr\u00eas unidades sucursais nos bairros e na zona rural, uma biblioteca braille, destinada aos deficientes visuais e a unidade itinerante, Biblioteca M\u00f3vel \u201cEmbarque nas Letras\u201d. Os espa\u00e7os da biblioteca encontram-se distribu\u00eddos em \u00e1reas espec\u00edficas: acervo geral, cole\u00e7\u00e3o de refer\u00eancia, literatura infantojuvenil, cole\u00e7\u00e3o de escritores araxaenses, cole\u00e7\u00e3o mineiriana, estudos em grupo, estudo individual, \u00e1rea de computadores com internet wi-fi, setor de empr\u00e9stimo, esta\u00e7\u00e3o de oficinas e artes, setor de reparos e conserva\u00e7\u00e3o do acervo e \u00e1reas administrativas. Projetos de incentivo \u00e0 leitura, eventos culturais e educativos e programas diversos fazem parte do cronograma de atividades da biblioteca, desenvolvido pela equipe de profissionais bibliotec\u00e1rios, auxiliares de biblioteca, volunt\u00e1rios e entidades parceiras.<\/p>\n\n\n\n<p>Em mar\u00e7o 2024, a Biblioteca Municipal de Arax\u00e1 integrou-se \u00e0 rede \u201cMinas Criativa\u201d, uma plataforma da Secretaria Estadual de Cultura e Turismo (SECULT) que abriu espa\u00e7o para a divulga\u00e7\u00e3o das atividades promovidas pelas bibliotecas p\u00fablicas de MG como forma de incentivar, valorizar e dar visibilidade \u00e0s a\u00e7\u00f5es culturais.<\/p>\n\n\n\n<p>Dentre as a\u00e7\u00f5es culturais mais recentes destacam-se:<\/p>\n\n\n\n<p>&#8211; Projeto \u201cEntre Linhas e Letras\u201d, formado por um grupo de bordadeiras que associam o artesanato e a literatura nas quintas-feiras;<\/p>\n\n\n\n<p>&#8211; Programa de Inclus\u00e3o e Acessibilidade aos Deficientes Visuais que acontece, nas sextas-feiras, \u00e0s 8h30, na Se\u00e7\u00e3o Braille do Centro Cultural UNIARAX\u00c1;<\/p>\n\n\n\n<p>&#8211; Projeto itinerante \u201cEmbarque nas Letras\u201d : visita agendada da biblioteca m\u00f3vel \u00e0s escolas em ocasi\u00f5es especiais de eventos.<\/p>\n\n\n\n<p>&#8211; Oficina \u201cDesvendando o Turbante\u201d, em comemora\u00e7\u00e3o \u00e0 IV Semana Estadual de Incentivo \u00e0 Literatura, com \u00eanfase \u00e0s afromineiridades, acontecer\u00e1 no dia 18\/ 4.<\/p>\n\n\n\n<p>&#8211; Feira de troca de livros entre a biblioteca e a comunidade;<\/p>\n\n\n\n<p>&#8211; Visitas agendadas dos estudantes \u00e0 Biblioteca.<\/p>\n\n\n\n<p>Todas as a\u00e7\u00f5es culturais programadas e desenvolvidas s\u00e3o divulgadas e podem ser acompanhadas nos canais de comunica\u00e7\u00e3o da biblioteca: &nbsp;Instragran, Facebook e WhatsApp ( 3691 7146). Vale destacar que esse espa\u00e7o liter\u00e1rio, de pesquisa e conhecimento, \u00e9 muito bem comandado pela &nbsp;<em><strong>diretora da biblioteca<\/strong><\/em>,&nbsp;<em><strong>Maria Clara<\/strong><\/em>&nbsp;Fonseca.<\/p>\n","protected":false},"excerpt":{"rendered":"<p>No \u00faltimo dia 9 de abril se comemorou o Dia Nacional da Biblioteca. Uma data simb\u00f3lica, mas muito importante. Ainda<\/p>\n","protected":false},"author":2,"featured_media":7396,"comment_status":"open","ping_status":"open","sticky":false,"template":"","format":"standard","meta":{"footnotes":""},"categories":[9,11],"tags":[],"class_list":["post-7395","post","type-post","status-publish","format-standard","has-post-thumbnail","hentry","category-araxa","category-destaques"],"_links":{"self":[{"href":"http:\/\/blogdoarmindomaia.com.br\/index.php?rest_route=\/wp\/v2\/posts\/7395","targetHints":{"allow":["GET"]}}],"collection":[{"href":"http:\/\/blogdoarmindomaia.com.br\/index.php?rest_route=\/wp\/v2\/posts"}],"about":[{"href":"http:\/\/blogdoarmindomaia.com.br\/index.php?rest_route=\/wp\/v2\/types\/post"}],"author":[{"embeddable":true,"href":"http:\/\/blogdoarmindomaia.com.br\/index.php?rest_route=\/wp\/v2\/users\/2"}],"replies":[{"embeddable":true,"href":"http:\/\/blogdoarmindomaia.com.br\/index.php?rest_route=%2Fwp%2Fv2%2Fcomments&post=7395"}],"version-history":[{"count":1,"href":"http:\/\/blogdoarmindomaia.com.br\/index.php?rest_route=\/wp\/v2\/posts\/7395\/revisions"}],"predecessor-version":[{"id":7399,"href":"http:\/\/blogdoarmindomaia.com.br\/index.php?rest_route=\/wp\/v2\/posts\/7395\/revisions\/7399"}],"wp:featuredmedia":[{"embeddable":true,"href":"http:\/\/blogdoarmindomaia.com.br\/index.php?rest_route=\/wp\/v2\/media\/7396"}],"wp:attachment":[{"href":"http:\/\/blogdoarmindomaia.com.br\/index.php?rest_route=%2Fwp%2Fv2%2Fmedia&parent=7395"}],"wp:term":[{"taxonomy":"category","embeddable":true,"href":"http:\/\/blogdoarmindomaia.com.br\/index.php?rest_route=%2Fwp%2Fv2%2Fcategories&post=7395"},{"taxonomy":"post_tag","embeddable":true,"href":"http:\/\/blogdoarmindomaia.com.br\/index.php?rest_route=%2Fwp%2Fv2%2Ftags&post=7395"}],"curies":[{"name":"wp","href":"https:\/\/api.w.org\/{rel}","templated":true}]}}