{"id":7400,"date":"2024-04-12T14:49:08","date_gmt":"2024-04-12T17:49:08","guid":{"rendered":"http:\/\/blogdoarmindomaia.com.br\/?p=7400"},"modified":"2024-04-12T14:49:10","modified_gmt":"2024-04-12T17:49:10","slug":"memoria-interacao-dom-jose-gaspar","status":"publish","type":"post","link":"http:\/\/blogdoarmindomaia.com.br\/?p=7400","title":{"rendered":"Mem\u00f3ria Intera\u00e7\u00e3o: Dom Jos\u00e9 Gaspar"},"content":{"rendered":"\n<p>Rua Dom Jos\u00e9 Gaspar \u2013 Arax\u00e1<\/p>\n\n\n\n<p>Localizada na regi\u00e3o central\u00a0 de Arax\u00e1, a rua Dom Jos\u00e9 Gaspar \u00e9 uma das mais tradicionais vias da cidade. Ela tem aproximadamente um quilometro de extens\u00e3o e abriga \u00a0pr\u00e9dios residenciais e comerciais. A rua Dom Jos\u00e9 Gaspar come\u00e7a no cruzamento\u00a0 com a rua Virg\u00edlio de Abreu e termina no cruzamento com avenida Ant\u00f4nio Carlos. Ela cruza tamb\u00e9m com as ruas Mariano de \u00c1vila, Nossa Senhora da Concei\u00e7\u00e3o e com a avenida Senador Montandon. Ao longo da via al\u00e9m dos pr\u00e9dios residenciais, tamb\u00e9m comp\u00f5em a rua, cl\u00ednicas m\u00e9dicas e odontol\u00f3gicas, escolas de l\u00edngua, bares, lanchonetes, lojas de confec\u00e7\u00f5es e cal\u00e7ados, empresas de seguro, telefonia, escrit\u00f3rios, laborat\u00f3rio, entre outros. A via se caracteriza por ser toda arborizada.\u00a0\u00a0\u00a0\u00a0 \u00a0<\/p>\n\n\n\n<figure class=\"wp-block-image size-large is-style-default\"><img loading=\"lazy\" decoding=\"async\" width=\"1024\" height=\"768\" src=\"http:\/\/blogdoarmindomaia.com.br\/wp-content\/uploads\/2024\/04\/Inicio-da-rua-cruzamento-com-a-rua-Virgilio-de-Abreu-1024x768.jpg\" alt=\"\" class=\"wp-image-7401\" srcset=\"http:\/\/blogdoarmindomaia.com.br\/wp-content\/uploads\/2024\/04\/Inicio-da-rua-cruzamento-com-a-rua-Virgilio-de-Abreu-1024x768.jpg 1024w, http:\/\/blogdoarmindomaia.com.br\/wp-content\/uploads\/2024\/04\/Inicio-da-rua-cruzamento-com-a-rua-Virgilio-de-Abreu-300x225.jpg 300w, http:\/\/blogdoarmindomaia.com.br\/wp-content\/uploads\/2024\/04\/Inicio-da-rua-cruzamento-com-a-rua-Virgilio-de-Abreu-768x576.jpg 768w, http:\/\/blogdoarmindomaia.com.br\/wp-content\/uploads\/2024\/04\/Inicio-da-rua-cruzamento-com-a-rua-Virgilio-de-Abreu.jpg 1280w\" sizes=\"auto, (max-width: 1024px) 100vw, 1024px\" \/><\/figure>\n\n\n\n<figure class=\"wp-block-image size-large is-style-default\"><img loading=\"lazy\" decoding=\"async\" width=\"1024\" height=\"768\" src=\"http:\/\/blogdoarmindomaia.com.br\/wp-content\/uploads\/2024\/04\/Cruzamento-com-a-avenida-Antonio-Carlos-1024x768.jpg\" alt=\"\" class=\"wp-image-7402\" srcset=\"http:\/\/blogdoarmindomaia.com.br\/wp-content\/uploads\/2024\/04\/Cruzamento-com-a-avenida-Antonio-Carlos-1024x768.jpg 1024w, http:\/\/blogdoarmindomaia.com.br\/wp-content\/uploads\/2024\/04\/Cruzamento-com-a-avenida-Antonio-Carlos-300x225.jpg 300w, http:\/\/blogdoarmindomaia.com.br\/wp-content\/uploads\/2024\/04\/Cruzamento-com-a-avenida-Antonio-Carlos-768x576.jpg 768w, http:\/\/blogdoarmindomaia.com.br\/wp-content\/uploads\/2024\/04\/Cruzamento-com-a-avenida-Antonio-Carlos.jpg 1280w\" sizes=\"auto, (max-width: 1024px) 100vw, 1024px\" \/><\/figure>\n\n\n\n<figure class=\"wp-block-image size-large is-resized is-style-default\"><img loading=\"lazy\" decoding=\"async\" width=\"1024\" height=\"768\" src=\"http:\/\/blogdoarmindomaia.com.br\/wp-content\/uploads\/2024\/04\/Cruzamento-com-a-rua-Mariano-de-Avila-1024x768.jpg\" alt=\"\" class=\"wp-image-7403\" style=\"width:1140px;height:auto\" srcset=\"http:\/\/blogdoarmindomaia.com.br\/wp-content\/uploads\/2024\/04\/Cruzamento-com-a-rua-Mariano-de-Avila-1024x768.jpg 1024w, http:\/\/blogdoarmindomaia.com.br\/wp-content\/uploads\/2024\/04\/Cruzamento-com-a-rua-Mariano-de-Avila-300x225.jpg 300w, http:\/\/blogdoarmindomaia.com.br\/wp-content\/uploads\/2024\/04\/Cruzamento-com-a-rua-Mariano-de-Avila-768x576.jpg 768w, http:\/\/blogdoarmindomaia.com.br\/wp-content\/uploads\/2024\/04\/Cruzamento-com-a-rua-Mariano-de-Avila.jpg 1280w\" sizes=\"auto, (max-width: 1024px) 100vw, 1024px\" \/><\/figure>\n\n\n\n<p><\/p>\n\n\n\n<figure class=\"wp-block-image size-large is-style-default\"><img loading=\"lazy\" decoding=\"async\" width=\"1024\" height=\"765\" src=\"http:\/\/blogdoarmindomaia.com.br\/wp-content\/uploads\/2024\/04\/15-1024x765.jpg\" alt=\"\" class=\"wp-image-7405\" srcset=\"http:\/\/blogdoarmindomaia.com.br\/wp-content\/uploads\/2024\/04\/15-1024x765.jpg 1024w, http:\/\/blogdoarmindomaia.com.br\/wp-content\/uploads\/2024\/04\/15-300x224.jpg 300w, http:\/\/blogdoarmindomaia.com.br\/wp-content\/uploads\/2024\/04\/15-768x573.jpg 768w, http:\/\/blogdoarmindomaia.com.br\/wp-content\/uploads\/2024\/04\/15-1536x1147.jpg 1536w, http:\/\/blogdoarmindomaia.com.br\/wp-content\/uploads\/2024\/04\/15-2048x1529.jpg 2048w\" sizes=\"auto, (max-width: 1024px) 100vw, 1024px\" \/><\/figure>\n\n\n\n<p>Escola Estadual Dom Jos\u00e9 Gaspar<\/p>\n\n\n\n<figure class=\"wp-block-image size-full is-style-default\"><img loading=\"lazy\" decoding=\"async\" width=\"276\" height=\"183\" src=\"http:\/\/blogdoarmindomaia.com.br\/wp-content\/uploads\/2024\/04\/Escola-Estadual-Dom-Jose-Gaspar.jpg\" alt=\"\" class=\"wp-image-7404\"\/><\/figure>\n\n\n\n<p>O Col\u00e9gio Estadual \u201cDom Jos\u00e9 Gaspar\u201d de Arax\u00e1 (hoje Escola Estadual \u201cDom Jos\u00e9 Gaspar\u201d) foi criado em 1965, tendo seu funcionamento autorizado em 25 de mar\u00e7o de 1966, e suas atividades iniciadas em 1\u00ba de abril do mesmo ano. Desde o princ\u00edpio, o objetivo era oferecer ensino de 1\u00ba e 2\u00ba graus (hoje Ensino Fundamental e M\u00e9dio, respectivamente). Foi o primeiro col\u00e9gio p\u00fablico da cidade a oferecer ensino secundarista. Na \u00e9poca, era disponibilizado somente por uma escola particular. A princ\u00edpio, por n\u00e3o possuir sede pr\u00f3pria, seu funcionamento se deu em regime de loca\u00e7\u00e3o, sendo seu primeiro endere\u00e7o a antiga Escola de Com\u00e9rcio (atual Col\u00e9gio Atena). Em 1971, em raz\u00e3o do crescente n\u00famero de matr\u00edculas, criou-se o curso noturno, seu primeiro anexo, no ent\u00e3o Grupo Escolar \u201cDelfim Moreira\u201d. Em 1972, firmou-se um conv\u00eanio entre a Prefeitura Municipal de Arax\u00e1 e a Secretaria de Estado da Educa\u00e7\u00e3o, criando seu segundo anexo, no pr\u00e9dio da atual Escola Estadual Vasco Santos, a qual permaneceu desativada no per\u00edodo de 1971 a 1975.<\/p>\n\n\n\n<p>Em 1975, ap\u00f3s quase dez anos de atividades voltadas para a forma\u00e7\u00e3o de alunos de 1\u00ba e 2\u00ba graus, o Col\u00e9gio \u201cDom Jos\u00e9 Gaspar\u201d se v\u00ea obrigado a perder mais de oitenta por cento de seus alunos, em raz\u00e3o de um decreto estadual que estabelecia o funcionamento do curso de 1\u00ba grau de forma aut\u00f4noma, sob a denomina\u00e7\u00e3o de Escola Estadual \u201cVasco Santos\u201d. Nessa divis\u00e3o, a escola que atendia 3.200 alunos em 71 classes, teve esse n\u00famero reduzido a apenas 550 alunos em 14 classes de 2\u00ba grau.<\/p>\n\n\n\n<p>O Poder P\u00fablico municipal j\u00e1 vislumbrava a edifica\u00e7\u00e3o da sede pr\u00f3pria da escola, o que come\u00e7ou a se materializar com a doa\u00e7\u00e3o, pela CBMM, do terreno para esse fim.\u00a0 Custeado pela Prefeitura, o pr\u00e9dio contaria com 15 salas de aula, laborat\u00f3rios, biblioteca, enfermaria, sala de recursos did\u00e1ticos, cantina, sala de professores, diretoria, secretaria, p\u00e1tio, etc., o que totalizaria 2.500 m<sup>2<\/sup> de \u00e1rea constru\u00edda. A ousadia do projeto arquitet\u00f4nico, de responsabilidade do arquiteto araxaense Marcello Gusm\u00e3o Machado, \u00a0despertou admira\u00e7\u00e3o de toda a comunidade, inclusive do ent\u00e3o governador de Minas Gerais, Francelino Pereira dos Santos. A obra foi realizada pela Construtora Zema, sob a supervis\u00e3o do engenheiro H\u00e9lio Carneiro Alves. A solenidade de inaugura\u00e7\u00e3o, em 12 de mar\u00e7o 1982, contou com expressivo p\u00fablico, al\u00e9m de autoridades da \u00e9poca como o governador do Estado, Francelino Pereira dos Santos, o prefeito Aracely de Paula, o secret\u00e1rio de educa\u00e7\u00e3o, Eduardo Levindo Coelho, o deputado estadual Carlos Jos\u00e9 Lemos, a diretora, Rosa Maria Chaer Dib de Siqueira, familiares do patrono Dom Jos\u00e9 Gaspar de Affonseca e Silva e ainda professores, alunos e funcion\u00e1rios da escola.<\/p>\n\n\n\n<p>Voc\u00ea sabia que foi Dom Jos\u00e9 Gaspar?<\/p>\n\n\n\n<figure class=\"wp-block-image size-large is-style-default\"><img loading=\"lazy\" decoding=\"async\" width=\"1024\" height=\"1024\" src=\"http:\/\/blogdoarmindomaia.com.br\/wp-content\/uploads\/2024\/04\/Memoria-Intereacao-destaca-Dom-Jose-Gaspar-pag-12-PeB-1024x1024.jpg\" alt=\"\" class=\"wp-image-7406\" srcset=\"http:\/\/blogdoarmindomaia.com.br\/wp-content\/uploads\/2024\/04\/Memoria-Intereacao-destaca-Dom-Jose-Gaspar-pag-12-PeB-1024x1024.jpg 1024w, http:\/\/blogdoarmindomaia.com.br\/wp-content\/uploads\/2024\/04\/Memoria-Intereacao-destaca-Dom-Jose-Gaspar-pag-12-PeB-300x300.jpg 300w, http:\/\/blogdoarmindomaia.com.br\/wp-content\/uploads\/2024\/04\/Memoria-Intereacao-destaca-Dom-Jose-Gaspar-pag-12-PeB-150x150.jpg 150w, http:\/\/blogdoarmindomaia.com.br\/wp-content\/uploads\/2024\/04\/Memoria-Intereacao-destaca-Dom-Jose-Gaspar-pag-12-PeB-768x768.jpg 768w, http:\/\/blogdoarmindomaia.com.br\/wp-content\/uploads\/2024\/04\/Memoria-Intereacao-destaca-Dom-Jose-Gaspar-pag-12-PeB.jpg 1398w\" sizes=\"auto, (max-width: 1024px) 100vw, 1024px\" \/><\/figure>\n\n\n\n<figure class=\"wp-block-image size-full is-style-default\"><img loading=\"lazy\" decoding=\"async\" width=\"821\" height=\"557\" src=\"http:\/\/blogdoarmindomaia.com.br\/wp-content\/uploads\/2024\/04\/Dom-Jose-Gaspar-em-1944-peb.jpg\" alt=\"\" class=\"wp-image-7407\" srcset=\"http:\/\/blogdoarmindomaia.com.br\/wp-content\/uploads\/2024\/04\/Dom-Jose-Gaspar-em-1944-peb.jpg 821w, http:\/\/blogdoarmindomaia.com.br\/wp-content\/uploads\/2024\/04\/Dom-Jose-Gaspar-em-1944-peb-300x204.jpg 300w, http:\/\/blogdoarmindomaia.com.br\/wp-content\/uploads\/2024\/04\/Dom-Jose-Gaspar-em-1944-peb-768x521.jpg 768w\" sizes=\"auto, (max-width: 821px) 100vw, 821px\" \/><\/figure>\n\n\n\n<p>Filho de uma das mais tradicionais, cultas e mobilizadas fam\u00edlias de Arax\u00e1 em todos os tempos (Afonseca e Silva), Jos\u00e9 Gaspar de Afonseca e Silva nasceu no dia 6 de janeiro de 1901 e era filho do farmac\u00eautico e memorialista Sebasti\u00e3o de Afonseca e Silva e de Prozalina Porf\u00edrio Afonseca. Jos\u00e9 Gaspar viveu e cresceu num ambiente familiar, permeado por intensa religiosidade. Sua intelig\u00eancia \u00edmpar, base familiar reta e voca\u00e7\u00e3o religiosa o levaram, ainda jovem, a ser sacerdote (1923), professor (doutorou-se em Direito Can\u00f4nico pela Universidade de Roma (1927) e reitor do Semin\u00e1rio Central da Imaculada Concei\u00e7\u00e3o. Os degraus de sua carreira religiosa foram alcan\u00e7ados, um a um, por m\u00e9rito estritamente pessoal. Os especialistas brasileiros em hist\u00f3ria da religi\u00e3o cat\u00f3lica n\u00e3o se cansam de valorizar o fato de um religioso que, mesmo n\u00e3o sendo paulista, chegou ao topo do Arcebispado de S\u00e3o Paulo. Antes de ser designado Arcebispo de S\u00e3o Paulo (1939), o mineiro de Arax\u00e1 foi tamb\u00e9m Bispo (1935). Em 1942, organizou o IV Congresso Eucar\u00edstico Nacional. Dedicou sua vida ao \u00eaxito do evento e morreu um ano depois, em acidente a\u00e9reo, quando chegava ao Rio de Janeiro. A sua morte prematura, aos 42 anos de idade, levou \u00e0 como\u00e7\u00e3o milhares de pessoas que assistiram ao seu funeral em S\u00e3o Paulo. O acontecimento ganhou a cobertura da imprensa nacional. Os principais jornais e revistas brasileiros lamentaram a perda de um expoente do catolicismo no Brasil.   <\/p>\n","protected":false},"excerpt":{"rendered":"<p>Rua Dom Jos\u00e9 Gaspar \u2013 Arax\u00e1 Localizada na regi\u00e3o central\u00a0 de Arax\u00e1, a rua Dom Jos\u00e9 Gaspar \u00e9 uma das<\/p>\n","protected":false},"author":2,"featured_media":7406,"comment_status":"open","ping_status":"open","sticky":false,"template":"","format":"standard","meta":{"footnotes":""},"categories":[9,11],"tags":[],"class_list":["post-7400","post","type-post","status-publish","format-standard","has-post-thumbnail","hentry","category-araxa","category-destaques"],"_links":{"self":[{"href":"http:\/\/blogdoarmindomaia.com.br\/index.php?rest_route=\/wp\/v2\/posts\/7400","targetHints":{"allow":["GET"]}}],"collection":[{"href":"http:\/\/blogdoarmindomaia.com.br\/index.php?rest_route=\/wp\/v2\/posts"}],"about":[{"href":"http:\/\/blogdoarmindomaia.com.br\/index.php?rest_route=\/wp\/v2\/types\/post"}],"author":[{"embeddable":true,"href":"http:\/\/blogdoarmindomaia.com.br\/index.php?rest_route=\/wp\/v2\/users\/2"}],"replies":[{"embeddable":true,"href":"http:\/\/blogdoarmindomaia.com.br\/index.php?rest_route=%2Fwp%2Fv2%2Fcomments&post=7400"}],"version-history":[{"count":1,"href":"http:\/\/blogdoarmindomaia.com.br\/index.php?rest_route=\/wp\/v2\/posts\/7400\/revisions"}],"predecessor-version":[{"id":7408,"href":"http:\/\/blogdoarmindomaia.com.br\/index.php?rest_route=\/wp\/v2\/posts\/7400\/revisions\/7408"}],"wp:featuredmedia":[{"embeddable":true,"href":"http:\/\/blogdoarmindomaia.com.br\/index.php?rest_route=\/wp\/v2\/media\/7406"}],"wp:attachment":[{"href":"http:\/\/blogdoarmindomaia.com.br\/index.php?rest_route=%2Fwp%2Fv2%2Fmedia&parent=7400"}],"wp:term":[{"taxonomy":"category","embeddable":true,"href":"http:\/\/blogdoarmindomaia.com.br\/index.php?rest_route=%2Fwp%2Fv2%2Fcategories&post=7400"},{"taxonomy":"post_tag","embeddable":true,"href":"http:\/\/blogdoarmindomaia.com.br\/index.php?rest_route=%2Fwp%2Fv2%2Ftags&post=7400"}],"curies":[{"name":"wp","href":"https:\/\/api.w.org\/{rel}","templated":true}]}}