{"id":7409,"date":"2024-04-12T14:52:20","date_gmt":"2024-04-12T17:52:20","guid":{"rendered":"http:\/\/blogdoarmindomaia.com.br\/?p=7409"},"modified":"2024-04-12T14:52:23","modified_gmt":"2024-04-12T17:52:23","slug":"araxa-se-prepara-para-receber-a-copa-do-mundo-de-mtb","status":"publish","type":"post","link":"http:\/\/blogdoarmindomaia.com.br\/?p=7409","title":{"rendered":"Arax\u00e1 se prepara para receber a Copa do Mundo de MTB"},"content":{"rendered":"\n<figure class=\"wp-block-image size-large is-style-default\"><img loading=\"lazy\" decoding=\"async\" width=\"1024\" height=\"768\" src=\"http:\/\/blogdoarmindomaia.com.br\/wp-content\/uploads\/2024\/04\/Araxa-se-prepara-para-receber-a-Copa-do-Mundo-de-MTB-pag-13-1024x768.jpg\" alt=\"\" class=\"wp-image-7410\" srcset=\"http:\/\/blogdoarmindomaia.com.br\/wp-content\/uploads\/2024\/04\/Araxa-se-prepara-para-receber-a-Copa-do-Mundo-de-MTB-pag-13-1024x768.jpg 1024w, http:\/\/blogdoarmindomaia.com.br\/wp-content\/uploads\/2024\/04\/Araxa-se-prepara-para-receber-a-Copa-do-Mundo-de-MTB-pag-13-300x225.jpg 300w, http:\/\/blogdoarmindomaia.com.br\/wp-content\/uploads\/2024\/04\/Araxa-se-prepara-para-receber-a-Copa-do-Mundo-de-MTB-pag-13-768x576.jpg 768w, http:\/\/blogdoarmindomaia.com.br\/wp-content\/uploads\/2024\/04\/Araxa-se-prepara-para-receber-a-Copa-do-Mundo-de-MTB-pag-13-1536x1152.jpg 1536w, http:\/\/blogdoarmindomaia.com.br\/wp-content\/uploads\/2024\/04\/Araxa-se-prepara-para-receber-a-Copa-do-Mundo-de-MTB-pag-13-2048x1536.jpg 2048w\" sizes=\"auto, (max-width: 1024px) 100vw, 1024px\" \/><\/figure>\n\n\n\n<p>O tempo est\u00e1 se esgotando e, na pr\u00f3xima semana, de 18 a 21 de abril, Arax\u00e1 estar\u00e1 pronta para entrar para a hist\u00f3ria do Mundial de MTB. Atletas de v\u00e1rios pa\u00edses j\u00e1 est\u00e3o inscritos para a etapa da World Cup Series 2024 da UCI. Trinta e sete pa\u00edses, incluindo o Brasil, confirmaram presen\u00e7a. Com atletas, equipes e p\u00fablico em geral, a cidade busca realizar um grande evento para consolidar a bandeira do mundial definitivamente no calend\u00e1rio oficial da competi\u00e7\u00e3o mundial em Arax\u00e1, assim como aconteceu com a CIMTB, que ser\u00e1 realizada pela 22\u00aa vez na semana seguinte ao t\u00e9rmino da Copa do Mundo.<\/p>\n\n\n\n<p>Para isso, a cidade conta com seu principal atrativo, onde a competi\u00e7\u00e3o ser\u00e1 realizada: o complexo do Barreiro, que conta com a maravilhosa estrutura do Grande Hotel, somada \u00e0 \u00e1rea natural que proporciona uma pista de alto n\u00edvel, destacando-se como uma das melhores do mundo para a pr\u00e1tica do mountain bike.<\/p>\n\n\n\n<p>No total, s\u00e3o 271 atletas inscritos, entre masculino e feminino, nas categorias elite e sub-23. No masculino, h\u00e1 108 inscritos de 30 pa\u00edses, incluindo Brasil, Su\u00ed\u00e7a, Fran\u00e7a, Alemanha, Rom\u00eania, \u00c1frica do Sul, Let\u00f4nia, It\u00e1lia, B\u00e9lgica, Espanha, Nova Zel\u00e2ndia, EUA, Canad\u00e1, Chile, Gr\u00e3-Bretanha, Dinamarca, Rep\u00fablica Tcheca, Noruega, \u00c1ustria, Israel, Cazaquist\u00e3o, M\u00e9xico, Col\u00f4mbia, Argentina, Jap\u00e3o, China, Est\u00f4nia, Peru e Austr\u00e1lia. Entre as mulheres, h\u00e1 66 inscritas de 26 pa\u00edses, incluindo Brasil, Fran\u00e7a, Su\u00ed\u00e7a, \u00c1ustria, It\u00e1lia, Gr\u00e3-Bretanha, EUA, Austr\u00e1lia, Holanda, Est\u00f4nia, \u00c1frica do Sul, Dinamarca, Su\u00e9cia, Canad\u00e1, Ucr\u00e2nia, Alemanha, Rep\u00fablica Tcheca, Hungria, Israel, Cazaquist\u00e3o, Portugal, Eslov\u00eania, Chile, M\u00e9xico e China.<\/p>\n\n\n\n<p>Na categoria masculina sub-23, h\u00e1 64 inscritos de 22 pa\u00edses, incluindo Brasil, EUA, Su\u00ed\u00e7a, Ucr\u00e2nia, Fran\u00e7a, Nova Zel\u00e2ndia, Dinamarca, Canad\u00e1, \u00c1frica do Sul, Espanha, Alemanha, Rep\u00fablica Tcheca, Noruega, Holanda, It\u00e1lia, Col\u00f4mbia, Portugal, Argentina, Guatemala, Peru e Paraguai. Na categoria feminina sub-23, h\u00e1 33 inscritos de 14 pa\u00edses, incluindo Brasil, Su\u00ed\u00e7a, Alemanha, EUA, Canad\u00e1, Rep\u00fablica Tcheca, Portugal, \u00c1frica do Sul, Fran\u00e7a, \u00c1ustria, M\u00e9xico, It\u00e1lia, China e Chile.<\/p>\n\n\n\n<p><strong>Novidades na Pista:<\/strong><\/p>\n\n\n\n<p>&nbsp;De acordo com o organizador da etapa de Arax\u00e1 do Mundial de MTB, Rog\u00e9rio Bernardes, &#8220;para receber a prova, a pista do Parque do Barreiro em Arax\u00e1, considerada uma das mais t\u00e9cnicas do mundo, passar\u00e1 por altera\u00e7\u00f5es: antes ela tinha a extens\u00e3o de 5 km e meio e passar\u00e1 para 3 km e 800 metros. O objetivo dessa redu\u00e7\u00e3o \u00e9 dar mais intera\u00e7\u00e3o \u00e0 prova, aumentando o n\u00famero de voltas para que o p\u00fablico possa ver os atletas mais vezes.&#8221;<\/p>\n\n\n\n<p><strong>Estrutura:<\/strong><\/p>\n\n\n\n<p>Rog\u00e9rio tamb\u00e9m revelou que &#8220;v\u00e1rias arquibancadas est\u00e3o sendo instaladas em pontos estrat\u00e9gicos, como por exemplo na descida Dona Beija, considerado por atletas e pelo p\u00fablico como um dos pontos de alta adrenalina da pista&#8221;. Entre as mudan\u00e7as estruturais de acesso ao Barreiro, Rog\u00e9rio disse que &#8220;o tr\u00e2nsito no local tamb\u00e9m ser\u00e1 modificado com limita\u00e7\u00e3o apenas para ve\u00edculos autorizados pela organiza\u00e7\u00e3o da prova. Os carros chegar\u00e3o ao local pela estrada velha e voltar\u00e3o pela estrada principal. S\u00f3 ter\u00e3o acesso ao Barreiro \u00f4nibus, t\u00e1xi, moto t\u00e1xi e ve\u00edculos de aplicativo, todos com autoriza\u00e7\u00e3o pr\u00e9via da organiza\u00e7\u00e3o&#8221;. Concluindo, Rog\u00e9rio disse que outras atra\u00e7\u00f5es estar\u00e3o dispon\u00edveis para o p\u00fablico. &#8220;Teremos, em diversas \u00e1reas do Parque do Barreiro, um biciclet\u00e1rio, espa\u00e7os para animais de estima\u00e7\u00e3o e crian\u00e7as, um tel\u00e3o gigante com exibi\u00e7\u00e3o em tempo real das provas, \u00e1rea de caf\u00e9 e uma grande pra\u00e7a de alimenta\u00e7\u00e3o.&#8221;<\/p>\n\n\n\n<p><strong>Top 10 do mundo masculino<\/strong><\/p>\n\n\n\n<p>1\u00ba &#8211; Mathias Fluckinger&nbsp;&nbsp; &#8211;&nbsp; Sui\u00e7a<\/p>\n\n\n\n<p>2\u00ba &#8211; Jordon Sarrou&nbsp;&nbsp;&nbsp;&nbsp;&nbsp;&nbsp;&nbsp;&nbsp;&nbsp;&nbsp; &#8211;&nbsp; Fran\u00e7a<\/p>\n\n\n\n<p>3\u00ba &#8211; Nino Schurter&nbsp;&nbsp;&nbsp;&nbsp;&nbsp;&nbsp;&nbsp;&nbsp;&nbsp;&nbsp;&nbsp; &#8211; Sui\u00e7a<\/p>\n\n\n\n<p>4\u00ba &#8211; Joshua Dubau&nbsp;&nbsp;&nbsp;&nbsp;&nbsp;&nbsp;&nbsp;&nbsp;&nbsp;&nbsp;&nbsp; &#8211; Fran\u00e7a<\/p>\n\n\n\n<p>5\u00ba &#8211; Luca Schwarzbauer &nbsp;&#8211; Alemanha<\/p>\n\n\n\n<p>6\u00ba &#8211; Lars Forster&nbsp;&nbsp;&nbsp;&nbsp;&nbsp;&nbsp;&nbsp;&nbsp;&nbsp;&nbsp;&nbsp;&nbsp;&nbsp; &nbsp;&nbsp;&#8211; Sui\u00e7a<\/p>\n\n\n\n<p>7\u00ba &#8211; Vlad Dascalu&nbsp;&nbsp;&nbsp;&nbsp;&nbsp;&nbsp;&nbsp;&nbsp;&nbsp;&nbsp;&nbsp;&nbsp;&nbsp;&nbsp;&nbsp; &#8211; Rom\u00eania<\/p>\n\n\n\n<p>8\u00ba &#8211; Thomas Griot&nbsp;&nbsp; &nbsp;&nbsp;&nbsp;&nbsp;&nbsp;&nbsp;&nbsp;&nbsp;&nbsp;&nbsp;&#8211; Fran\u00e7a<\/p>\n\n\n\n<p>9\u00ba &#8211; Victor Koretzky&nbsp;&nbsp;&nbsp;&nbsp;&nbsp;&nbsp;&nbsp;&nbsp;&nbsp; &#8211; Fran\u00e7a<\/p>\n\n\n\n<p>10 \u00ba &#8211; Adrien Boichis&nbsp;&nbsp;&nbsp;&nbsp;&nbsp;&nbsp;&nbsp; &#8211; Fran\u00e7a<\/p>\n\n\n\n<p><strong>Top 5 do mundo Feminino<\/strong><\/p>\n\n\n\n<p>1\u00ba &#8211; Pauline Ferrand&nbsp; Prevot&nbsp; &#8211; Fran\u00e7a<\/p>\n\n\n\n<p>2\u00ba &#8211; Loana Lecomte&nbsp;&nbsp;&nbsp;&nbsp;&nbsp;&nbsp;&nbsp;&nbsp;&nbsp;&nbsp;&nbsp;&nbsp;&nbsp;&nbsp;&nbsp; &#8211; Fran\u00e7a<\/p>\n\n\n\n<p>3\u00ba &#8211;&nbsp; Alessandra Keller&nbsp; &nbsp;&nbsp;&nbsp;&nbsp;&nbsp;&nbsp;&nbsp;&nbsp;&nbsp;&#8211; Sui\u00e7a<\/p>\n\n\n\n<p>4\u00ba &#8211; Mona Mitterwallner&nbsp;&nbsp;&nbsp;&nbsp;&nbsp; &#8211; Austria<\/p>\n\n\n\n<p>5\u00ba &#8211; Martina Berta&nbsp;&nbsp;&nbsp;&nbsp;&nbsp;&nbsp;&nbsp;&nbsp;&nbsp;&nbsp;&nbsp;&nbsp;&nbsp;&nbsp;&nbsp;&nbsp; &#8211; It\u00e1lia<\/p>\n\n\n\n<p><strong>Top 5 Sub 23<\/strong><\/p>\n\n\n\n<p>1\u00ba &#8211; Riley Amos&nbsp;&nbsp;&nbsp;&nbsp;&nbsp;&nbsp;&nbsp;&nbsp;&nbsp;&nbsp;&nbsp;&nbsp;&nbsp;&nbsp;&nbsp;&nbsp;&nbsp;&nbsp;&nbsp; &#8211; USA<\/p>\n\n\n\n<p>2\u00ba Dario Lillo&nbsp;&nbsp;&nbsp;&nbsp;&nbsp;&nbsp;&nbsp;&nbsp;&nbsp;&nbsp;&nbsp;&nbsp;&nbsp;&nbsp;&nbsp;&nbsp;&nbsp;&nbsp;&nbsp;&nbsp;&nbsp;&nbsp; &#8211; Sui\u00e7a<\/p>\n\n\n\n<p>3\u00ba Alex Junior Malacarne &#8211; Brasil<\/p>\n\n\n\n<p>4 \u00ba Bjor Riley&nbsp;&nbsp;&nbsp;&nbsp;&nbsp;&nbsp;&nbsp;&nbsp;&nbsp;&nbsp;&nbsp;&nbsp;&nbsp;&nbsp;&nbsp;&nbsp;&nbsp;&nbsp;&nbsp;&nbsp; &#8211; USA<\/p>\n\n\n\n<p>5\u00ba &#8211; Oleksandr Hdyma&nbsp;&nbsp; &#8211; Ucr\u00e2nia<\/p>\n\n\n\n<p><strong>Programa\u00e7\u00e3o da etapa da Copa do Mundo de MTB em Arax\u00e1<\/strong><\/p>\n\n\n\n<p>Sexta-feira &#8211; 19\/04\/2024<\/p>\n\n\n\n<p>14h &#8211; Prova Short Tracksub-23 feminina<\/p>\n\n\n\n<p>14h35 &#8211; Prova Short Tracksub-23 masculina<\/p>\n\n\n\n<p>S\u00e1bado &#8211; 20\/04\/2024<\/p>\n\n\n\n<p>12h &#8211; Prova Short Track elite feminina<\/p>\n\n\n\n<p>12h35 &#8211; Prova Short Track elite masculina<\/p>\n\n\n\n<p>15h &#8211; Prova Cross Country Ol\u00edmpico &#8211; Sub-23 masculina<\/p>\n\n\n\n<p>Domingo &#8211; 21\/04\/2024<\/p>\n\n\n\n<p>10h30 &#8211; Prova Cross Country Ol\u00edmpico &#8211; Sub-23 feminina<\/p>\n\n\n\n<p>13h15 &#8211; Prova Cross Country Ol\u00edmpico &#8211; Elite feminina<\/p>\n\n\n\n<p>15h30 &#8211; Prova Cross Country Ol\u00edmpico &#8211; Elite masculina<\/p>\n","protected":false},"excerpt":{"rendered":"<p>O tempo est\u00e1 se esgotando e, na pr\u00f3xima semana, de 18 a 21 de abril, Arax\u00e1 estar\u00e1 pronta para entrar<\/p>\n","protected":false},"author":2,"featured_media":7410,"comment_status":"open","ping_status":"open","sticky":false,"template":"","format":"standard","meta":{"footnotes":""},"categories":[9,11],"tags":[],"class_list":["post-7409","post","type-post","status-publish","format-standard","has-post-thumbnail","hentry","category-araxa","category-destaques"],"_links":{"self":[{"href":"http:\/\/blogdoarmindomaia.com.br\/index.php?rest_route=\/wp\/v2\/posts\/7409","targetHints":{"allow":["GET"]}}],"collection":[{"href":"http:\/\/blogdoarmindomaia.com.br\/index.php?rest_route=\/wp\/v2\/posts"}],"about":[{"href":"http:\/\/blogdoarmindomaia.com.br\/index.php?rest_route=\/wp\/v2\/types\/post"}],"author":[{"embeddable":true,"href":"http:\/\/blogdoarmindomaia.com.br\/index.php?rest_route=\/wp\/v2\/users\/2"}],"replies":[{"embeddable":true,"href":"http:\/\/blogdoarmindomaia.com.br\/index.php?rest_route=%2Fwp%2Fv2%2Fcomments&post=7409"}],"version-history":[{"count":1,"href":"http:\/\/blogdoarmindomaia.com.br\/index.php?rest_route=\/wp\/v2\/posts\/7409\/revisions"}],"predecessor-version":[{"id":7411,"href":"http:\/\/blogdoarmindomaia.com.br\/index.php?rest_route=\/wp\/v2\/posts\/7409\/revisions\/7411"}],"wp:featuredmedia":[{"embeddable":true,"href":"http:\/\/blogdoarmindomaia.com.br\/index.php?rest_route=\/wp\/v2\/media\/7410"}],"wp:attachment":[{"href":"http:\/\/blogdoarmindomaia.com.br\/index.php?rest_route=%2Fwp%2Fv2%2Fmedia&parent=7409"}],"wp:term":[{"taxonomy":"category","embeddable":true,"href":"http:\/\/blogdoarmindomaia.com.br\/index.php?rest_route=%2Fwp%2Fv2%2Fcategories&post=7409"},{"taxonomy":"post_tag","embeddable":true,"href":"http:\/\/blogdoarmindomaia.com.br\/index.php?rest_route=%2Fwp%2Fv2%2Ftags&post=7409"}],"curies":[{"name":"wp","href":"https:\/\/api.w.org\/{rel}","templated":true}]}}