{"id":7420,"date":"2024-04-15T17:03:48","date_gmt":"2024-04-15T20:03:48","guid":{"rendered":"http:\/\/blogdoarmindomaia.com.br\/?p=7420"},"modified":"2024-04-15T17:04:02","modified_gmt":"2024-04-15T20:04:02","slug":"araxa-inaugura-projeto-inedito-e-educacao-inclusiva-voltados-a-criancas-menores-de-5-anos","status":"publish","type":"post","link":"http:\/\/blogdoarmindomaia.com.br\/?p=7420","title":{"rendered":"Arax\u00e1 inaugura projeto in\u00e9dito e educa\u00e7\u00e3o inclusiva voltados a crian\u00e7as menores de 5 anos"},"content":{"rendered":"\n<figure class=\"wp-block-image size-large is-style-default\"><img loading=\"lazy\" decoding=\"async\" width=\"1024\" height=\"768\" src=\"http:\/\/blogdoarmindomaia.com.br\/wp-content\/uploads\/2024\/04\/Araxa-inaugura-projeto-inedito-e-educacao-inclusiva-voltados-pag-03-1024x768.jpeg\" alt=\"\" class=\"wp-image-7421\" srcset=\"http:\/\/blogdoarmindomaia.com.br\/wp-content\/uploads\/2024\/04\/Araxa-inaugura-projeto-inedito-e-educacao-inclusiva-voltados-pag-03-1024x768.jpeg 1024w, http:\/\/blogdoarmindomaia.com.br\/wp-content\/uploads\/2024\/04\/Araxa-inaugura-projeto-inedito-e-educacao-inclusiva-voltados-pag-03-300x225.jpeg 300w, http:\/\/blogdoarmindomaia.com.br\/wp-content\/uploads\/2024\/04\/Araxa-inaugura-projeto-inedito-e-educacao-inclusiva-voltados-pag-03-768x576.jpeg 768w, http:\/\/blogdoarmindomaia.com.br\/wp-content\/uploads\/2024\/04\/Araxa-inaugura-projeto-inedito-e-educacao-inclusiva-voltados-pag-03.jpeg 1280w\" sizes=\"auto, (max-width: 1024px) 100vw, 1024px\" \/><\/figure>\n\n\n\n<figure class=\"wp-block-image size-large is-style-default\"><img loading=\"lazy\" decoding=\"async\" width=\"1024\" height=\"768\" src=\"http:\/\/blogdoarmindomaia.com.br\/wp-content\/uploads\/2024\/04\/Araxa-inaugura-projeto-inedito-e-educacao-inclusiva-voltados-a-criancas-menores-de-5-anos-pag03-1024x768.jpeg\" alt=\"\" class=\"wp-image-7422\" srcset=\"http:\/\/blogdoarmindomaia.com.br\/wp-content\/uploads\/2024\/04\/Araxa-inaugura-projeto-inedito-e-educacao-inclusiva-voltados-a-criancas-menores-de-5-anos-pag03-1024x768.jpeg 1024w, http:\/\/blogdoarmindomaia.com.br\/wp-content\/uploads\/2024\/04\/Araxa-inaugura-projeto-inedito-e-educacao-inclusiva-voltados-a-criancas-menores-de-5-anos-pag03-300x225.jpeg 300w, http:\/\/blogdoarmindomaia.com.br\/wp-content\/uploads\/2024\/04\/Araxa-inaugura-projeto-inedito-e-educacao-inclusiva-voltados-a-criancas-menores-de-5-anos-pag03-768x576.jpeg 768w, http:\/\/blogdoarmindomaia.com.br\/wp-content\/uploads\/2024\/04\/Araxa-inaugura-projeto-inedito-e-educacao-inclusiva-voltados-a-criancas-menores-de-5-anos-pag03.jpeg 1280w\" sizes=\"auto, (max-width: 1024px) 100vw, 1024px\" \/><\/figure>\n\n\n\n<p>O projeto &#8220;CAEIzinho&#8221; foi inaugurado na segunda-feira (15). O programa \u00e9 pioneiro na regi\u00e3o e vai atender 100 crian\u00e7as na faixa et\u00e1ria de 8 meses a 4 anos e 11 meses.<br><br>O espa\u00e7o tem como objetivo levar informa\u00e7\u00e3o \u00e0 popula\u00e7\u00e3o para reduzir a discrimina\u00e7\u00e3o e o preconceito contra crian\u00e7as com atraso no neurodesenvolvimento e inclusive com o Transtorno do Espectro Autista.<br><br>Atendimentos cl\u00ednicos com psic\u00f3logo, fonoaudi\u00f3logo, terapeuta ocupacional, psicopedag\u00f3gico, fisioterapeuta e psiquiatria infanto-juvenil ser\u00e3o oferecidos \u00e0s crian\u00e7as.<br><br>Os recursos pedag\u00f3gicos s\u00e3o essenciais tanto para o desenvolvimento cognitivo, quanto para a assist\u00eancia especializada dos alunos. Os profissionais s\u00e3o capacitados para identificar a necessidade de cada crian\u00e7a e iniciar o acompanhamento o quanto antes.<br><br>O projeto \u00e9 apoiado pelo Conselho Municipal dos Direitos da Crian\u00e7a e Adolescente (CMDCA) e financiado pelo Fundo dos Direitos da Crian\u00e7a e do Adolescente.<br><\/p>\n","protected":false},"excerpt":{"rendered":"<p>O projeto &#8220;CAEIzinho&#8221; foi inaugurado na segunda-feira (15). O programa \u00e9 pioneiro na regi\u00e3o e vai atender 100 crian\u00e7as na<\/p>\n","protected":false},"author":2,"featured_media":0,"comment_status":"open","ping_status":"open","sticky":false,"template":"","format":"standard","meta":{"footnotes":""},"categories":[9,11],"tags":[],"class_list":["post-7420","post","type-post","status-publish","format-standard","hentry","category-araxa","category-destaques"],"_links":{"self":[{"href":"http:\/\/blogdoarmindomaia.com.br\/index.php?rest_route=\/wp\/v2\/posts\/7420","targetHints":{"allow":["GET"]}}],"collection":[{"href":"http:\/\/blogdoarmindomaia.com.br\/index.php?rest_route=\/wp\/v2\/posts"}],"about":[{"href":"http:\/\/blogdoarmindomaia.com.br\/index.php?rest_route=\/wp\/v2\/types\/post"}],"author":[{"embeddable":true,"href":"http:\/\/blogdoarmindomaia.com.br\/index.php?rest_route=\/wp\/v2\/users\/2"}],"replies":[{"embeddable":true,"href":"http:\/\/blogdoarmindomaia.com.br\/index.php?rest_route=%2Fwp%2Fv2%2Fcomments&post=7420"}],"version-history":[{"count":1,"href":"http:\/\/blogdoarmindomaia.com.br\/index.php?rest_route=\/wp\/v2\/posts\/7420\/revisions"}],"predecessor-version":[{"id":7423,"href":"http:\/\/blogdoarmindomaia.com.br\/index.php?rest_route=\/wp\/v2\/posts\/7420\/revisions\/7423"}],"wp:attachment":[{"href":"http:\/\/blogdoarmindomaia.com.br\/index.php?rest_route=%2Fwp%2Fv2%2Fmedia&parent=7420"}],"wp:term":[{"taxonomy":"category","embeddable":true,"href":"http:\/\/blogdoarmindomaia.com.br\/index.php?rest_route=%2Fwp%2Fv2%2Fcategories&post=7420"},{"taxonomy":"post_tag","embeddable":true,"href":"http:\/\/blogdoarmindomaia.com.br\/index.php?rest_route=%2Fwp%2Fv2%2Ftags&post=7420"}],"curies":[{"name":"wp","href":"https:\/\/api.w.org\/{rel}","templated":true}]}}