{"id":7437,"date":"2024-04-18T12:14:29","date_gmt":"2024-04-18T15:14:29","guid":{"rendered":"http:\/\/blogdoarmindomaia.com.br\/?p=7437"},"modified":"2024-04-18T12:14:38","modified_gmt":"2024-04-18T15:14:38","slug":"jorge-mateus-estao-de-volta-a-araxa-apos-10-anos","status":"publish","type":"post","link":"http:\/\/blogdoarmindomaia.com.br\/?p=7437","title":{"rendered":"Jorge &amp; Mateus est\u00e3o de volta a Arax\u00e1 ap\u00f3s 10 anos"},"content":{"rendered":"\n<figure class=\"wp-block-image size-large is-style-default\"><img loading=\"lazy\" decoding=\"async\" width=\"1024\" height=\"683\" src=\"http:\/\/blogdoarmindomaia.com.br\/wp-content\/uploads\/2024\/04\/Jorge-e-1024x683.jpg\" alt=\"\" class=\"wp-image-7438\" srcset=\"http:\/\/blogdoarmindomaia.com.br\/wp-content\/uploads\/2024\/04\/Jorge-e-1024x683.jpg 1024w, http:\/\/blogdoarmindomaia.com.br\/wp-content\/uploads\/2024\/04\/Jorge-e-300x200.jpg 300w, http:\/\/blogdoarmindomaia.com.br\/wp-content\/uploads\/2024\/04\/Jorge-e-768x512.jpg 768w, http:\/\/blogdoarmindomaia.com.br\/wp-content\/uploads\/2024\/04\/Jorge-e-1536x1024.jpg 1536w, http:\/\/blogdoarmindomaia.com.br\/wp-content\/uploads\/2024\/04\/Jorge-e.jpg 1620w\" sizes=\"auto, (max-width: 1024px) 100vw, 1024px\" \/><\/figure>\n\n\n\n<p><em>Show desta quinta-feira (18) promete reencontro emocionante com f\u00e3s ao som dos grandes sucessos da carreira<\/em><\/p>\n\n\n\n<p>\u201cPelo amor de Deus, Jorge &amp; Mateus\u2026\u201d. Os f\u00e3s pediram muito e, ap\u00f3s 10 anos, Jorge &amp; Mateus est\u00e3o de volta a Arax\u00e1 e em um momento especial.&nbsp;Lan\u00e7ada h\u00e1 menos de dois meses, a nova m\u00fasica da dupla, Haver\u00e1 Sinais, chegou em primeiro lugar entre as 200 m\u00fasicas mais tocadas do Spotify Brasil. A can\u00e7\u00e3o, que \u00e9 tema das<em>&nbsp;trends<\/em>&nbsp;do momento na internet, \u00e9 destaque em todos os aplicativos de \u00e1udio e v\u00eddeo. Jorge &amp; Mateus contaram que est\u00e3o felizes com o lan\u00e7amento, \u201cPra gente \u00e9 incr\u00edvel ver que o nosso som tem chegado em tanta gente. Muito obrigado a todos que est\u00e3o ouvindo,\u201d agradeceu a dupla.&nbsp;<\/p>\n\n\n\n<p>O sucesso \u00e9 uma constante para eles. Durante os anos, Jorge &amp; Mateus conquistaram recordes em plataformas de streaming e r\u00e1dios pelo pa\u00eds. Hoje, a dupla \u00e9 considerada um dos principais nomes do sertanejo. J\u00e1 s\u00e3o mais de 10 discos gravados e 60 milh\u00f5es de seguidores nas redes sociais. Recentemente foram indicados ao Grammy Latino com o \u00e1lbum \u201c\u00c9 Simples Assim\u201d.<\/p>\n\n\n\n<p>No show desta quinta-feira (18) a promessa \u00e9 de uma grande sele\u00e7\u00e3o de sucessos, para emocionar e divertir o p\u00fablico. \u201cA gente espera todo mundo. Um beijo grande, Arax\u00e1\u201d.<\/p>\n\n\n\n<p><strong>Isca Beats e Palco 02<\/strong><\/p>\n\n\n\n<p>Isca Beats \u00e9 o DJ que mais tem se destacado na capital mineira com sua leitura de pista apurada e criatividade nos shows. Os seus sets, recheados de produ\u00e7\u00f5es autorais, trazem as m\u00fasicas mais queridas pelo p\u00fablico passando desde a nostalgia at\u00e9 os hits mais atuais, dentro de uma roupagem Eletrofunk que n\u00e3o deixa ningu\u00e9m parado.<\/p>\n\n\n\n<p>No Arax\u00e1 Rodeio Show, Isca promete incendiar o palco central. \u201c\u00c9 uma proposta muito bacana trazer para a festa uma pegada de m\u00fasica eletr\u00f4nica e funk. Mal posso esperar para mostrar ao vivo, o que venho trabalhando nos \u00faltimos meses\u201d, diz.<\/p>\n\n\n\n<p>O Arax\u00e1 Rodeio Show tamb\u00e9m tem o segundo dia de Palco 02<em>&nbsp;<\/em>nesta quinta (18). A atra\u00e7\u00e3o da noite \u00e9 o Trio Latitude 19 com Vanin, Alessandro e Wender.<\/p>\n\n\n\n<p><strong>A quarta no ARS<\/strong><\/p>\n\n\n\n<p>Muita gente compareceu ao Parque de Exposi\u00e7\u00f5es Agenor Lemos no primeiro dia de Arax\u00e1 Rodeio Show. A dupla sertaneja de Arax\u00e1, Luiz Neto e Gustavo abriu a festa e esquentou o p\u00fablico para o fen\u00f4meno Luan Pereira. O jovem, ali\u00e1s, fez um show bastante animado e cantou os principais sucessos da carreira. A noite foi encerrada no Palco 02 com a apresenta\u00e7\u00e3o da banda 4 Rock Bar Duo.<\/p>\n\n\n\n<p>A cobertura completa voc\u00ea confere no @araxarodeioshow<\/p>\n\n\n\n<p><strong>ARS 2024<\/strong><\/p>\n\n\n\n<p>O Arax\u00e1 Rodeio Show \u00e9 a principal festa da regi\u00e3o. Entre os dias 17 e 21 de abril, o Parque de Exposi\u00e7\u00f5es Agenor Lemos recebe milhares de pessoas em uma grande estrutura montada especialmente para o evento. Ser\u00e3o cinco dias de muita emo\u00e7\u00e3o com rodeio profissional, quatro shows duplos e a presen\u00e7a de artistas como Z\u00e9 Neto &amp; Cristiano, Jorge &amp; Mateus, Simone Mendes e Luan Pereira.<\/p>\n\n\n\n<p>O ARS 2024 tem o patroc\u00ednio de Zema, Satis, Bem Brasil e Algar. Apoio de Rota Mobilidade Urbana e Sicredi. TV Oficial: TV Integra\u00e7\u00e3o. Cerveja oficial: Imp\u00e9rio, Dopamina Energy Drink e \u00c1gua Mineral Petropolitana. Realiza\u00e7\u00e3o: Bezz Eventos e Produ\u00e7\u00f5es e JP Estruturas.<\/p>\n\n\n\n<p><strong>J\u00e1 garantiu seu ingresso?<\/strong><\/p>\n\n\n\n<p><em><strong>PASSAPORTES (v\u00e1lidos para todos os dias)&nbsp;&nbsp;&nbsp;&nbsp;&nbsp;<\/strong><\/em><\/p>\n\n\n\n<p>Solid\u00e1rio \u2013 R$ 270,00<\/p>\n\n\n\n<p>Pista &#8211; R$ 310,00<\/p>\n\n\n\n<p>Pista Premium &#8211;&nbsp;R$ 520,00<\/p>\n\n\n\n<p><strong>18\/04 &#8211; JORGE &amp; MATEUS | ISCA BEATS&nbsp;&nbsp;<\/strong><\/p>\n\n\n\n<p>Pista Inteira &#8211; R$ 120,00<\/p>\n\n\n\n<p>Pista Meia &#8211; R$ 60,00<\/p>\n\n\n\n<p>Pista Solid\u00e1ria (com doa\u00e7\u00e3o de um litro de \u00f3leo) &#8211;&nbsp;&nbsp;R$ 70,00<\/p>\n\n\n\n<p>Pista Premium Inteira &#8211; R$ 220,00<\/p>\n\n\n\n<p>Pista Premium Meia &#8211; R$ 110,00<\/p>\n\n\n\n<p>Pista Premium Solid\u00e1ria (com doa\u00e7\u00e3o de um litro de \u00f3leo) &#8211; R$ 120,00<\/p>\n\n\n\n<p><strong>19\/04 \u2013 Z\u00c9 NETO &amp; CRISTIANO | GREG E GONT<\/strong><\/p>\n\n\n\n<p>Pista Inteira &#8211; R$ 120,00<\/p>\n\n\n\n<p>Pista Meia &#8211; R$ 60,00<\/p>\n\n\n\n<p>Pista Solid\u00e1ria (com doa\u00e7\u00e3o de um litro de \u00f3leo) &#8211; R$ 70,00<\/p>\n\n\n\n<p>Pista Premium Inteira &#8211; R$ 220,00<\/p>\n\n\n\n<p>Pista Premium Meia &#8211; R$ 110,00<\/p>\n\n\n\n<p>Pista Premium Solid\u00e1ria (com doa\u00e7\u00e3o de um litro de \u00f3leo) &#8211; R$ 120,00<\/p>\n\n\n\n<p><strong>20\/04 &#8211; VITOR &amp; VERSOL | SIMONE MENDES&nbsp;&nbsp;&nbsp;&nbsp;<\/strong><\/p>\n\n\n\n<p>Pista Inteira &#8211; R$ 120,00<\/p>\n\n\n\n<p>Pista Meia &#8211; R$ 60,00<\/p>\n\n\n\n<p>Pista Solid\u00e1ria (com doa\u00e7\u00e3o de um litro de \u00f3leo) &#8211; R$ 70,00<\/p>\n\n\n\n<p>Pista Premium Inteira &#8211; R$ 220,00<\/p>\n\n\n\n<p>Pista Premium Meia &#8211; R$ 110,00<\/p>\n\n\n\n<p>Pista Premium Solid\u00e1ria (com doa\u00e7\u00e3o de um litro de \u00f3leo) &#8211; R$ 120,00<\/p>\n\n\n\n<p><strong>21\/04 &#8211; FRED &amp; FABRICIO<\/strong><\/p>\n\n\n\n<p>Pista Inteira &#8211; R$ 80,00<\/p>\n\n\n\n<p>Pista Meia &#8211; R$ 40,00<\/p>\n\n\n\n<p>Pista Solid\u00e1ria (com doa\u00e7\u00e3o de um litro de \u00f3leo) &#8211; R$ 50,00<\/p>\n\n\n\n<p>Pista Premium Inteira &#8211; R$ 100,00<\/p>\n\n\n\n<p>Pista Premium Meia &#8211; R$ 50,00<\/p>\n\n\n\n<p>Pista Premium Solid\u00e1ria (com doa\u00e7\u00e3o de um litro de \u00f3leo) &#8211; R$ 60,00<\/p>\n\n\n\n<p><strong>Postos de venda:<\/strong><\/p>\n\n\n\n<p><strong>Onde comprar:<\/strong><\/p>\n\n\n\n<p><em>Vendas online:<\/em><\/p>\n\n\n\n<p><a href=\"https:\/\/click.cse360.com.br\/Click\/AddCampaignEmailClick\/bb47272e-c0cf-480b-cf7e-08dc5a22ce10\/http%253a%252f%252fwww.araxarodeioshow.com.br%252f\/0745d1c0-fc0d-42a6-9761-db01f147a7f9\/armindomaia.araxa@gmail.com\/False\" target=\"_blank\" rel=\"noreferrer noopener\">www.araxarodeioshow.com.br<\/a><\/p>\n\n\n\n<p><em>Postos f\u00edsicos:<\/em><\/p>\n\n\n\n<p><strong>BILHETERIA DO PARQUE:&nbsp;<\/strong>ingressos meia-entrada e inteira<\/p>\n\n\n\n<p><strong>ALGAR TELECOM<\/strong>&nbsp;&#8211; Rua Almeida Campos, 215 &#8211; Centro<\/p>\n\n\n\n<p><strong>TXC ARAX\u00c1<\/strong>&nbsp;\u2013 R. Calim\u00e9rio Guimar\u00e3es, 302 &#8211; Centro<\/p>\n\n\n\n<p><strong>LINKS CAL\u00c7ADOS ARAX\u00c1<\/strong>&nbsp;&#8211; R. Presidente Oleg\u00e1rio Maciel, 120 &#8211; Centro<\/p>\n\n\n\n<p><strong>CAS<\/strong>&nbsp;&#8211; Centro de Atendimento ao Servidor &#8211; condi\u00e7\u00e3o exclusiva.<\/p>\n\n\n\n<p>1001 Op\u00e7\u00f5es -R. Washington Barcelos, 867 &#8211; Urciano Lemos<\/p>\n\n\n\n<p><strong>CREMORE:<\/strong><\/p>\n\n\n\n<p><em>Loja 1:<\/em><\/p>\n\n\n\n<p>Av Imbiara, 184 &#8211; Centro<\/p>\n\n\n\n<p><em>Loja 2:<\/em><\/p>\n\n\n\n<p>Av. Imbiara, 1605 &#8211; Vila Silveria<\/p>\n\n\n\n<p><em>Loja 3:<\/em><\/p>\n\n\n\n<p>Av. Francino Ferreira da Silva, 45 &#8211; Orozino Teixeira<\/p>\n\n\n\n<p><em>Loja 4:<\/em><\/p>\n\n\n\n<p>Rua Calim\u00e9rio Guimar\u00e3es, 1314 &#8211; Centro<\/p>\n\n\n\n<p><strong>FRANCISCO J\u00daNIOR<\/strong>&nbsp;\u2013 Ibi\u00e1 \u2013 (34) 99320 &#8211; 3806<\/p>\n","protected":false},"excerpt":{"rendered":"<p>Show desta quinta-feira (18) promete reencontro emocionante com f\u00e3s ao som dos grandes sucessos da carreira \u201cPelo amor de Deus,<\/p>\n","protected":false},"author":2,"featured_media":7438,"comment_status":"open","ping_status":"open","sticky":false,"template":"","format":"standard","meta":{"footnotes":""},"categories":[9,11],"tags":[],"class_list":["post-7437","post","type-post","status-publish","format-standard","has-post-thumbnail","hentry","category-araxa","category-destaques"],"_links":{"self":[{"href":"http:\/\/blogdoarmindomaia.com.br\/index.php?rest_route=\/wp\/v2\/posts\/7437","targetHints":{"allow":["GET"]}}],"collection":[{"href":"http:\/\/blogdoarmindomaia.com.br\/index.php?rest_route=\/wp\/v2\/posts"}],"about":[{"href":"http:\/\/blogdoarmindomaia.com.br\/index.php?rest_route=\/wp\/v2\/types\/post"}],"author":[{"embeddable":true,"href":"http:\/\/blogdoarmindomaia.com.br\/index.php?rest_route=\/wp\/v2\/users\/2"}],"replies":[{"embeddable":true,"href":"http:\/\/blogdoarmindomaia.com.br\/index.php?rest_route=%2Fwp%2Fv2%2Fcomments&post=7437"}],"version-history":[{"count":1,"href":"http:\/\/blogdoarmindomaia.com.br\/index.php?rest_route=\/wp\/v2\/posts\/7437\/revisions"}],"predecessor-version":[{"id":7439,"href":"http:\/\/blogdoarmindomaia.com.br\/index.php?rest_route=\/wp\/v2\/posts\/7437\/revisions\/7439"}],"wp:featuredmedia":[{"embeddable":true,"href":"http:\/\/blogdoarmindomaia.com.br\/index.php?rest_route=\/wp\/v2\/media\/7438"}],"wp:attachment":[{"href":"http:\/\/blogdoarmindomaia.com.br\/index.php?rest_route=%2Fwp%2Fv2%2Fmedia&parent=7437"}],"wp:term":[{"taxonomy":"category","embeddable":true,"href":"http:\/\/blogdoarmindomaia.com.br\/index.php?rest_route=%2Fwp%2Fv2%2Fcategories&post=7437"},{"taxonomy":"post_tag","embeddable":true,"href":"http:\/\/blogdoarmindomaia.com.br\/index.php?rest_route=%2Fwp%2Fv2%2Ftags&post=7437"}],"curies":[{"name":"wp","href":"https:\/\/api.w.org\/{rel}","templated":true}]}}