{"id":7440,"date":"2024-04-18T14:36:09","date_gmt":"2024-04-18T17:36:09","guid":{"rendered":"http:\/\/blogdoarmindomaia.com.br\/?p=7440"},"modified":"2024-04-18T14:36:11","modified_gmt":"2024-04-18T17:36:11","slug":"nayara-pacheco-e-a-nova-secretaria-de-seguranca-publica","status":"publish","type":"post","link":"http:\/\/blogdoarmindomaia.com.br\/?p=7440","title":{"rendered":"Nayara Pacheco \u00e9 a nova secret\u00e1ria de Seguran\u00e7a P\u00fablica"},"content":{"rendered":"\n<figure class=\"wp-block-image size-full is-style-default\"><img loading=\"lazy\" decoding=\"async\" width=\"475\" height=\"389\" src=\"http:\/\/blogdoarmindomaia.com.br\/wp-content\/uploads\/2024\/04\/Nayara-Pacheco-e-a-nova-secretaria-de-Seguranca-Publica-pag-13.png\" alt=\"\" class=\"wp-image-7441\" srcset=\"http:\/\/blogdoarmindomaia.com.br\/wp-content\/uploads\/2024\/04\/Nayara-Pacheco-e-a-nova-secretaria-de-Seguranca-Publica-pag-13.png 475w, http:\/\/blogdoarmindomaia.com.br\/wp-content\/uploads\/2024\/04\/Nayara-Pacheco-e-a-nova-secretaria-de-Seguranca-Publica-pag-13-300x246.png 300w\" sizes=\"auto, (max-width: 475px) 100vw, 475px\" \/><\/figure>\n\n\n\n<p>O prefeito Robson Magela anunciou a nova secret\u00e1ria de Seguran\u00e7a P\u00fablica na ter\u00e7a-feira (16). Nayara Pacheco, substitui Daniel Rosa que deixou a secretaria a pedido. A nova secret\u00e1ria ocupava o cargo de Assessora Especial na Secretaria Municipal de Seguran\u00e7a P\u00fablica e \u00e9 formada em Direito com especializa\u00e7\u00e3o em Gest\u00e3o P\u00fablica.<br><br>A Secretaria de Seguran\u00e7a P\u00fablica \u00e9 respons\u00e1vel pela administra\u00e7\u00e3o das atividades da seguran\u00e7a no Munic\u00edpio. Tem o intuito de estabelecer pol\u00edticas p\u00fablicas de seguran\u00e7a local, bem como estabelecer programas e projetos comunit\u00e1rios.<br><br>A pasta tamb\u00e9m conta com a Assessoria de Tr\u00e2nsito e Transporte (Asttran), que organiza o sistema de tr\u00e2nsito e transportes e garante a fluidez do sistema vi\u00e1rio, assegurando a mobilidade de toda a popula\u00e7\u00e3o.<\/p>\n","protected":false},"excerpt":{"rendered":"<p>O prefeito Robson Magela anunciou a nova secret\u00e1ria de Seguran\u00e7a P\u00fablica na ter\u00e7a-feira (16). Nayara Pacheco, substitui Daniel Rosa que<\/p>\n","protected":false},"author":2,"featured_media":7441,"comment_status":"open","ping_status":"open","sticky":false,"template":"","format":"standard","meta":{"footnotes":""},"categories":[9,11],"tags":[],"class_list":["post-7440","post","type-post","status-publish","format-standard","has-post-thumbnail","hentry","category-araxa","category-destaques"],"_links":{"self":[{"href":"http:\/\/blogdoarmindomaia.com.br\/index.php?rest_route=\/wp\/v2\/posts\/7440","targetHints":{"allow":["GET"]}}],"collection":[{"href":"http:\/\/blogdoarmindomaia.com.br\/index.php?rest_route=\/wp\/v2\/posts"}],"about":[{"href":"http:\/\/blogdoarmindomaia.com.br\/index.php?rest_route=\/wp\/v2\/types\/post"}],"author":[{"embeddable":true,"href":"http:\/\/blogdoarmindomaia.com.br\/index.php?rest_route=\/wp\/v2\/users\/2"}],"replies":[{"embeddable":true,"href":"http:\/\/blogdoarmindomaia.com.br\/index.php?rest_route=%2Fwp%2Fv2%2Fcomments&post=7440"}],"version-history":[{"count":1,"href":"http:\/\/blogdoarmindomaia.com.br\/index.php?rest_route=\/wp\/v2\/posts\/7440\/revisions"}],"predecessor-version":[{"id":7442,"href":"http:\/\/blogdoarmindomaia.com.br\/index.php?rest_route=\/wp\/v2\/posts\/7440\/revisions\/7442"}],"wp:featuredmedia":[{"embeddable":true,"href":"http:\/\/blogdoarmindomaia.com.br\/index.php?rest_route=\/wp\/v2\/media\/7441"}],"wp:attachment":[{"href":"http:\/\/blogdoarmindomaia.com.br\/index.php?rest_route=%2Fwp%2Fv2%2Fmedia&parent=7440"}],"wp:term":[{"taxonomy":"category","embeddable":true,"href":"http:\/\/blogdoarmindomaia.com.br\/index.php?rest_route=%2Fwp%2Fv2%2Fcategories&post=7440"},{"taxonomy":"post_tag","embeddable":true,"href":"http:\/\/blogdoarmindomaia.com.br\/index.php?rest_route=%2Fwp%2Fv2%2Ftags&post=7440"}],"curies":[{"name":"wp","href":"https:\/\/api.w.org\/{rel}","templated":true}]}}