{"id":7456,"date":"2024-04-19T11:15:21","date_gmt":"2024-04-19T14:15:21","guid":{"rendered":"http:\/\/blogdoarmindomaia.com.br\/?p=7456"},"modified":"2024-04-19T11:15:27","modified_gmt":"2024-04-19T14:15:27","slug":"cirurgias-eletivas-de-araxa-sao-suspensas-pela-regional-de-saude-de-uberaba","status":"publish","type":"post","link":"http:\/\/blogdoarmindomaia.com.br\/?p=7456","title":{"rendered":"Cirurgias eletivas de Arax\u00e1 s\u00e3o suspensas pela Regional de Sa\u00fade de Uberaba"},"content":{"rendered":"\n<figure class=\"wp-block-image size-large is-style-default\"><img loading=\"lazy\" decoding=\"async\" width=\"1024\" height=\"576\" src=\"http:\/\/blogdoarmindomaia.com.br\/wp-content\/uploads\/2024\/04\/Cirurgias-eletivas-de-Araxa-sao-suspensas-pela-Regional-de-Saude-de-Uberaba-08-1024x576.jpeg\" alt=\"\" class=\"wp-image-7457\" srcset=\"http:\/\/blogdoarmindomaia.com.br\/wp-content\/uploads\/2024\/04\/Cirurgias-eletivas-de-Araxa-sao-suspensas-pela-Regional-de-Saude-de-Uberaba-08-1024x576.jpeg 1024w, http:\/\/blogdoarmindomaia.com.br\/wp-content\/uploads\/2024\/04\/Cirurgias-eletivas-de-Araxa-sao-suspensas-pela-Regional-de-Saude-de-Uberaba-08-300x169.jpeg 300w, http:\/\/blogdoarmindomaia.com.br\/wp-content\/uploads\/2024\/04\/Cirurgias-eletivas-de-Araxa-sao-suspensas-pela-Regional-de-Saude-de-Uberaba-08-768x432.jpeg 768w, http:\/\/blogdoarmindomaia.com.br\/wp-content\/uploads\/2024\/04\/Cirurgias-eletivas-de-Araxa-sao-suspensas-pela-Regional-de-Saude-de-Uberaba-08.jpeg 1200w\" sizes=\"auto, (max-width: 1024px) 100vw, 1024px\" \/><\/figure>\n\n\n\n<p>A Secretaria Municipal de Sa\u00fade de Uberaba informou aos munic\u00edpios que fazem parte da Superintend\u00eancia da Regional de Sa\u00fade de Uberaba a suspens\u00e3o das cirurgias eletivas por, no m\u00ednimo 10 dias.<br><br>Refer\u00eancia na Microrregi\u00e3o do Tri\u00e2ngulo Sul e respons\u00e1vel pelas cirurgias de alta complexidade, Uberaba informou que devido a superlota\u00e7\u00e3o de leitos apresentados nos estabelecimentos de sa\u00fade e nas Unidades de Pronto Atendimento de Uberaba impedem as realiza\u00e7\u00f5es dos procedimentos cir\u00fargicos.<br><br>Segundo o of\u00edcio, assinado pela secret\u00e1ria de sa\u00fade de Uberaba, Valdilene Rocha Costa Alves, apenas cirurgias oncol\u00f3gicas, card\u00edacas e obst\u00e9trica ser\u00e3o realizadas. Uberaba tem realizado medidas para melhora do n\u00edvel de lota\u00e7\u00e3o dos leitos e contribuir com a rotatividade\/desocupa\u00e7\u00e3o das vagas hospitalares.<br><\/p>\n","protected":false},"excerpt":{"rendered":"<p>A Secretaria Municipal de Sa\u00fade de Uberaba informou aos munic\u00edpios que fazem parte da Superintend\u00eancia da Regional de Sa\u00fade de<\/p>\n","protected":false},"author":2,"featured_media":7457,"comment_status":"open","ping_status":"open","sticky":false,"template":"","format":"standard","meta":{"footnotes":""},"categories":[9,11],"tags":[],"class_list":["post-7456","post","type-post","status-publish","format-standard","has-post-thumbnail","hentry","category-araxa","category-destaques"],"_links":{"self":[{"href":"http:\/\/blogdoarmindomaia.com.br\/index.php?rest_route=\/wp\/v2\/posts\/7456","targetHints":{"allow":["GET"]}}],"collection":[{"href":"http:\/\/blogdoarmindomaia.com.br\/index.php?rest_route=\/wp\/v2\/posts"}],"about":[{"href":"http:\/\/blogdoarmindomaia.com.br\/index.php?rest_route=\/wp\/v2\/types\/post"}],"author":[{"embeddable":true,"href":"http:\/\/blogdoarmindomaia.com.br\/index.php?rest_route=\/wp\/v2\/users\/2"}],"replies":[{"embeddable":true,"href":"http:\/\/blogdoarmindomaia.com.br\/index.php?rest_route=%2Fwp%2Fv2%2Fcomments&post=7456"}],"version-history":[{"count":1,"href":"http:\/\/blogdoarmindomaia.com.br\/index.php?rest_route=\/wp\/v2\/posts\/7456\/revisions"}],"predecessor-version":[{"id":7458,"href":"http:\/\/blogdoarmindomaia.com.br\/index.php?rest_route=\/wp\/v2\/posts\/7456\/revisions\/7458"}],"wp:featuredmedia":[{"embeddable":true,"href":"http:\/\/blogdoarmindomaia.com.br\/index.php?rest_route=\/wp\/v2\/media\/7457"}],"wp:attachment":[{"href":"http:\/\/blogdoarmindomaia.com.br\/index.php?rest_route=%2Fwp%2Fv2%2Fmedia&parent=7456"}],"wp:term":[{"taxonomy":"category","embeddable":true,"href":"http:\/\/blogdoarmindomaia.com.br\/index.php?rest_route=%2Fwp%2Fv2%2Fcategories&post=7456"},{"taxonomy":"post_tag","embeddable":true,"href":"http:\/\/blogdoarmindomaia.com.br\/index.php?rest_route=%2Fwp%2Fv2%2Ftags&post=7456"}],"curies":[{"name":"wp","href":"https:\/\/api.w.org\/{rel}","templated":true}]}}