{"id":7476,"date":"2024-04-25T17:10:17","date_gmt":"2024-04-25T20:10:17","guid":{"rendered":"http:\/\/blogdoarmindomaia.com.br\/?p=7476"},"modified":"2024-04-25T17:10:20","modified_gmt":"2024-04-25T20:10:20","slug":"zema-anuncia-mundial-de-mtb-em-araxa-em-2025-e-2026","status":"publish","type":"post","link":"http:\/\/blogdoarmindomaia.com.br\/?p=7476","title":{"rendered":"Zema anuncia Mundial de MTB em Arax\u00e1 em 2025 e 2026"},"content":{"rendered":"\n<figure class=\"wp-block-image size-full is-style-default\"><img loading=\"lazy\" decoding=\"async\" width=\"940\" height=\"350\" src=\"http:\/\/blogdoarmindomaia.com.br\/wp-content\/uploads\/2024\/04\/Governador-entrega-premio-e-destaca-importancia-de-eventos-pagh-05.jpg\" alt=\"\" class=\"wp-image-7477\" srcset=\"http:\/\/blogdoarmindomaia.com.br\/wp-content\/uploads\/2024\/04\/Governador-entrega-premio-e-destaca-importancia-de-eventos-pagh-05.jpg 940w, http:\/\/blogdoarmindomaia.com.br\/wp-content\/uploads\/2024\/04\/Governador-entrega-premio-e-destaca-importancia-de-eventos-pagh-05-300x112.jpg 300w, http:\/\/blogdoarmindomaia.com.br\/wp-content\/uploads\/2024\/04\/Governador-entrega-premio-e-destaca-importancia-de-eventos-pagh-05-768x286.jpg 768w\" sizes=\"auto, (max-width: 940px) 100vw, 940px\" \/><\/figure>\n\n\n\n<p>Encerrando um dia de comemora\u00e7\u00e3o e homenagens \u00e0 Inconfid\u00eancia Mineira, o governador Romeu Zema participou da reta final e do p\u00f3dio&nbsp;da Copa do Mundo de Mountain Bike&nbsp;no domingo (21\/4), em Arax\u00e1. \u00c9 a primeira vez que o campeonato internacional tem etapa disputada em Minas, e o governador fez quest\u00e3o de conhecer a competi\u00e7\u00e3o que mobiliza&nbsp;f\u00e3s do ciclismo em todo &nbsp;o planeta.&nbsp;Zema acompanhou a reta final da prova UCI Cross Country Ol\u00edmpico da Elite masculina. Na ocasi\u00e3o, o governador foi at\u00e9 o p\u00f3dio e premiou o vencedor da corrida, Simon Andreassen, da Dinamarca. Zema&nbsp;tamb\u00e9m&nbsp;entregou os pr\u00eamios para as melhores equipes do fim de semana.&nbsp; \u201cH\u00e1 um ano, n\u00f3s definimos dar apoio a esse evento e, hoje, estamos patrocinando&nbsp;esse campeonato que \u00e9 divulgado para todo planeta e leva o nome de Arax\u00e1 e de Minas Gerais para os quatro cantos do mundo\u201d, salientou.&nbsp;<\/p>\n\n\n\n<p>Eventos como um campeonato internacional&nbsp;trazem mais visibilidade e mais neg\u00f3cios para a economia criativa, gerando trabalho e renda para a popula\u00e7\u00e3o.&nbsp;Durante o fim de semana da Copa do Mundo de Mountain Bike, os hot\u00e9is de Arax\u00e1 foram totalmente reservados, atingindo a marca de 100% de ocupa\u00e7\u00e3o. Com base nisso, o governador Romeu Zema destacou a import\u00e2ncia para a cidade em receber uma atra\u00e7\u00e3o internacional.&nbsp;\u201cEsse evento ajuda a divulgar Arax\u00e1 e Minas para todo o mundo. Em reuni\u00e3o com a diretoria da Warner Bros. Discovery Sports, o governador Romeu Zema conheceu as lideran\u00e7as que promovem o evento e assinou um contrato garantindo para 2025 e 2026 duas etapas simult\u00e2neas da Copa do Mundo em Arax\u00e1.&nbsp;<\/p>\n","protected":false},"excerpt":{"rendered":"<p>Encerrando um dia de comemora\u00e7\u00e3o e homenagens \u00e0 Inconfid\u00eancia Mineira, o governador Romeu Zema participou da reta final e do<\/p>\n","protected":false},"author":2,"featured_media":7477,"comment_status":"open","ping_status":"open","sticky":false,"template":"","format":"standard","meta":{"footnotes":""},"categories":[9,11],"tags":[],"class_list":["post-7476","post","type-post","status-publish","format-standard","has-post-thumbnail","hentry","category-araxa","category-destaques"],"_links":{"self":[{"href":"http:\/\/blogdoarmindomaia.com.br\/index.php?rest_route=\/wp\/v2\/posts\/7476","targetHints":{"allow":["GET"]}}],"collection":[{"href":"http:\/\/blogdoarmindomaia.com.br\/index.php?rest_route=\/wp\/v2\/posts"}],"about":[{"href":"http:\/\/blogdoarmindomaia.com.br\/index.php?rest_route=\/wp\/v2\/types\/post"}],"author":[{"embeddable":true,"href":"http:\/\/blogdoarmindomaia.com.br\/index.php?rest_route=\/wp\/v2\/users\/2"}],"replies":[{"embeddable":true,"href":"http:\/\/blogdoarmindomaia.com.br\/index.php?rest_route=%2Fwp%2Fv2%2Fcomments&post=7476"}],"version-history":[{"count":1,"href":"http:\/\/blogdoarmindomaia.com.br\/index.php?rest_route=\/wp\/v2\/posts\/7476\/revisions"}],"predecessor-version":[{"id":7478,"href":"http:\/\/blogdoarmindomaia.com.br\/index.php?rest_route=\/wp\/v2\/posts\/7476\/revisions\/7478"}],"wp:featuredmedia":[{"embeddable":true,"href":"http:\/\/blogdoarmindomaia.com.br\/index.php?rest_route=\/wp\/v2\/media\/7477"}],"wp:attachment":[{"href":"http:\/\/blogdoarmindomaia.com.br\/index.php?rest_route=%2Fwp%2Fv2%2Fmedia&parent=7476"}],"wp:term":[{"taxonomy":"category","embeddable":true,"href":"http:\/\/blogdoarmindomaia.com.br\/index.php?rest_route=%2Fwp%2Fv2%2Fcategories&post=7476"},{"taxonomy":"post_tag","embeddable":true,"href":"http:\/\/blogdoarmindomaia.com.br\/index.php?rest_route=%2Fwp%2Fv2%2Ftags&post=7476"}],"curies":[{"name":"wp","href":"https:\/\/api.w.org\/{rel}","templated":true}]}}