{"id":7484,"date":"2024-04-26T16:17:58","date_gmt":"2024-04-26T19:17:58","guid":{"rendered":"http:\/\/blogdoarmindomaia.com.br\/?p=7484"},"modified":"2024-04-26T16:18:00","modified_gmt":"2024-04-26T19:18:00","slug":"dinamarques-simon-andreassen-e-americana-haley-batten-vencem-copa-do-mundo-olimpica-de-cross-country-xco-da-uci-em-araxa","status":"publish","type":"post","link":"http:\/\/blogdoarmindomaia.com.br\/?p=7484","title":{"rendered":"Dinamarqu\u00eas Simon Andreassen e Americana Haley Batten vencem Copa do Mundo Ol\u00edmpica de Cross-country (XCO) da UCI em Arax\u00e1."},"content":{"rendered":"\n<p><\/p>\n\n\n\n<p><\/p>\n\n\n\n<figure class=\"wp-block-image size-full is-style-default\"><img loading=\"lazy\" decoding=\"async\" width=\"448\" height=\"299\" src=\"http:\/\/blogdoarmindomaia.com.br\/wp-content\/uploads\/2024\/04\/DSC_0236.jpg\" alt=\"\" class=\"wp-image-7485\" srcset=\"http:\/\/blogdoarmindomaia.com.br\/wp-content\/uploads\/2024\/04\/DSC_0236.jpg 448w, http:\/\/blogdoarmindomaia.com.br\/wp-content\/uploads\/2024\/04\/DSC_0236-300x200.jpg 300w\" sizes=\"auto, (max-width: 448px) 100vw, 448px\" \/><figcaption class=\"wp-element-caption\">????????????????????????????????????<\/figcaption><\/figure>\n\n\n\n<p>sol, adrenalina e emo\u00e7\u00e3o, al\u00e9m de um p\u00fablico estimado de quase 20.000 torcedores, tomaram conta da arena do Grande Hotel do Barreiro em Arax\u00e1 no domingo, dia 21 de abril, para assistirem \u00e0 segunda etapa da Copa do Mundo Ol\u00edmpica de Cross-country (XCO) da UCI. A disputa foi muito intensa em todas as categorias, n\u00e3o faltando emo\u00e7\u00e3o do in\u00edcio ao fim.<\/p>\n\n\n\n<p><strong>Feminina<\/strong><\/p>\n\n\n\n<p>Na categoria feminina, o ritmo inicial foi intenso e pequenos blocos se formaram rapidamente &#8211; a su\u00ed\u00e7a Alessandra Keller (Th\u00f6mus maxon), a alem\u00e3 Linda Indergand (Liv Factory Racing) e Haley Batten fizeram uma fuga, mas o pelot\u00e3o de tr\u00e1s conseguiu tirar a diferen\u00e7a formando um pelot\u00e3o de seis atletas se revezando na lideran\u00e7a. A campe\u00e3 francesa Loana Lecomte (Canyon CLLCTV XCO) foi for\u00e7ada a abandonar a corrida depois de um problema. O quarteto de Keller, Batten, Rissveds e Blunk conseguiu fazer uma nova fuga e Keller for\u00e7ava o ritmo na frente, fazendo uma corrida agressiva, mas Rissveds atacou e conseguiu a lideran\u00e7a no final da quarta volta. Com a arena do Barreiro lotada e um p\u00fablico fren\u00e9tico vibrando a todo momento, as atletas foram se revezando na lideran\u00e7a. Para a volta final, quatro atletas buscavam a melhor estrat\u00e9gia para definir a vit\u00f3ria. Batten atacou primeiro e trouxe junto Rissveds, que abriram alguns segundos preciosos. Com a faca nos dentes, a americana Batten se imp\u00f4s e decretou sua primeira vit\u00f3ria no XCO de n\u00edvel elite com o del\u00edrio da torcida na reta de chegada. A sueca Jenny Rissveds ficou em segundo, com Blunk em terceiro, e Keller e Anne Terpstra (Ghost Factory Racing) dos Pa\u00edses Baixos completaram o p\u00f3dio em quarto e quinto, respectivamente. Falando ap\u00f3s a corrida, Batten disse: \u201c\u00c9 uma loucura. N\u00e3o tenho palavras. Voc\u00ea treina tanto durante todo o inverno para usar tudo no dia da corrida. Aquela pen\u00faltima volta foi preocupante, foi dif\u00edcil, Jenny [Rissveds] me deu um bom ataque faltando uma volta para o final, igual aconteceu no fim de semana passado, &#8216;oh n\u00e3o, ela vai fazer isso comigo de novo&#8217;. Tentei me acomodar e esperar at\u00e9 a hora; Tentei ler direito, cheguei um pouco mais cedo, mas felizmente consegui resistir ao ataque de Jenny, porque era um grande problema. Eu mal consegui me segurar nisso. \u201cHonestamente, muito obrigada \u00e0 minha equipe, \u00e0s pessoas que tornam isso poss\u00edvel, porque este \u00e9 realmente um esporte coletivo e estou muito grata por isso e por todos que trabalham para que tenhamos sucesso, ent\u00e3o, muito obrigada.<\/p>\n\n\n\n<p><strong>Maculina<\/strong><\/p>\n\n\n\n<p>&nbsp;Na prova masculina, uma prova intensa, dram\u00e1tica, de for\u00e7a, de resist\u00eancia e principalmente de muita t\u00e9cnica, no in\u00edcio da terceira volta apenas 20 segundos separavam os 20 primeiros colocados. O campe\u00e3o chileno Martin Vidaurre, que foi o vencedor da CIMTB em 2023 em Arax\u00e1 nesta mesma pista, foi quem tentou a primeira fuga, abrindo 10 segundos do pelot\u00e3o, liderando at\u00e9 o in\u00edcio da volta cinco. O vencedor do XCC de s\u00e1bado, o franc\u00eas Victor Koretzky (Specialized Factory Racing), assumiu a ponta trazendo com ele um bloco de 5 atletas que se revezaram na lideran\u00e7a. O dinamarqu\u00eas Simon Andreassen (Cannondale Factory Racing) mostrou que estava determinado e estabeleceu um ritmo acelerado na frente, trazendo junto o bloco. A Cannondale assumiu o controle, trocando Andreassen pelo sul-africano Alan Hatherly na lideran\u00e7a, mas n\u00e3o durou muito, j\u00e1 que Koretzky atacou com dois ataques na volta 7 para passar para a lideran\u00e7a da corrida. Na pen\u00faltima volta, ele teve uma vantagem de 14 segundos sobre um grupo de quatro atletas: Sarrou, Hatherly, Andreassen e o su\u00ed\u00e7o Filippo Colombo (Scott-SRAM MTB Racing Team). A grande emo\u00e7\u00e3o ainda estava por vir, um pequeno erro na subida final poderia ter derrubado Koretzky, mas embora ele recuperasse o ritmo, um incidente dram\u00e1tico com a queda de sua corrente no final da subida que leva ao Hotel R\u00e1dio, tirou-lhe preciosos segundos e a lideran\u00e7a da prova, caindo para a quarta posi\u00e7\u00e3o. Da\u00ed para frente, Koretzky deu seu m\u00e1ximo para chegar no pelot\u00e3o no final. Andreassen lan\u00e7ou um ataque decisivo no final da volta, mas n\u00e3o foi capaz de distanciar de Colombo e ainda viu Koretzky ressurgir com for\u00e7a total, e tudo se resumiu a uma corrida com sprint final, com Andreassen aproveitando do esfor\u00e7o extra de Koretzky e segurou a ponta at\u00e9 a bandeirada final com apenas 1 segundo de diferen\u00e7a entre os 3 atletas que chegaram logo atr\u00e1s, conquistando sua primeira vit\u00f3ria na Copa do Mundo UCI no n\u00edvel elite XCO. Koretzky terminou em segundo, Hatherly em terceiro, Colombo em quarto, todos com diferen\u00e7a de menos de um segundo, e Sarrou em quinto com 10 segundos de diferen\u00e7a. Koretzky lidera a classifica\u00e7\u00e3o geral em 2024 ap\u00f3s duas corridas. Ap\u00f3s a corrida, Andreassen afirmou: \u201cFoi bom vencer uma Copa do Mundo novamente, para ser sincero, ainda n\u00e3o pensei muito sobre isso. J\u00e1 se passaram alguns anos desde que ganhei e vou reservar um momento para absorver isso.\u201d Koretzky comentou: \u201cTive pernas muito boas hoje, tentei ir com algumas voltas para o fim e estive bem na \u00faltima volta, mas infelizmente tive um problema mec\u00e2nico, deixei cair a corrente quase no topo, antes da sec\u00e7\u00e3o de ra\u00edzes. \u201cFiz um grande esfor\u00e7o para diminuir a diferen\u00e7a e fiquei completamente completamente exausto. Estou triste, mas ao mesmo tempo estou feliz com a minha forma, ent\u00e3o parab\u00e9ns ao Simon, ele foi forte, deu um sprint enorme, foi incr\u00edvel estar colado nele na \u00faltima reta. Estou muito feliz e ansioso pela pr\u00f3xima parte da temporada.\u201d<\/p>\n\n\n\n<p>Dentro das dificuldades impostas pela pista, a subida forte para o Hotel R\u00e1dio e a se\u00e7\u00e3o de ra\u00edzes, em frente ao hotel R\u00e1dio, foram determinantes em grandes disputas, ocasionando grandes ultrapassagens e exigindo muita t\u00e9cnica dos atletas. Ao final da competi\u00e7\u00e3o, era un\u00e2nime entre atletas, organizadores e membros da UCI (Uni\u00e3o Cicl\u00edstica Internacional) o sucesso do evento, somando o n\u00edvel t\u00e9cnico da pista, a estrutura do Grande Hotel para receber o evento e o esfor\u00e7o e compet\u00eancia dos organizadores e da cidade para realizar a competi\u00e7\u00e3o, al\u00e9m do p\u00fablico amante do esporte que vibrou, incentivou e contribuiu para o grande sucesso do evento. A recompensa veio com a presen\u00e7a do Governador do Estado de Minas Gerais, o araxaense Romeu Zema, que ap\u00f3s as premia\u00e7\u00f5es anunciou que nos pr\u00f3ximos dois anos &#8211; 2025 e 2026 &#8211; Arax\u00e1 ir\u00e1 sediar uma nova etapa da Copa do Mundo.<\/p>\n\n\n\n<p><strong>Brasileiro Alex chega em terceiro no Mundial de MTB<\/strong><\/p>\n\n\n\n<p>Em uma tarde ensolarada, com temperatura muito alta e grande presen\u00e7a de p\u00fablico na bela e aconchegante cidade mineira de Arax\u00e1, o americano Riley Amos (Trek Factory Racing-Pirelli) foi o grande vencedor da Copa do Mundo Ol\u00edmpica de Cross-country (XCO) UCI Sub-23 neste s\u00e1bado, dia 20. O su\u00ed\u00e7o Finn Treudler (Cube Factory Racing) ficou em segundo lugar, e o brasileiro Alex Malacarne (Trinity Racing MTB) em terceiro.<\/p>\n\n\n\n<p>Amos assumiu a lideran\u00e7a logo no in\u00edcio, recebendo press\u00e3o de Finn Treudler (Cube Factory Racing), Luca Martin (Orbea Factory Team) e Bjorn Riley (Trek Future Racing), que formaram o bloco inicial na lideran\u00e7a e abriram vantagem sobre o segundo pelot\u00e3o. Treudler revezou a lideran\u00e7a com Amos, e os dois se distanciaram na quarta volta, enquanto o brasileiro Alex Malacarne (Trinity Racing MTB) come\u00e7ou a pressionar Riley. Empurrado pela torcida, Alex conseguiu assumir a terceira coloca\u00e7\u00e3o e segurou a vantagem at\u00e9 o final. Bjorn Riley e o su\u00ed\u00e7o Luke Wiedmann (Th\u00f6mus Maxon) completaram o p\u00f3dio em quarto e quinto lugares, respectivamente.<\/p>\n\n\n\n<p>Amos, que j\u00e1 havia vencido o Cross-country Short Track (XCC) na sexta-feira em Arax\u00e1, consagrou-se no Brasil, pois j\u00e1 havia vencido as duas provas na semana passada em Mairipor\u00e1.<\/p>\n\n\n\n<p>O brasileiro Alex largou na nona coloca\u00e7\u00e3o, caiu mais quatro posi\u00e7\u00f5es na primeira volta, mas com apoio da torcida fez uma corrida de recupera\u00e7\u00e3o. Foi muito ovacionado pelos torcedores e recebeu a bandeirada de chegada em terceiro lugar, 12 segundos atr\u00e1s do su\u00ed\u00e7o Finn Treudler e a 19 segundos do super campe\u00e3o americano Riley Amos, que venceu as quatro provas em que participou no Brasil.<\/p>\n\n\n\n<p>Logo ap\u00f3s a premia\u00e7\u00e3o Alex agradeceu o p\u00fablico pelo apoio que recebeu durante a prova, \u201cdo fundo do cora\u00e7\u00e3o, s\u00f3 tenho gratid\u00e3o por tudo isto, isso para mim vale muito mais do que a vit\u00f3ria, vale mais do que o trof\u00e9u, vale mais do que qualquer coisa, sentir toda essa vibra\u00e7\u00e3o, depois de tanto sacrif\u00edcio, depois de tantas corridas, depois de bater tantas vezes na trave, e hoje acreditar at\u00e9 a \u00faltima volta, voc\u00eas me empurraram todas as voltas, muito obrigado,\u201dagradeceu emocionado o brasileiro Alex<\/p>\n\n\n\n<p>O brasileiro Alex Malacarne ficou em 9\u00ba no XCC na sexta feira em Arax\u00e1, 3\u00ba no XCO e ficou em 8\u00ba no XCC e 6\u00ba no XCO em Mairipor\u00e3.<\/p>\n\n\n\n<p><strong><u>Romeu Zema Confirma Copa do Mundo de MTB em Arax\u00e1&nbsp; em 2025 e 2026<\/u><\/strong><\/p>\n\n\n\n<p><strong>Ap\u00f3s a premia\u00e7\u00e3o dos vencedores do Mundial de MTB em Arax\u00e1 o Governador anunciou a realiza\u00e7\u00e3o da competi\u00e7\u00e3o nos pr\u00f3ximos 2 anos, ela ainda fez&nbsp; entrega pr\u00eamio e destaca import\u00e2ncia do Mundial de MTB em Arax\u00e1<\/strong><\/p>\n\n\n\n<p><strong>No Barreiro, <\/strong>o governador Romeu Zema participou da final e do p\u00f3dio\u00a0da Copa do Mundo de MTB no domingo. \u00a0Foi a primeira vez que o Copa \u00a0teve uma etapa disputada em Minas, e Zema fez quest\u00e3o de conhecer a competi\u00e7\u00e3o que mobiliza\u00a0f\u00e3s do ciclismo em todo \u00a0o planeta.\u00a0 Ele acompanhou a final da prova UCI Cross Country Ol\u00edmpico da Elite masculina. Na ocasi\u00e3o, o governador foi at\u00e9 o p\u00f3dio e premiou o vencedor da corrida, Simon Andreassen, da Dinamarca. Zema\u00a0tamb\u00e9m\u00a0entregou os pr\u00eamios para as melhores equipes do fim de semana.\u00a0\u201cH\u00e1 um ano, n\u00f3s definimos dar apoio a esse evento e, hoje, estamos patrocinando\u00a0esse campeonato que \u00e9 divulgado para todo planeta e leva o nome de Arax\u00e1 e de Minas Gerais para os quatro cantos do mundo\u201d, salientou.\u00a0Eventos como um campeonato mundial\u00a0trazem mais visibilidade e neg\u00f3cios para a economia criativa, gerando trabalho e renda. \u00a0Durante o fim de semana do Mundial de MTB, os hot\u00e9is de Arax\u00e1 foram totalmente reservados, atingindo a marca de 100% de ocupa\u00e7\u00e3o. Com base nisso, o governador Romeu Zema destacou a import\u00e2ncia para a cidade em receber uma atra\u00e7\u00e3o internacional.\u00a0\u201cEsse evento ajuda a divulgar Arax\u00e1 e Minas para todo o mundo. Em reuni\u00e3o com a diretoria da Warner Bros. Discovery Sports, o governador Romeu Zema conheceu as lideran\u00e7as que promovem o evento e assinou um contrato garantindo para 2025 e 2026 duas etapas simult\u00e2neas da Copa do Mundo em Arax\u00e1.\u00a0<\/p>\n\n\n\n<p><\/p>\n\n\n\n<p>Atletas e turistas aprovam e elogiam Arax\u00e1 como sede da Copa do Mundo de MTB<\/p>\n\n\n\n<p>Numa cobertura jornal\u00edstica especial, o Jornal Intera\u00e7\u00e3o, acompanhou com detalhes e exclusividade a realiza\u00e7\u00e3o da etapa Arax\u00e1 da Copa do Mundo de MTB, que aconteceu no \u00faltimo final de semana no Parque Termal e Hoteleiro do Barreiro, na Terra de Dona Beja.<\/p>\n\n\n\n<p>Foram quatro dias de muita emo\u00e7\u00e3o e adrenalina com a participa\u00e7\u00e3o de cerca de 300 atletas, vindos de 40 pa\u00edses. Com transmiss\u00e3o ao vivo para 150 pa\u00edses, a etapa da Copa do Mundo de Mountain Bike agradou e recebeu elogios de ciclistas, turistas, volunt\u00e1rios e dos araxaenses.<\/p>\n\n\n\n<p>Confira as opini\u00f5es:<\/p>\n\n\n\n<p>Alisson Lima, Sense Bike, representante comercial da cidade de Lagoa da Prata MG. \u201cEu acompanho eventos da modalidade at\u00e9 fora do Brasil e com certeza, Arax\u00e1 tem um chame todo especial, e uma receptividade mineira diferenciada. Tem que sediar sempre um evento desse porte\u201d.<\/p>\n\n\n\n<p>Adeilton Mendes Ferreira, carioca e volunt\u00e1rio. \u201cEu sou apaixonado pelo ciclismo. A cidade \u00e9 muito tranquila e o evento foi muito bem organizado. Uma gente hospitaleira, comida boa, eu gostei muito da mobilidade. E essa pista de Arax\u00e1 \u00e9 top demais! Pista igual a de Arax\u00e1, eu n\u00e3o conhe\u00e7o\u201d.<\/p>\n\n\n\n<p>Karen Ol\u00edmpio \u2013 ciclista brasileira, participou da etapa Arax\u00e1 da Copa do Mundo de MTB. Karen foi a 31\u00aa no XCO e 32\u00aa no XCC.&nbsp; \u201cArax\u00e1 tem uma atmosfera muito especial. Eu j\u00e1 participo da CIMTB aqui e essa etapa do Mundial certamente n\u00e3o pode faltar mais no calend\u00e1rio do ciclismo nacional. E que bom que os organizadores conseguiram trazer essa etapa para Arax\u00e1, pois essa pista aqui \u00e9 muito t\u00e9cnica e especial. E sobre a estrutura da prova aqui, eu s\u00f3 tenho que elogiar. E eu estou muito feliz de poder ter disputado essa prova com as melhores do mundo e para mim Arax\u00e1 tem tudo para sediar outras etapas da Copa do Mundo\u201d.<\/p>\n\n\n\n<p>Maria Cec\u00edlia Carvalho, 12 anos, estudante araxaense. \u201cEu estou achando tudo muito legal. Eu gosto muito de bicicleta e pedalo desde de 2020. Eu ainda quero pedalar com eles aqui. \u00c9 uma festa com muita gente e muito emocionante\u201d.<\/p>\n\n\n\n<p>Eduardo Tannus, empres\u00e1rio e presidente do Arax\u00e1 Visitors Convention Bureau. \u201c Hoje n\u00f3s estamos recebendo um grande evento e Arax\u00e1 est\u00e1 funcionando tudo plenamente; bares, hot\u00e9is, restaurantes e sem ter nenhuma ocorr\u00eancia, tumultuo ou coisa parecida. E com certeza a nossa Arax\u00e1 est\u00e1 muito bem preparada para receber qualquer evento de grande porte.<\/p>\n\n\n\n<p>Fernanda Guide \u2013 turista de Belo Horizonte. \u201cArax\u00e1 \u00e9 uma cidade muito tranquila. Aqui todo mundo \u00e9 muito receptivo. Tem uma estrutura de alimenta\u00e7\u00e3o legal, a gente tem acessibilidade aos atletas, tudo sem problema. E eu j\u00e1 estou pronta com a roupa de vir para a etapa do mundial Arax\u00e1 do ano que vem. A cidade t\u00e1 pronta sim!\u201d<\/p>\n\n\n\n<p>\u00c1lvaro Rezende \u2013 Setor de Relacionamento da CBMM com a Comunidade. \u201cEsse \u00e9 um evento muito importante para a nossa comunidade. Pois movimenta v\u00e1rios setores da economia local, gera renda e servi\u00e7os e esses s\u00e3o princ\u00edpios da CBMM que \u00e9 de apoiar o esporte, a cultura e ajudar a desenvolver e melhorar a qualidade de vida da nossa gente. E n\u00f3s estamos muito felizes de apoiar um evento como esse e principalmente colocar Arax\u00e1 no mapa do mundo. Deu certo! Arax\u00e1 recebeu bem e comunidade abra\u00e7ou o evento.\u201d&nbsp;<\/p>\n\n\n\n<p>Tenente Coronel Ademir Fagundes \u2013 Comandante do 37\u00ba BPM de Arax\u00e1. \u201cO que a gente pode pontuar em rela\u00e7\u00e3o ao evento \u00e9 que \u00e9 muito tranquilo. \u00c9 um p\u00fablico seleto e n\u00f3s n\u00e3o tivemos nenhum registro de ocorr\u00eancia aqui em rela\u00e7\u00e3o a evento de defesa social. Um evento coroado pela seguran\u00e7a\u201d.<\/p>\n\n\n\n<p><\/p>\n","protected":false},"excerpt":{"rendered":"<p>sol, adrenalina e emo\u00e7\u00e3o, al\u00e9m de um p\u00fablico estimado de quase 20.000 torcedores, tomaram conta da arena do Grande Hotel<\/p>\n","protected":false},"author":2,"featured_media":7485,"comment_status":"open","ping_status":"open","sticky":false,"template":"","format":"standard","meta":{"footnotes":""},"categories":[9,11],"tags":[],"class_list":["post-7484","post","type-post","status-publish","format-standard","has-post-thumbnail","hentry","category-araxa","category-destaques"],"_links":{"self":[{"href":"http:\/\/blogdoarmindomaia.com.br\/index.php?rest_route=\/wp\/v2\/posts\/7484","targetHints":{"allow":["GET"]}}],"collection":[{"href":"http:\/\/blogdoarmindomaia.com.br\/index.php?rest_route=\/wp\/v2\/posts"}],"about":[{"href":"http:\/\/blogdoarmindomaia.com.br\/index.php?rest_route=\/wp\/v2\/types\/post"}],"author":[{"embeddable":true,"href":"http:\/\/blogdoarmindomaia.com.br\/index.php?rest_route=\/wp\/v2\/users\/2"}],"replies":[{"embeddable":true,"href":"http:\/\/blogdoarmindomaia.com.br\/index.php?rest_route=%2Fwp%2Fv2%2Fcomments&post=7484"}],"version-history":[{"count":1,"href":"http:\/\/blogdoarmindomaia.com.br\/index.php?rest_route=\/wp\/v2\/posts\/7484\/revisions"}],"predecessor-version":[{"id":7486,"href":"http:\/\/blogdoarmindomaia.com.br\/index.php?rest_route=\/wp\/v2\/posts\/7484\/revisions\/7486"}],"wp:featuredmedia":[{"embeddable":true,"href":"http:\/\/blogdoarmindomaia.com.br\/index.php?rest_route=\/wp\/v2\/media\/7485"}],"wp:attachment":[{"href":"http:\/\/blogdoarmindomaia.com.br\/index.php?rest_route=%2Fwp%2Fv2%2Fmedia&parent=7484"}],"wp:term":[{"taxonomy":"category","embeddable":true,"href":"http:\/\/blogdoarmindomaia.com.br\/index.php?rest_route=%2Fwp%2Fv2%2Fcategories&post=7484"},{"taxonomy":"post_tag","embeddable":true,"href":"http:\/\/blogdoarmindomaia.com.br\/index.php?rest_route=%2Fwp%2Fv2%2Ftags&post=7484"}],"curies":[{"name":"wp","href":"https:\/\/api.w.org\/{rel}","templated":true}]}}