{"id":7487,"date":"2024-04-26T16:21:44","date_gmt":"2024-04-26T19:21:44","guid":{"rendered":"http:\/\/blogdoarmindomaia.com.br\/?p=7487"},"modified":"2024-04-26T16:21:47","modified_gmt":"2024-04-26T19:21:47","slug":"memoria-interacao-americo-autran","status":"publish","type":"post","link":"http:\/\/blogdoarmindomaia.com.br\/?p=7487","title":{"rendered":"Mem\u00f3ria Intera\u00e7\u00e3o &#8211; Am\u00e9rico Autran"},"content":{"rendered":"\n<p>Rua Am\u00e9rico Autran \u2013 Arax\u00e1<\/p>\n\n\n\n<figure class=\"wp-block-image size-full is-style-default\"><img loading=\"lazy\" decoding=\"async\" width=\"600\" height=\"503\" src=\"http:\/\/blogdoarmindomaia.com.br\/wp-content\/uploads\/2024\/04\/Rua-Americo-Autran.png\" alt=\"\" class=\"wp-image-7488\" srcset=\"http:\/\/blogdoarmindomaia.com.br\/wp-content\/uploads\/2024\/04\/Rua-Americo-Autran.png 600w, http:\/\/blogdoarmindomaia.com.br\/wp-content\/uploads\/2024\/04\/Rua-Americo-Autran-300x252.png 300w\" sizes=\"auto, (max-width: 600px) 100vw, 600px\" \/><\/figure>\n\n\n\n<p><\/p>\n\n\n\n<figure class=\"wp-block-image size-full is-style-default\"><img loading=\"lazy\" decoding=\"async\" width=\"491\" height=\"483\" src=\"http:\/\/blogdoarmindomaia.com.br\/wp-content\/uploads\/2024\/04\/Placa-da-rua.png\" alt=\"\" class=\"wp-image-7489\" srcset=\"http:\/\/blogdoarmindomaia.com.br\/wp-content\/uploads\/2024\/04\/Placa-da-rua.png 491w, http:\/\/blogdoarmindomaia.com.br\/wp-content\/uploads\/2024\/04\/Placa-da-rua-300x295.png 300w\" sizes=\"auto, (max-width: 491px) 100vw, 491px\" \/><\/figure>\n\n\n\n<p><br>A Rua Am\u00e9rico Autran fica no bairro S\u00e3o Pedro, na regi\u00e3o do setor centro norte da cidade de Arax\u00e1. \u00c9 uma via de aproximadamente 500 metros de extens\u00e3o. Ela come\u00e7a no cruzamento da Rua Jo\u00e3o Ver\u00e7osa e termina no largo do terminal rodovi\u00e1rio de Arax\u00e1. Em sua extens\u00e3o a maior parte dos im\u00f3veis \u00e9 de resid\u00eancias. Mas l\u00e1 est\u00e3o instaladas: a sede da Ampla, da Cardiocl\u00ednica, a Pra\u00e7a da Fam\u00edlia e as Obras Sociais Caminheiros do Nazareno. \u00c9 uma via tranquila, com pouco fluxo de ve\u00edculos, onde ainda prevalece a calmaria e o sossego. \u00c9 um local cheio de \u00e1rvores que reflete bem a paisagem buc\u00f3lica de cidade do interior das Minas Gerais.&nbsp; &nbsp;<\/p>\n\n\n\n<p><br>Voc\u00ea sabe quem foi Am\u00e9rico Autran?<\/p>\n\n\n\n<figure class=\"wp-block-image size-full is-style-default\"><img loading=\"lazy\" decoding=\"async\" width=\"426\" height=\"484\" src=\"http:\/\/blogdoarmindomaia.com.br\/wp-content\/uploads\/2024\/04\/Americo-Autran-juiz-de-direito.png\" alt=\"\" class=\"wp-image-7490\" srcset=\"http:\/\/blogdoarmindomaia.com.br\/wp-content\/uploads\/2024\/04\/Americo-Autran-juiz-de-direito.png 426w, http:\/\/blogdoarmindomaia.com.br\/wp-content\/uploads\/2024\/04\/Americo-Autran-juiz-de-direito-264x300.png 264w\" sizes=\"auto, (max-width: 426px) 100vw, 426px\" \/><\/figure>\n\n\n\n<p>O Dr. Am\u00e9rico Salgueiro Autran, nasceu no Rio de Janeiro no dia 7 de outubro de 1885. Ele era filho de Alberto de Alencastro Autran e de Josefina Am\u00e9lia Salgueiro Autran. Tinha ascend\u00eancia&nbsp; francesa pelo lado paterno e a fam\u00edlia dele era oriunda do Estado brasileiro de Pernambuco. &nbsp;&nbsp;<\/p>\n\n\n\n<p>&nbsp;Ele se formou em direito pela Faculdade de Ci\u00eancias Jur\u00eddicas do Rio de Janeiro em 28 de dezembro de 1908.<\/p>\n\n\n\n<p>Ainda quintanista do curso jur\u00eddico, Am\u00e9rico Autran exerceu o cargo de Promotor P\u00fablico na Comarca da cidade de Santa Cruz, hoje, Aracruz no Estado do Esp\u00edrito Santo.<\/p>\n\n\n\n<p>Em 1913, Am\u00e9rico Salgueiro Autran, mudou-se para o Estado de Minas Gerais por ter sido nomeado Delegado de Pol\u00edcia do munic\u00edpio de Curvelo. Em 1914, no mesmo cargo ele se transferiu para a cidade mineira de Aiuruoca situada no Sul do Estado, onde permaneceu at\u00e9 o ano de 1920. Em seguida Am\u00e9rico Autran, foi transferido para a cidade mineira de S\u00e3o Jo\u00e3o Nepomuceno.<\/p>\n\n\n\n<p>At\u00e9 ser transferido para a cidade de Arax\u00e1 no dia 21 de novembro de 1939. Dr. Am\u00e9rico Salgueiro Autran exerceu o cargo de Juiz de Direito em v\u00e1rias cidades do Estado de Minas Gerais.&nbsp;&nbsp;&nbsp;&nbsp; &nbsp;&nbsp;&nbsp;&nbsp;&nbsp;&nbsp;&nbsp;&nbsp;&nbsp;&nbsp;&nbsp;&nbsp;&nbsp;<\/p>\n\n\n\n<p>Ele casou-se em primeiras n\u00fapcias com a senhora Luiza Porto Cabral de Menezes, conhecida como a dona Lulu, e tiveram sete filhos ( Ant\u00f4nio Alberto, Geraldo Mariano, Jos\u00e9 Luiz, Jo\u00e3o Nepomuceno, Francisco de Assis ( advogado da Caixa Econ\u00f4mica Federal do Rio de Janeiro), Irm\u00e3 Rosalha ( Feira Salesiana ) e Terezinha Abadia.<\/p>\n\n\n\n<p>Ele casou-se em segundas n\u00fapcias com Waldete Batista de Matos e tiveram dois filhos ( Amerval Marcelo e&nbsp; Walame Alice).<\/p>\n\n\n\n<p>Dr. Am\u00e9rico Salgueiro Autran casou-se em terceiras n\u00fapcias com&nbsp; dona Gracinda de Oliveira Grij\u00f3, teve um filho, Am\u00e9rico Salgueiro Autran Filho. Rymer e Cleber Dabul foram seus enteados.<\/p>\n\n\n\n<p>&nbsp;Ele faleceu em 15 de junho de 1959 em Arax\u00e1 e tinha uma frase c\u00e9lebre: \u201c A justi\u00e7a dos homens, muitas e muitas vezes \u00e9 falha,; por\u00e9m a de Deus sempre \u00e9 constante e perfeita\u201d.&nbsp;<\/p>\n","protected":false},"excerpt":{"rendered":"<p>Rua Am\u00e9rico Autran \u2013 Arax\u00e1 A Rua Am\u00e9rico Autran fica no bairro S\u00e3o Pedro, na regi\u00e3o do setor centro norte<\/p>\n","protected":false},"author":2,"featured_media":7490,"comment_status":"open","ping_status":"open","sticky":false,"template":"","format":"standard","meta":{"footnotes":""},"categories":[9,11],"tags":[],"class_list":["post-7487","post","type-post","status-publish","format-standard","has-post-thumbnail","hentry","category-araxa","category-destaques"],"_links":{"self":[{"href":"http:\/\/blogdoarmindomaia.com.br\/index.php?rest_route=\/wp\/v2\/posts\/7487","targetHints":{"allow":["GET"]}}],"collection":[{"href":"http:\/\/blogdoarmindomaia.com.br\/index.php?rest_route=\/wp\/v2\/posts"}],"about":[{"href":"http:\/\/blogdoarmindomaia.com.br\/index.php?rest_route=\/wp\/v2\/types\/post"}],"author":[{"embeddable":true,"href":"http:\/\/blogdoarmindomaia.com.br\/index.php?rest_route=\/wp\/v2\/users\/2"}],"replies":[{"embeddable":true,"href":"http:\/\/blogdoarmindomaia.com.br\/index.php?rest_route=%2Fwp%2Fv2%2Fcomments&post=7487"}],"version-history":[{"count":1,"href":"http:\/\/blogdoarmindomaia.com.br\/index.php?rest_route=\/wp\/v2\/posts\/7487\/revisions"}],"predecessor-version":[{"id":7491,"href":"http:\/\/blogdoarmindomaia.com.br\/index.php?rest_route=\/wp\/v2\/posts\/7487\/revisions\/7491"}],"wp:featuredmedia":[{"embeddable":true,"href":"http:\/\/blogdoarmindomaia.com.br\/index.php?rest_route=\/wp\/v2\/media\/7490"}],"wp:attachment":[{"href":"http:\/\/blogdoarmindomaia.com.br\/index.php?rest_route=%2Fwp%2Fv2%2Fmedia&parent=7487"}],"wp:term":[{"taxonomy":"category","embeddable":true,"href":"http:\/\/blogdoarmindomaia.com.br\/index.php?rest_route=%2Fwp%2Fv2%2Fcategories&post=7487"},{"taxonomy":"post_tag","embeddable":true,"href":"http:\/\/blogdoarmindomaia.com.br\/index.php?rest_route=%2Fwp%2Fv2%2Ftags&post=7487"}],"curies":[{"name":"wp","href":"https:\/\/api.w.org\/{rel}","templated":true}]}}