{"id":7492,"date":"2024-04-26T16:28:11","date_gmt":"2024-04-26T19:28:11","guid":{"rendered":"http:\/\/blogdoarmindomaia.com.br\/?p=7492"},"modified":"2024-04-26T16:28:14","modified_gmt":"2024-04-26T19:28:14","slug":"araxaenses-investem-em-laranja-e-visam-implantar-industria-de-citricultura-na-cidade","status":"publish","type":"post","link":"http:\/\/blogdoarmindomaia.com.br\/?p=7492","title":{"rendered":"Araxaenses investem em laranja e visam implantar ind\u00fastria de citricultura na cidade"},"content":{"rendered":"\n<figure class=\"wp-block-image size-large is-style-default\"><img loading=\"lazy\" decoding=\"async\" width=\"1024\" height=\"768\" src=\"http:\/\/blogdoarmindomaia.com.br\/wp-content\/uploads\/2024\/04\/Araxaenses-investem-em-laranja-e-visam-implantar-industria-de-citricultura-na-cidade-pag-09-1024x768.jpeg\" alt=\"\" class=\"wp-image-7493\" srcset=\"http:\/\/blogdoarmindomaia.com.br\/wp-content\/uploads\/2024\/04\/Araxaenses-investem-em-laranja-e-visam-implantar-industria-de-citricultura-na-cidade-pag-09-1024x768.jpeg 1024w, http:\/\/blogdoarmindomaia.com.br\/wp-content\/uploads\/2024\/04\/Araxaenses-investem-em-laranja-e-visam-implantar-industria-de-citricultura-na-cidade-pag-09-300x225.jpeg 300w, http:\/\/blogdoarmindomaia.com.br\/wp-content\/uploads\/2024\/04\/Araxaenses-investem-em-laranja-e-visam-implantar-industria-de-citricultura-na-cidade-pag-09-768x576.jpeg 768w, http:\/\/blogdoarmindomaia.com.br\/wp-content\/uploads\/2024\/04\/Araxaenses-investem-em-laranja-e-visam-implantar-industria-de-citricultura-na-cidade-pag-09.jpeg 1280w\" sizes=\"auto, (max-width: 1024px) 100vw, 1024px\" \/><\/figure>\n\n\n\n<p>Entre as regi\u00f5es mais importantes para o Agroneg\u00f3cio em Minas Gerais, Arax\u00e1 deve se transformar\u00a0em refer\u00eancia no cultivo de laranja. Produtores de citricultura t\u00eam realizado investimentos na produ\u00e7\u00e3o da fruta e visam, inclusive, a implanta\u00e7\u00e3o de uma ind\u00fastria para os pr\u00f3ximos anos. O aquecimento do mercado, o clima e o bom ambiente de produ\u00e7\u00e3o facilitam a forma\u00e7\u00e3o de pomares na regi\u00e3o. A administra\u00e7\u00e3o municipal, recebeu grandes investidores do agroneg\u00f3cio na \u00faltima semana. A reuni\u00e3o tratou sobre as expectativas de produ\u00e7\u00e3o e do apoio da Prefeitura de Arax\u00e1 para o crescimento do setor no Munic\u00edpio. Quest\u00f5es importantes como escoamento da produ\u00e7\u00e3o e at\u00e9 na media\u00e7\u00e3o com a Companhia Energ\u00e9tica de Minas Gerais (Cemig) na quest\u00e3o energ\u00e9tica ser\u00e3o pautas fundamentais para o poder p\u00fablico. Para o empres\u00e1rio Ant\u00f4nio Gilberto de Castro, a expectativa \u00e9 que em cinco anos a regi\u00e3o de Arax\u00e1 registre cerca de 10 mil hectares plantados em citricultura. &#8220;Isso agrega um valor enorme aos munic\u00edpios de toda a regi\u00e3o e, com essa \u00e1rea de plantio, teremos condi\u00e7\u00f5es de ter uma ind\u00fastria de produ\u00e7\u00e3o de sucos que vai gerar empregos e renda para a popula\u00e7\u00e3o.&#8221;<\/p>\n","protected":false},"excerpt":{"rendered":"<p>Entre as regi\u00f5es mais importantes para o Agroneg\u00f3cio em Minas Gerais, Arax\u00e1 deve se transformar\u00a0em refer\u00eancia no cultivo de laranja.<\/p>\n","protected":false},"author":2,"featured_media":7493,"comment_status":"open","ping_status":"open","sticky":false,"template":"","format":"standard","meta":{"footnotes":""},"categories":[9,11],"tags":[],"class_list":["post-7492","post","type-post","status-publish","format-standard","has-post-thumbnail","hentry","category-araxa","category-destaques"],"_links":{"self":[{"href":"http:\/\/blogdoarmindomaia.com.br\/index.php?rest_route=\/wp\/v2\/posts\/7492","targetHints":{"allow":["GET"]}}],"collection":[{"href":"http:\/\/blogdoarmindomaia.com.br\/index.php?rest_route=\/wp\/v2\/posts"}],"about":[{"href":"http:\/\/blogdoarmindomaia.com.br\/index.php?rest_route=\/wp\/v2\/types\/post"}],"author":[{"embeddable":true,"href":"http:\/\/blogdoarmindomaia.com.br\/index.php?rest_route=\/wp\/v2\/users\/2"}],"replies":[{"embeddable":true,"href":"http:\/\/blogdoarmindomaia.com.br\/index.php?rest_route=%2Fwp%2Fv2%2Fcomments&post=7492"}],"version-history":[{"count":1,"href":"http:\/\/blogdoarmindomaia.com.br\/index.php?rest_route=\/wp\/v2\/posts\/7492\/revisions"}],"predecessor-version":[{"id":7494,"href":"http:\/\/blogdoarmindomaia.com.br\/index.php?rest_route=\/wp\/v2\/posts\/7492\/revisions\/7494"}],"wp:featuredmedia":[{"embeddable":true,"href":"http:\/\/blogdoarmindomaia.com.br\/index.php?rest_route=\/wp\/v2\/media\/7493"}],"wp:attachment":[{"href":"http:\/\/blogdoarmindomaia.com.br\/index.php?rest_route=%2Fwp%2Fv2%2Fmedia&parent=7492"}],"wp:term":[{"taxonomy":"category","embeddable":true,"href":"http:\/\/blogdoarmindomaia.com.br\/index.php?rest_route=%2Fwp%2Fv2%2Fcategories&post=7492"},{"taxonomy":"post_tag","embeddable":true,"href":"http:\/\/blogdoarmindomaia.com.br\/index.php?rest_route=%2Fwp%2Fv2%2Ftags&post=7492"}],"curies":[{"name":"wp","href":"https:\/\/api.w.org\/{rel}","templated":true}]}}