{"id":7496,"date":"2024-04-26T16:31:07","date_gmt":"2024-04-26T19:31:07","guid":{"rendered":"http:\/\/blogdoarmindomaia.com.br\/?p=7496"},"modified":"2024-04-26T16:31:09","modified_gmt":"2024-04-26T19:31:09","slug":"araxa-tera-nove-voos-de-viagens-semanais","status":"publish","type":"post","link":"http:\/\/blogdoarmindomaia.com.br\/?p=7496","title":{"rendered":"Arax\u00e1 ter\u00e1 nove voos de viagens semanais"},"content":{"rendered":"\n<figure class=\"wp-block-image size-large is-style-default\"><img loading=\"lazy\" decoding=\"async\" width=\"1024\" height=\"576\" src=\"http:\/\/blogdoarmindomaia.com.br\/wp-content\/uploads\/2024\/04\/Araxa-tera-nove-voos-de-viagens-semanais-pag-13-1024x576.jpg\" alt=\"\" class=\"wp-image-7497\" srcset=\"http:\/\/blogdoarmindomaia.com.br\/wp-content\/uploads\/2024\/04\/Araxa-tera-nove-voos-de-viagens-semanais-pag-13-1024x576.jpg 1024w, http:\/\/blogdoarmindomaia.com.br\/wp-content\/uploads\/2024\/04\/Araxa-tera-nove-voos-de-viagens-semanais-pag-13-300x169.jpg 300w, http:\/\/blogdoarmindomaia.com.br\/wp-content\/uploads\/2024\/04\/Araxa-tera-nove-voos-de-viagens-semanais-pag-13-768x432.jpg 768w, http:\/\/blogdoarmindomaia.com.br\/wp-content\/uploads\/2024\/04\/Araxa-tera-nove-voos-de-viagens-semanais-pag-13-1536x864.jpg 1536w, http:\/\/blogdoarmindomaia.com.br\/wp-content\/uploads\/2024\/04\/Araxa-tera-nove-voos-de-viagens-semanais-pag-13.jpg 1919w\" sizes=\"auto, (max-width: 1024px) 100vw, 1024px\" \/><\/figure>\n\n\n\n<p>A empresa Azul linhas A\u00e9reas, anunciou esta semana que a partir de 1\u00ba de julho, as cidades de Arax\u00e1 e Patos de Minas ter\u00e3o mais op\u00e7\u00f5es de voos para Belo Horizonte. A amplia\u00e7\u00e3o do servi\u00e7o visa melhorar a experi\u00eancia dos passageiros e proporcionar conex\u00f5es para mais de 160 destinos. A principal novidade ser\u00e1 a adi\u00e7\u00e3o de um voo di\u00e1rio compartilhado entre Arax\u00e1 e Patos de Minas com destino a Belo Horizonte, o segundo principal hub da companhia.Com isso a opera\u00e7\u00e3o no aeroporto municipal Romeu Zema de Arax\u00e1, semanalmente passar\u00e1 de seis para nove viagens. A amplia\u00e7\u00e3o tamb\u00e9m incluir\u00e1 dois voos para o aeroporto de Guarulhos, em S\u00e3o Paulo, e sete voos para Belo Horizonte. J\u00e1 em Patos de Minas, a oferta de voos passar\u00e1 de tr\u00eas para sete frequ\u00eancias semanais, oferecendo mais op\u00e7\u00f5es de hor\u00e1rios e flexibilidade para os passageiros. As altera\u00e7\u00f5es no servi\u00e7o&nbsp; v\u00e3o facilitar o acesso dos passageiros de Arax\u00e1 e Patos de Minas para Beag\u00e1 e tamb\u00e9m para as conex\u00f5es para mais de 160 destinos nacionais e internacionais operados pela Azul. As passagens para esses novos voos j\u00e1 est\u00e3o dispon\u00edveis para compra no site da Azul, na Central de Vendas da companhia e tamb\u00e9m nas ag\u00eancias de viagens parceiras. Com essas mudan\u00e7as, a Azul reafirma seu compromisso em oferecer um servi\u00e7o de qualidade e conectar cada vez mais pessoas ao redor do mundo.<\/p>\n","protected":false},"excerpt":{"rendered":"<p>A empresa Azul linhas A\u00e9reas, anunciou esta semana que a partir de 1\u00ba de julho, as cidades de Arax\u00e1 e<\/p>\n","protected":false},"author":2,"featured_media":7497,"comment_status":"open","ping_status":"open","sticky":false,"template":"","format":"standard","meta":{"footnotes":""},"categories":[9,11],"tags":[],"class_list":["post-7496","post","type-post","status-publish","format-standard","has-post-thumbnail","hentry","category-araxa","category-destaques"],"_links":{"self":[{"href":"http:\/\/blogdoarmindomaia.com.br\/index.php?rest_route=\/wp\/v2\/posts\/7496","targetHints":{"allow":["GET"]}}],"collection":[{"href":"http:\/\/blogdoarmindomaia.com.br\/index.php?rest_route=\/wp\/v2\/posts"}],"about":[{"href":"http:\/\/blogdoarmindomaia.com.br\/index.php?rest_route=\/wp\/v2\/types\/post"}],"author":[{"embeddable":true,"href":"http:\/\/blogdoarmindomaia.com.br\/index.php?rest_route=\/wp\/v2\/users\/2"}],"replies":[{"embeddable":true,"href":"http:\/\/blogdoarmindomaia.com.br\/index.php?rest_route=%2Fwp%2Fv2%2Fcomments&post=7496"}],"version-history":[{"count":1,"href":"http:\/\/blogdoarmindomaia.com.br\/index.php?rest_route=\/wp\/v2\/posts\/7496\/revisions"}],"predecessor-version":[{"id":7498,"href":"http:\/\/blogdoarmindomaia.com.br\/index.php?rest_route=\/wp\/v2\/posts\/7496\/revisions\/7498"}],"wp:featuredmedia":[{"embeddable":true,"href":"http:\/\/blogdoarmindomaia.com.br\/index.php?rest_route=\/wp\/v2\/media\/7497"}],"wp:attachment":[{"href":"http:\/\/blogdoarmindomaia.com.br\/index.php?rest_route=%2Fwp%2Fv2%2Fmedia&parent=7496"}],"wp:term":[{"taxonomy":"category","embeddable":true,"href":"http:\/\/blogdoarmindomaia.com.br\/index.php?rest_route=%2Fwp%2Fv2%2Fcategories&post=7496"},{"taxonomy":"post_tag","embeddable":true,"href":"http:\/\/blogdoarmindomaia.com.br\/index.php?rest_route=%2Fwp%2Fv2%2Ftags&post=7496"}],"curies":[{"name":"wp","href":"https:\/\/api.w.org\/{rel}","templated":true}]}}