{"id":7499,"date":"2024-04-26T16:33:30","date_gmt":"2024-04-26T19:33:30","guid":{"rendered":"http:\/\/blogdoarmindomaia.com.br\/?p=7499"},"modified":"2024-04-26T16:44:00","modified_gmt":"2024-04-26T19:44:00","slug":"dezesseis-mortes-por-dengue-estao-sendo-investigados-em-araxa","status":"publish","type":"post","link":"http:\/\/blogdoarmindomaia.com.br\/?p=7499","title":{"rendered":"Dezesseis mortes por dengue est\u00e3o sendo investigadas em Arax\u00e1"},"content":{"rendered":"\n<figure class=\"wp-block-image size-full is-style-default\"><img loading=\"lazy\" decoding=\"async\" width=\"1024\" height=\"683\" src=\"http:\/\/blogdoarmindomaia.com.br\/wp-content\/uploads\/2024\/04\/Dezesseis-mortes-por-dengue-estao-sendo-investigados-em-Araxa-pag-03.jpeg\" alt=\"\" class=\"wp-image-7500\" srcset=\"http:\/\/blogdoarmindomaia.com.br\/wp-content\/uploads\/2024\/04\/Dezesseis-mortes-por-dengue-estao-sendo-investigados-em-Araxa-pag-03.jpeg 1024w, http:\/\/blogdoarmindomaia.com.br\/wp-content\/uploads\/2024\/04\/Dezesseis-mortes-por-dengue-estao-sendo-investigados-em-Araxa-pag-03-300x200.jpeg 300w, http:\/\/blogdoarmindomaia.com.br\/wp-content\/uploads\/2024\/04\/Dezesseis-mortes-por-dengue-estao-sendo-investigados-em-Araxa-pag-03-768x512.jpeg 768w\" sizes=\"auto, (max-width: 1024px) 100vw, 1024px\" \/><\/figure>\n\n\n\n<p>\u00a0Os n\u00fameros da dengue em. Arax\u00e1\u00a0 divulgados esta semana pela Secretaria de Estado da Sa\u00fade de Minas Gerais, s\u00e3o preocupantes. De acordo com a Secretaria,\u00a0 foram registrados esse ano 3.939 casos de dengue em Arax\u00e1. O munic\u00edpio tem ainda 4.044 casos prov\u00e1veis de dengue, al\u00e9m de 16 \u00f3bitos em investiga\u00e7\u00e3o e uma morte em decorr\u00eancia da doen\u00e7a. Em Arax\u00e1, a faixa et\u00e1ria mais atingida \u00e9 a de 30 a 39 anos, com 619 contaminados, e a menos afetada \u00e9 a de 90 anos ou mais, com 20 pessoas. A atualiza\u00e7\u00e3o foi feita esta semana pela Secretaria de Estado da S\u00fade de Minas Gerais.<\/p>\n","protected":false},"excerpt":{"rendered":"<p>\u00a0Os n\u00fameros da dengue em. Arax\u00e1\u00a0 divulgados esta semana pela Secretaria de Estado da Sa\u00fade de Minas Gerais, s\u00e3o preocupantes.<\/p>\n","protected":false},"author":2,"featured_media":7500,"comment_status":"open","ping_status":"open","sticky":false,"template":"","format":"standard","meta":{"footnotes":""},"categories":[9,11],"tags":[],"class_list":["post-7499","post","type-post","status-publish","format-standard","has-post-thumbnail","hentry","category-araxa","category-destaques"],"_links":{"self":[{"href":"http:\/\/blogdoarmindomaia.com.br\/index.php?rest_route=\/wp\/v2\/posts\/7499","targetHints":{"allow":["GET"]}}],"collection":[{"href":"http:\/\/blogdoarmindomaia.com.br\/index.php?rest_route=\/wp\/v2\/posts"}],"about":[{"href":"http:\/\/blogdoarmindomaia.com.br\/index.php?rest_route=\/wp\/v2\/types\/post"}],"author":[{"embeddable":true,"href":"http:\/\/blogdoarmindomaia.com.br\/index.php?rest_route=\/wp\/v2\/users\/2"}],"replies":[{"embeddable":true,"href":"http:\/\/blogdoarmindomaia.com.br\/index.php?rest_route=%2Fwp%2Fv2%2Fcomments&post=7499"}],"version-history":[{"count":2,"href":"http:\/\/blogdoarmindomaia.com.br\/index.php?rest_route=\/wp\/v2\/posts\/7499\/revisions"}],"predecessor-version":[{"id":7502,"href":"http:\/\/blogdoarmindomaia.com.br\/index.php?rest_route=\/wp\/v2\/posts\/7499\/revisions\/7502"}],"wp:featuredmedia":[{"embeddable":true,"href":"http:\/\/blogdoarmindomaia.com.br\/index.php?rest_route=\/wp\/v2\/media\/7500"}],"wp:attachment":[{"href":"http:\/\/blogdoarmindomaia.com.br\/index.php?rest_route=%2Fwp%2Fv2%2Fmedia&parent=7499"}],"wp:term":[{"taxonomy":"category","embeddable":true,"href":"http:\/\/blogdoarmindomaia.com.br\/index.php?rest_route=%2Fwp%2Fv2%2Fcategories&post=7499"},{"taxonomy":"post_tag","embeddable":true,"href":"http:\/\/blogdoarmindomaia.com.br\/index.php?rest_route=%2Fwp%2Fv2%2Ftags&post=7499"}],"curies":[{"name":"wp","href":"https:\/\/api.w.org\/{rel}","templated":true}]}}