{"id":7503,"date":"2024-04-26T16:47:45","date_gmt":"2024-04-26T19:47:45","guid":{"rendered":"http:\/\/blogdoarmindomaia.com.br\/?p=7503"},"modified":"2024-04-26T16:47:47","modified_gmt":"2024-04-26T19:47:47","slug":"cimtb-2024-confira-aqui-tudo-o-que-voce-precisa-saber-da-etapa-araxa","status":"publish","type":"post","link":"http:\/\/blogdoarmindomaia.com.br\/?p=7503","title":{"rendered":"CIMTB 2024 \u2013 Confira aqui tudo o que voc\u00ea precisa saber da etapa Arax\u00e1"},"content":{"rendered":"\n<p><\/p>\n\n\n\n<figure class=\"wp-block-image size-large is-style-default\"><img loading=\"lazy\" decoding=\"async\" width=\"1024\" height=\"608\" src=\"http:\/\/blogdoarmindomaia.com.br\/wp-content\/uploads\/2024\/04\/Estrutura-1024x608.jpg\" alt=\"\" class=\"wp-image-7504\" srcset=\"http:\/\/blogdoarmindomaia.com.br\/wp-content\/uploads\/2024\/04\/Estrutura-1024x608.jpg 1024w, http:\/\/blogdoarmindomaia.com.br\/wp-content\/uploads\/2024\/04\/Estrutura-300x178.jpg 300w, http:\/\/blogdoarmindomaia.com.br\/wp-content\/uploads\/2024\/04\/Estrutura-768x456.jpg 768w, http:\/\/blogdoarmindomaia.com.br\/wp-content\/uploads\/2024\/04\/Estrutura.jpg 1200w\" sizes=\"auto, (max-width: 1024px) 100vw, 1024px\" \/><\/figure>\n\n\n\n<p><\/p>\n\n\n\n<p>Arax\u00e1 ainda respira a etapa da Copa do Mundo de MTB disputada no \u00faltimo final de semana na cidade. Mas os ciclistas viraram a chave para outra competi\u00e7\u00e3o importante que tamb\u00e9m ter\u00e1 como palco principal a pista do Parque do Barreiro neste final de semana. &nbsp;A segunda etapa da Copa Internacional de Mountain Bike come\u00e7a hoje, sexta-feira, dia 26 de abril e vai ter seu \u00e1pice no pr\u00f3ximo domingo, dia 28. As inscri\u00e7\u00f5es para a prova se enceraram na \u00faltima ter\u00e7a-feira, dia 23, mas a competi\u00e7\u00e3o que chega na sua 21\u00aa edi\u00e7\u00e3o na cidade, promete ser uma das mais disputadas de todos os tempos. De acordo com a organiza\u00e7\u00e3o da proa, cerca de mil ciclistas do Brasil e exterior v\u00e3o participar da etapa Arax\u00e1. E os motivos s\u00e3o muitos: a motiva\u00e7\u00e3o e empolga\u00e7\u00e3o pela realiza\u00e7\u00e3o com sucesso da etapa do Mundial disputado na pista do Barreiro no \u00faltimo final semana, muitos dos ciclistas que participaram da etapa da Copa do Mundo ficaram para participar da CIMTB e ainda a repercuss\u00e3o mundial do evento em Arax\u00e1. A etapa Arax\u00e1 da CIMTB que tamb\u00e9m vale pontos UCI e conta com a chancela da CBC (Confedera\u00e7\u00e3o Brasileira de Ciclismo).&nbsp;<\/p>\n\n\n\n<figure class=\"wp-block-image size-large is-style-default\"><img loading=\"lazy\" decoding=\"async\" width=\"1024\" height=\"683\" src=\"http:\/\/blogdoarmindomaia.com.br\/wp-content\/uploads\/2024\/04\/Entrada-gratuita-1024x683.jpg\" alt=\"\" class=\"wp-image-7505\" srcset=\"http:\/\/blogdoarmindomaia.com.br\/wp-content\/uploads\/2024\/04\/Entrada-gratuita-1024x683.jpg 1024w, http:\/\/blogdoarmindomaia.com.br\/wp-content\/uploads\/2024\/04\/Entrada-gratuita-300x200.jpg 300w, http:\/\/blogdoarmindomaia.com.br\/wp-content\/uploads\/2024\/04\/Entrada-gratuita-768x512.jpg 768w, http:\/\/blogdoarmindomaia.com.br\/wp-content\/uploads\/2024\/04\/Entrada-gratuita.jpg 1150w\" sizes=\"auto, (max-width: 1024px) 100vw, 1024px\" \/><\/figure>\n\n\n\n<p>Estrutura<\/p>\n\n\n\n<p>Al\u00e9m disso, a competi\u00e7\u00e3o no Barreiro, no entorno do Grande Hotel de Arax\u00e1, \u00e9 considerada a mais charmosa e uma das mais tradicionais do mountain bike latino-americano. A estrutura para atendimento aos atletas \u00e9 completa, com tudo o que \u00e9 preciso para uma prova da modalidade: pontos de hidrata\u00e7\u00e3o, lava bike Squirt, banheiros vip com ar condicionado, duchas para ciclistas, arena com mais de 40 expositores e pra\u00e7a de alimenta\u00e7\u00e3o completa, com card\u00e1pio variado.<\/p>\n\n\n\n<p>Hospedagem em Arax\u00e1<\/p>\n\n\n\n<p>A hospitaleira cidade mineira continua respirando mountain bike. Ap\u00f3s a passagem do circuito mundial pelo munic\u00edpio, com a edi\u00e7\u00e3o da Copa do Mundo, a CiMTB mant\u00e9m a tradi\u00e7\u00e3o de deixar a cidade em movimento: s\u00e3o centenas de leitos \u00e0 disposi\u00e7\u00e3o de atletas e entusiastas das duas rodas. Diversos hot\u00e9is ainda contam com vagas de hospedagem dispon\u00edveis \u2013 inclusive o Grande Hotel Termas de Arax\u00e1, local da prova do pr\u00f3ximo final de semana. S\u00e3o op\u00e7\u00f5es de hot\u00e9is e pousadas e tamb\u00e9m de im\u00f3veis dispon\u00edveis por meio da plataforma AirBnB.<\/p>\n\n\n\n<p>Os hot\u00e9is credenciados podem ser vistos neste link, enquanto que as casas dispon\u00edveis est\u00e3o neste endere\u00e7o.<\/p>\n\n\n\n<p>Novidade na programa\u00e7\u00e3o<\/p>\n\n\n\n<p>Como aconteceu em 2023, a etapa de Arax\u00e1 contar\u00e1 com a realiza\u00e7\u00e3o do Hors Class no XCO (Elite e J\u00fanior) e Classe 3 no XCC (Elite). Mas a grande novidade na programa\u00e7\u00e3o deste ano \u00e9 a in\u00e9dita disputa do XCO Sub-23 valendo pontos Hors Class, logo na abertura do evento, na sexta (26\/04), com largada prevista \u00e0s 11h30.<\/p>\n\n\n\n<p>A organiza\u00e7\u00e3o da CiMTB criou uma bateria separada e exclusiva para atletas da categoria Sub-23. Importante lembrar que mesmo quem competir na sexta pelas categorias Sub-23 feminina e masculina, tamb\u00e9m poder\u00e1 disputar a prova do XCO no domingo, com uma \u00fanica inscri\u00e7\u00e3o.<\/p>\n\n\n\n<p>A etapa de Arax\u00e1 tamb\u00e9m contar\u00e1 com as modalidades XCC e XCM (Maratona).<\/p>\n\n\n\n<p>Para atletas da categoria Elite, a competi\u00e7\u00e3o do pr\u00f3ximo final de semana \u00e9 v\u00e1lida para o ranking Ol\u00edmpico dos Jogos de Paris-2024: ser\u00e3o 100 pontos na Hors Class de Arax\u00e1.<\/p>\n\n\n\n<p>Hist\u00f3ria da CiMTB<\/p>\n\n\n\n<p>A organiza\u00e7\u00e3o da CiMTB realizou sua primeira prova em 1996. Desde ent\u00e3o, vem inovando e contribuindo ativamente para o crescimento e fortalecimento do mountain bike e o mercado de bicicletas no Brasil. Contando pontos para o ranking mundial da Uni\u00e3o Cicl\u00edstica Internacional (UCI) desde 2004, a CiMTB tem sido seletiva para os Jogos Ol\u00edmpicos nos ciclos de Pequim 2008, Londres 2012, Rio 2016, T\u00f3quio 2020 e Paris 2024.<\/p>\n\n\n\n<p>Em 2022, a CiMTB aumentou ainda mais sua relev\u00e2ncia internacional, com a realiza\u00e7\u00e3o da etapa de abertura da Copa do Mundo Mercedes-Benz de Mountain Bike 2022, em Petr\u00f3polis. Al\u00e9m disso, foi respons\u00e1vel pela constru\u00e7\u00e3o da pista de mountain bike dos Jogos Ol\u00edmpicos Rio 2016, considerada uma das melhores da hist\u00f3ria dos Jogos desde 1996, primeiro ano do MTB em Olimp\u00edadas.<\/p>\n\n\n\n<p>Sobre a CIMTB<\/p>\n\n\n\n<p>A organiza\u00e7\u00e3o da CiMTB realizou sua primeira prova em 1996. Desde ent\u00e3o, vem inovando e contribuindo ativamente para o crescimento e fortalecimento do mountain bike e o mercado de bicicletas no Brasil. Contando pontos para o ranking mundial da Uni\u00e3o Cicl\u00edstica Internacional (UCI) desde 2004, a CiMTB tem sido seletiva para os Jogos Ol\u00edmpicos nos ciclos de Pequim 2008, Londres 2012, Rio 2016, T\u00f3quio 2020 e Paris 2024.<\/p>\n\n\n\n<p>Em 2022, a CiMTB aumentou ainda mais sua relev\u00e2ncia internacional, com a realiza\u00e7\u00e3o da etapa de abertura da Copa do Mundo Mercedes-Benz de Mountain Bike 2022, em Petr\u00f3polis. Al\u00e9m disso, foi respons\u00e1vel pela constru\u00e7\u00e3o da pista de mountain bike dos Jogos Ol\u00edmpicos Rio 2016, considerada uma das melhores da hist\u00f3ria dos Jogos desde 1996, primeiro ano do MTB em Olimp\u00edadas.<\/p>\n\n\n\n<p>Copa Internacional de Mountain Bike em Arax\u00e1 tem entrada gratuita<\/p>\n\n\n\n<p>A competi\u00e7\u00e3o acontece no Complexo do Barreiro, no mesmo local onde foi realizada a Copa do Mundo. O evento \u00e9 gratuito e aberto \u00e0 comunidade. De acordo com a organiza\u00e7\u00e3o do evento, cerca de 800 atletas de mais de cinco pa\u00edses como Chile, Col\u00f4mbia, Equador, Cazaquist\u00e3o, Turquia e Israel, participar\u00e3o da competi\u00e7\u00e3o em provas divididas em 52 categorias e tr\u00eas modalidades: Cross Country Ol\u00edmpico (XCO), Short Track (XCC) e Maratona (XCM). O sistema de mobilidade urbana permanece o mesmo da Copa do Mundo: com a descida de bicicletas em ciclofaixa exclusiva pela estrada principal; e de motos, carros de aplicativo e t\u00e1xis pela estrada velha. O evento contar\u00e1 tamb\u00e9m com apresenta\u00e7\u00f5es art\u00edsticas e pra\u00e7a de alimenta\u00e7\u00e3o.<\/p>\n\n\n\n<p>Estrangeiros<\/p>\n\n\n\n<p>De acordo com a organiza\u00e7\u00e3o da CIMTB, cerca de 30 ciclistas estrangeiros estar\u00e3o participando da etapa Arax\u00e1 da CIMTB 2024. Entre eles Sebasti\u00e1n Miranda (CHILE), Ignacio Gallo (CHILE), Jhonatan Botero (COL\u00d4MBIA) e Naama Noyan (ISRAEL).<\/p>\n\n\n\n<p>ROGRAMA\u00c7\u00c3O GERAL DA ETAPA ARAX\u00c1 DA CIMTB 2024<\/p>\n\n\n\n<p>Quinta-feira \u2013 25\/04\/2024:<\/p>\n\n\n\n<p>10h \u00e0s 16h: CL\u00cdNICA T\u00c9CNICA para os treinadores que fizerem seus agendamentos com anteced\u00eancia.<\/p>\n\n\n\n<p>Para ter acesso \u00e0 pista, o treinador deve pegar as placas da clinica t\u00e9cnica com a organiza\u00e7\u00e3o no local do evento e fix\u00e1-las em todas as bikes participantes.<\/p>\n\n\n\n<p>17h30: Congresso T\u00e9cnico presencial \u2013 XCO + XCC SOMENTE PARA ELITE, SUB23 e J\u00daNIOR<\/p>\n\n\n\n<p>18h: Congresso T\u00e9cnico para demais categorias XCO, XCC E MARATONA \u2013 SOMENTE VIRTUAL<\/p>\n\n\n\n<p>Sexta-feira \u2013 26\/04\/2024:<\/p>\n\n\n\n<p>08h \u00e0s 18h: secretaria aberta para confirma\u00e7\u00e3o das inscri\u00e7\u00f5es e credenciamento de apoio atletas\/equipes<\/p>\n\n\n\n<p>10h \u00e0s 16h: TREINO OFICIAL MARATONA exceto na pista XCC quando estiverem acontecendo provas<\/p>\n\n\n\n<p>09h \u00e0s 11h: TREINO OFICIAL XCO \u2013 PISTA COMPLETA<\/p>\n\n\n\n<p>11h30: 1\u00aa LARGADA XCO \u2013 SUB23 HORS CLASS (MASCULINA E FEMININA)<\/p>\n\n\n\n<p>13h15: Premia\u00e7\u00e3o SUB23 HORS CLASS<\/p>\n\n\n\n<p>14h \u00e0s 17h: TREINO OFICIAL XCO \u2013 apenas Parque de Aventura<\/p>\n\n\n\n<p>13h45: 2\u00aa a 7\u00aa LARGADAS XCC \u2013 GERAL FEM. (acima de 12 anos), EL\u00c9TRICA MASC. (acima de 15 anos), MASTER MASC. (acima de 34 anos), CADETE MASC. (DE 23 a 34 anos), TEEN MASC. (de 12 a 16 anos), J\u00daNIOR MASC. (17 e 18 anos)<\/p>\n\n\n\n<p>16h15: 8\u00aa LARGADA XCC \u2013 SUPER ELITE FEMININA<\/p>\n\n\n\n<p>16h45: 9\u00aa LARGADA XCC \u2013 SUPER ELITE MASCULINA<\/p>\n\n\n\n<p>17h30: Premia\u00e7\u00e3o todas as baterias XCC<\/p>\n\n\n\n<p>18h: SHOW PALCO CBMM<\/p>\n\n\n\n<p>S\u00e1bado \u2013 27\/04\/2024:<\/p>\n\n\n\n<p>08h \u00e0s 18h: secretaria aberta para confirma\u00e7\u00e3o das inscri\u00e7\u00f5es e credenciamento de apoio atletas\/equipes<\/p>\n\n\n\n<p>08h20:1\u00aa LARGADA XCO \u2013 E-MTB (el\u00e9tricas) \u2013 Masculina PRO, Feminina PRO e Masculina M\u00e1ster<\/p>\n\n\n\n<p>10h20: 2\u00aa LARGADA XCO \u2013 XCO J\u00daNIOR, SUB17, SUB15, SUB12 masculina<\/p>\n\n\n\n<p>12h15: Premia\u00e7\u00e3o 1\u00aa e 2\u00aa LARGADA<\/p>\n\n\n\n<p>13h \u00e0s 17h: treino livre XCO (trecho usado pelo XCM n\u00e3o poder\u00e1 ser usado no treino do XCO)<\/p>\n\n\n\n<p>14h: 3\u00aa LARGADA MARATONA \u2013 E-MTB Young e S\u00eanior Masculina, E-MTB Feminina, ULTRA, Expert, Cadete, Master, Seguran\u00e7a P\u00fablica, Veterano, Peso Pesado, PCD, DUPLAS, Open Feminina, S\u00eanior Feminina, TURISMO, HAND BIKE<\/p>\n\n\n\n<p>14h: SHOW PALCO CBMM \u2013 SAMBA<\/p>\n\n\n\n<p>14h30: SHOW PALCO CBMM<\/p>\n\n\n\n<p>16:30: HOR\u00c1RIO CORTE DA MARATONA NA LINHA DE CHEGADA<\/p>\n\n\n\n<p>17h30: Premia\u00e7\u00e3o 3\u00aa LARGADA<\/p>\n\n\n\n<p>18h: SHOW PALCO CBMM \u2013 PIANO ROCK<\/p>\n\n\n\n<p>Domingo \u2013 28\/04\/2024:<\/p>\n\n\n\n<p>07h30 \u00e0s 13h: secretaria aberta para confirma\u00e7\u00e3o das inscri\u00e7\u00f5es e credenciamento de apoio atletas\/equipes<\/p>\n\n\n\n<p>08h: 1\u00aa LARGADA XCO MASCULINA \u2013 (Sub55, ULTRA, Sub60, Sub65, Over65)<\/p>\n\n\n\n<p>10h: 2\u00aa LARGADA XCO MASCULINA \u2013 (Sub30, Sub35, Sub40, Sub45, Sub50)<\/p>\n\n\n\n<p>10h30: Premia\u00e7\u00e3o 1\u00aa LARGADA<\/p>\n\n\n\n<p>11h30: CATEGORIA MIRIM E PREMIA\u00c7\u00c3O AP\u00d3S A PROVA<\/p>\n\n\n\n<p>12h: 3\u00aa LARGADA XCO FEMININA \u2013 (ELITE Hors Class, J\u00fanior, Sub17, Sub15, Sub40, Sub50, Over50, Sub12)<\/p>\n\n\n\n<p>12h: SHOW PALCO CBMM<\/p>\n\n\n\n<p>13h: Premia\u00e7\u00e3o 2\u00aa LARGADA + CONCURSO DE REDA\u00c7\u00c3O E DESENHO<\/p>\n\n\n\n<p>14h: 4\u00aa LARGADA XCO MASCULINA \u2013 Elite Hors Class<\/p>\n\n\n\n<p>15h30: SHOW PALCO CBMM \u2013 BANDA VINITH<\/p>\n\n\n\n<p>15h45: Premia\u00e7\u00e3o 3\u00aa LARGADA<\/p>\n\n\n\n<p>16h15: Premia\u00e7\u00e3o 4\u00aa LARGADA<\/p>\n","protected":false},"excerpt":{"rendered":"<p>Arax\u00e1 ainda respira a etapa da Copa do Mundo de MTB disputada no \u00faltimo final de semana na cidade. Mas<\/p>\n","protected":false},"author":2,"featured_media":7504,"comment_status":"open","ping_status":"open","sticky":false,"template":"","format":"standard","meta":{"footnotes":""},"categories":[9,11],"tags":[],"class_list":["post-7503","post","type-post","status-publish","format-standard","has-post-thumbnail","hentry","category-araxa","category-destaques"],"_links":{"self":[{"href":"http:\/\/blogdoarmindomaia.com.br\/index.php?rest_route=\/wp\/v2\/posts\/7503","targetHints":{"allow":["GET"]}}],"collection":[{"href":"http:\/\/blogdoarmindomaia.com.br\/index.php?rest_route=\/wp\/v2\/posts"}],"about":[{"href":"http:\/\/blogdoarmindomaia.com.br\/index.php?rest_route=\/wp\/v2\/types\/post"}],"author":[{"embeddable":true,"href":"http:\/\/blogdoarmindomaia.com.br\/index.php?rest_route=\/wp\/v2\/users\/2"}],"replies":[{"embeddable":true,"href":"http:\/\/blogdoarmindomaia.com.br\/index.php?rest_route=%2Fwp%2Fv2%2Fcomments&post=7503"}],"version-history":[{"count":1,"href":"http:\/\/blogdoarmindomaia.com.br\/index.php?rest_route=\/wp\/v2\/posts\/7503\/revisions"}],"predecessor-version":[{"id":7506,"href":"http:\/\/blogdoarmindomaia.com.br\/index.php?rest_route=\/wp\/v2\/posts\/7503\/revisions\/7506"}],"wp:featuredmedia":[{"embeddable":true,"href":"http:\/\/blogdoarmindomaia.com.br\/index.php?rest_route=\/wp\/v2\/media\/7504"}],"wp:attachment":[{"href":"http:\/\/blogdoarmindomaia.com.br\/index.php?rest_route=%2Fwp%2Fv2%2Fmedia&parent=7503"}],"wp:term":[{"taxonomy":"category","embeddable":true,"href":"http:\/\/blogdoarmindomaia.com.br\/index.php?rest_route=%2Fwp%2Fv2%2Fcategories&post=7503"},{"taxonomy":"post_tag","embeddable":true,"href":"http:\/\/blogdoarmindomaia.com.br\/index.php?rest_route=%2Fwp%2Fv2%2Ftags&post=7503"}],"curies":[{"name":"wp","href":"https:\/\/api.w.org\/{rel}","templated":true}]}}