{"id":7511,"date":"2024-04-29T17:28:38","date_gmt":"2024-04-29T20:28:38","guid":{"rendered":"http:\/\/blogdoarmindomaia.com.br\/?p=7511"},"modified":"2024-04-29T17:28:40","modified_gmt":"2024-04-29T20:28:40","slug":"colegio-dom-bosco-comemora-o-dia-internacional-do-livro-em-grande-estilo","status":"publish","type":"post","link":"http:\/\/blogdoarmindomaia.com.br\/?p=7511","title":{"rendered":"Col\u00e9gio Dom Bosco comemora o Dia Internacional do Livro em grande estilo"},"content":{"rendered":"\n<figure class=\"wp-block-image size-large is-style-default\"><img loading=\"lazy\" decoding=\"async\" width=\"768\" height=\"1024\" src=\"http:\/\/blogdoarmindomaia.com.br\/wp-content\/uploads\/2024\/04\/24a25f1a-9a42-463f-83a9-7424a3e1ae1b-768x1024.jpg\" alt=\"\" class=\"wp-image-7512\" srcset=\"http:\/\/blogdoarmindomaia.com.br\/wp-content\/uploads\/2024\/04\/24a25f1a-9a42-463f-83a9-7424a3e1ae1b-768x1024.jpg 768w, http:\/\/blogdoarmindomaia.com.br\/wp-content\/uploads\/2024\/04\/24a25f1a-9a42-463f-83a9-7424a3e1ae1b-225x300.jpg 225w, http:\/\/blogdoarmindomaia.com.br\/wp-content\/uploads\/2024\/04\/24a25f1a-9a42-463f-83a9-7424a3e1ae1b-1152x1536.jpg 1152w, http:\/\/blogdoarmindomaia.com.br\/wp-content\/uploads\/2024\/04\/24a25f1a-9a42-463f-83a9-7424a3e1ae1b.jpg 1200w\" sizes=\"auto, (max-width: 768px) 100vw, 768px\" \/><\/figure>\n\n\n\n<figure class=\"wp-block-image size-large is-style-default\"><img loading=\"lazy\" decoding=\"async\" width=\"1024\" height=\"576\" src=\"http:\/\/blogdoarmindomaia.com.br\/wp-content\/uploads\/2024\/04\/ac29b680-ab97-4cd8-ac9b-03d0fbc9b7b7-1024x576.jpg\" alt=\"\" class=\"wp-image-7513\" srcset=\"http:\/\/blogdoarmindomaia.com.br\/wp-content\/uploads\/2024\/04\/ac29b680-ab97-4cd8-ac9b-03d0fbc9b7b7-1024x576.jpg 1024w, http:\/\/blogdoarmindomaia.com.br\/wp-content\/uploads\/2024\/04\/ac29b680-ab97-4cd8-ac9b-03d0fbc9b7b7-300x169.jpg 300w, http:\/\/blogdoarmindomaia.com.br\/wp-content\/uploads\/2024\/04\/ac29b680-ab97-4cd8-ac9b-03d0fbc9b7b7-768x432.jpg 768w, http:\/\/blogdoarmindomaia.com.br\/wp-content\/uploads\/2024\/04\/ac29b680-ab97-4cd8-ac9b-03d0fbc9b7b7-1536x864.jpg 1536w, http:\/\/blogdoarmindomaia.com.br\/wp-content\/uploads\/2024\/04\/ac29b680-ab97-4cd8-ac9b-03d0fbc9b7b7.jpg 1599w\" sizes=\"auto, (max-width: 1024px) 100vw, 1024px\" \/><\/figure>\n\n\n\n<p>Com o objetivo de incentivar a leitura e a escrita, a equipe pedag\u00f3gica do Col\u00e9gio Salesiano Dom Bosco de Arax\u00e1 realizou v\u00e1rias atividades para comemorar o Dia Mundial do Livro, no dia 23 de abril. A data que marcou o dia do col\u00e9gio e proporcionou momentos de muito encantamento e imagina\u00e7\u00e3o. A Biblioteca foi lindamente decorada, preparada especialmente para o momento de conta\u00e7\u00e3o de hist\u00f3rias. Estudantes do Ensino M\u00e9dio, sob a coordena\u00e7\u00e3o das professoras M\u00e1rcia Baleeiro e Sueli Campos &#8211; Aprofundamento em L\u00edngua Portuguesa \u2013 A arte da escrita incentivaram as crian\u00e7as da Educa\u00e7\u00e3o Infantil e do Ensino Fundamental Anos Iniciais a plantarem sementes do livro. Ap\u00f3s contarem a hist\u00f3ria do plantio e cultivo de sementes e usando de muita imagina\u00e7\u00e3o, as crian\u00e7as plantaram, embaixo das \u00e1rvores, sementes de palavras, desenhos, personagens e emo\u00e7\u00f5es para que no Dia do Livro as \u00e1rvores amanhecessem cobertas de livros, de acordo com a idade e a turma. Personagens da literatura infantil recepcionaram os alunos: Professora Maluquinha, Menino Maluquinho, Em\u00edlia, Narizinho, Cuca, Visconde de Sabugosa, Chapeuzinho Vermelho, Bela, Cinderela, Ariel, Princesas, Pr\u00edncipes encantados dentre outros. A professora M\u00e1rcia Pires, da equipe do N\u00facleo de Incentivo a Leitura da Secretaria Municipal de Educa\u00e7\u00e3o encantou as crian\u00e7as que com olhinhos brilhantes, ouvidos atentos, gestos e palavras acompanhavam suas hist\u00f3rias. Durante o recreio, aconteceu o piquenique liter\u00e1rio quando as crian\u00e7as puderam viver bons momentos de partilha do lanche ao som de m\u00fasicas infantis. Professoras da Educa\u00e7\u00e3o Infantil trabalharam vestidas a car\u00e1ter: M\u00f4nica e seu fiel escudeiro \u2013 o Coelhinho Sans\u00e3o, Chapeuzinho Vermelho, a Bruxinha, fizeram o dia das crian\u00e7as ainda mais encantador. No audit\u00f3rio, o jovem escritor Heitor Campos de Oliveira \u2013 Livro Releman\u00b4s e a grande guerra, conversou e incentivou os alunos a iniciarem a fant\u00e1stica viagem da arte da escrita, respondeu perguntas, tirou fotos e deu aut\u00f3grafos. Para o incentivo a escrita foi criado o \u201clivro em metros\u201d, permitindo que a imagina\u00e7\u00e3o de um desse continuidade a imagina\u00e7\u00e3o do outro, completando a hist\u00f3ria e decorando o livro. Para as turmas do Ensino Fundamental \u2013 Anos Finais e Ensino M\u00e9dio, houve concurso alusivo \u00e0 data com sorteio de livros durante o recreio. As salas de aula e o intervalo contou com a presen\u00e7a de in\u00fameros personagens infantis, o que tornou o dia muito mais alegre e proveitoso. Para os pais, que acompanharam parte das atividades, esse dia trouxe mais vida \u00e0 escola e merece bis. A escola viva traz encantamento e o ensinar e aprender se tornam leves e participativos.<\/p>\n","protected":false},"excerpt":{"rendered":"<p>Com o objetivo de incentivar a leitura e a escrita, a equipe pedag\u00f3gica do Col\u00e9gio Salesiano Dom Bosco de Arax\u00e1<\/p>\n","protected":false},"author":2,"featured_media":7513,"comment_status":"open","ping_status":"open","sticky":false,"template":"","format":"standard","meta":{"footnotes":""},"categories":[9,11],"tags":[],"class_list":["post-7511","post","type-post","status-publish","format-standard","has-post-thumbnail","hentry","category-araxa","category-destaques"],"_links":{"self":[{"href":"http:\/\/blogdoarmindomaia.com.br\/index.php?rest_route=\/wp\/v2\/posts\/7511","targetHints":{"allow":["GET"]}}],"collection":[{"href":"http:\/\/blogdoarmindomaia.com.br\/index.php?rest_route=\/wp\/v2\/posts"}],"about":[{"href":"http:\/\/blogdoarmindomaia.com.br\/index.php?rest_route=\/wp\/v2\/types\/post"}],"author":[{"embeddable":true,"href":"http:\/\/blogdoarmindomaia.com.br\/index.php?rest_route=\/wp\/v2\/users\/2"}],"replies":[{"embeddable":true,"href":"http:\/\/blogdoarmindomaia.com.br\/index.php?rest_route=%2Fwp%2Fv2%2Fcomments&post=7511"}],"version-history":[{"count":1,"href":"http:\/\/blogdoarmindomaia.com.br\/index.php?rest_route=\/wp\/v2\/posts\/7511\/revisions"}],"predecessor-version":[{"id":7514,"href":"http:\/\/blogdoarmindomaia.com.br\/index.php?rest_route=\/wp\/v2\/posts\/7511\/revisions\/7514"}],"wp:featuredmedia":[{"embeddable":true,"href":"http:\/\/blogdoarmindomaia.com.br\/index.php?rest_route=\/wp\/v2\/media\/7513"}],"wp:attachment":[{"href":"http:\/\/blogdoarmindomaia.com.br\/index.php?rest_route=%2Fwp%2Fv2%2Fmedia&parent=7511"}],"wp:term":[{"taxonomy":"category","embeddable":true,"href":"http:\/\/blogdoarmindomaia.com.br\/index.php?rest_route=%2Fwp%2Fv2%2Fcategories&post=7511"},{"taxonomy":"post_tag","embeddable":true,"href":"http:\/\/blogdoarmindomaia.com.br\/index.php?rest_route=%2Fwp%2Fv2%2Ftags&post=7511"}],"curies":[{"name":"wp","href":"https:\/\/api.w.org\/{rel}","templated":true}]}}