{"id":7515,"date":"2024-04-30T12:10:03","date_gmt":"2024-04-30T15:10:03","guid":{"rendered":"http:\/\/blogdoarmindomaia.com.br\/?p=7515"},"modified":"2024-04-30T12:10:05","modified_gmt":"2024-04-30T15:10:05","slug":"confira-a-nova-grade-de-eventos-definidos-para-2024-em-araxa","status":"publish","type":"post","link":"http:\/\/blogdoarmindomaia.com.br\/?p=7515","title":{"rendered":"Confira a nova grade de eventos definidos para 2024 em Arax\u00e1"},"content":{"rendered":"\n<p><\/p>\n\n\n\n<figure class=\"wp-block-image size-large is-style-default\"><img loading=\"lazy\" decoding=\"async\" width=\"1024\" height=\"631\" src=\"http:\/\/blogdoarmindomaia.com.br\/wp-content\/uploads\/2024\/04\/Voo-Livre-1024x631.jpg\" alt=\"\" class=\"wp-image-7516\" srcset=\"http:\/\/blogdoarmindomaia.com.br\/wp-content\/uploads\/2024\/04\/Voo-Livre-1024x631.jpg 1024w, http:\/\/blogdoarmindomaia.com.br\/wp-content\/uploads\/2024\/04\/Voo-Livre-300x185.jpg 300w, http:\/\/blogdoarmindomaia.com.br\/wp-content\/uploads\/2024\/04\/Voo-Livre-768x473.jpg 768w, http:\/\/blogdoarmindomaia.com.br\/wp-content\/uploads\/2024\/04\/Voo-Livre.jpg 1116w\" sizes=\"auto, (max-width: 1024px) 100vw, 1024px\" \/><\/figure>\n\n\n\n<figure class=\"wp-block-image size-full is-style-default\"><img loading=\"lazy\" decoding=\"async\" width=\"940\" height=\"350\" src=\"http:\/\/blogdoarmindomaia.com.br\/wp-content\/uploads\/2024\/04\/Copa-do-Mundo-de-MTB.jpg\" alt=\"\" class=\"wp-image-7517\" srcset=\"http:\/\/blogdoarmindomaia.com.br\/wp-content\/uploads\/2024\/04\/Copa-do-Mundo-de-MTB.jpg 940w, http:\/\/blogdoarmindomaia.com.br\/wp-content\/uploads\/2024\/04\/Copa-do-Mundo-de-MTB-300x112.jpg 300w, http:\/\/blogdoarmindomaia.com.br\/wp-content\/uploads\/2024\/04\/Copa-do-Mundo-de-MTB-768x286.jpg 768w\" sizes=\"auto, (max-width: 940px) 100vw, 940px\" \/><\/figure>\n\n\n\n<figure class=\"wp-block-image size-full is-style-default\"><img loading=\"lazy\" decoding=\"async\" width=\"512\" height=\"270\" src=\"http:\/\/blogdoarmindomaia.com.br\/wp-content\/uploads\/2024\/04\/Araxa-Rodeio-Show.jpg\" alt=\"\" class=\"wp-image-7518\" srcset=\"http:\/\/blogdoarmindomaia.com.br\/wp-content\/uploads\/2024\/04\/Araxa-Rodeio-Show.jpg 512w, http:\/\/blogdoarmindomaia.com.br\/wp-content\/uploads\/2024\/04\/Araxa-Rodeio-Show-300x158.jpg 300w, http:\/\/blogdoarmindomaia.com.br\/wp-content\/uploads\/2024\/04\/Araxa-Rodeio-Show-390x205.jpg 390w\" sizes=\"auto, (max-width: 512px) 100vw, 512px\" \/><\/figure>\n\n\n\n<p>A reportagem do Jornal Intera\u00e7\u00e3o atualizou esta semana junto \u00e0 Secretaria Municipal de Desenvolvimento Econ\u00f4mico e Turismo de Arax\u00e1, o calend\u00e1rio atualizado de eventos art\u00edsticos, religiosos, culturais e esportivos, que j\u00e1 est\u00e3o confirmados, com data e locais definidos no munic\u00edpio de Arax\u00e1, at\u00e9 o final de dezembro de 2024.<\/p>\n\n\n\n<p>Desde o in\u00edcio deste ano v\u00e1rios eventos regionais, estaduais, nacionais e at\u00e9 internacionais j\u00e1 foram realizados no munic\u00edpio de Arax\u00e1. Entre eles, merecem destaque:&nbsp; Fenadoces&nbsp; de 27 a 31 de mar\u00e7o; Arax\u00e1 Rodeio Show \u2013 de 17 a 21 de abril; Copa do Mundo de MTB de 18 a 21 de abril e Copa Internacional de MTB de 26 a 28 de abril.<\/p>\n\n\n\n<p>A informa\u00e7\u00e3o da assessoria de comunica\u00e7\u00e3o da Secretaria \u00e9 de que os principais e mais concorridos eventos do ano passado foram mantidos para 2024.&nbsp;<\/p>\n\n\n\n<p>Confira os eventos confirmados e as datas at\u00e9 o final de 2024:<\/p>\n\n\n\n<p>7\u00ba Retiro Malabar\u00edstico na FCCB de 1 a 5 de maio<\/p>\n\n\n\n<p>32\u00ba Encontro de Folias de Reis na Capela Filomena de 2 a 5 de maio<\/p>\n\n\n\n<p>Campeonato Brasileiro de Rally Minas Brasil de 15 a 18 de maio<\/p>\n\n\n\n<p>Festival Aqui Tem Mineiridade \u2013 na FCCB de 06 a 09 de junho<\/p>\n\n\n\n<p>Florir do Cerrado no Parque do Cristo dia 08 de junho<\/p>\n\n\n\n<p>Fliarax\u00e1 \u2013 na FCCB de 19 a 23 de junho<\/p>\n\n\n\n<p>ExpoQueijo \u2013 no Barreiro de 26 a 30 de junho<\/p>\n\n\n\n<p>Festival de Inverno e Cultura de Arax\u00e1 na FCCB entre 4 e 7 de julho<\/p>\n\n\n\n<p>Arax\u00e1 Festival Jazz and Blues,&nbsp; de 5 a 6 de julho<\/p>\n\n\n\n<p>Grande Arrai\u00e1 da Facia na FCCB entre 18 e 21 de julho<\/p>\n\n\n\n<p>Encontro Nacional de Avi\u00e3o Leve &#8211; Aeroporto Romeu Zema de 25 a 28 de julho &nbsp;<\/p>\n\n\n\n<p>Dan\u00e7arax\u00e1 no Teatro CBMM entre 15 e 18 de agosto<\/p>\n\n\n\n<p>Motofest no Barreiro de 30 de agosto a 1 de setembro<\/p>\n\n\n\n<p>Campeonato Brasileiro de Parapente Masculino no Horizonte Perdido \u2013 31 agosto&nbsp; a 7 de setembro<\/p>\n\n\n\n<p>Encontro de Carros Antigos \u2013 Barreiro de 05 a 07 de setembro<\/p>\n\n\n\n<p>Campeonato Brasileiro de Parapente Feminino \u2013 Horizonte Perdido de 11 a 13 de outubro<\/p>\n\n\n\n<p>Arax\u00e1 4X4 Festival de 15 a 17 de novembro<\/p>\n\n\n\n<p>FestNatal no p\u00e1tio do Est\u00e1dio Fausto Alvim de 12 a 23 de dezembro.<\/p>\n","protected":false},"excerpt":{"rendered":"<p>A reportagem do Jornal Intera\u00e7\u00e3o atualizou esta semana junto \u00e0 Secretaria Municipal de Desenvolvimento Econ\u00f4mico e Turismo de Arax\u00e1, o<\/p>\n","protected":false},"author":2,"featured_media":7516,"comment_status":"open","ping_status":"open","sticky":false,"template":"","format":"standard","meta":{"footnotes":""},"categories":[9,11],"tags":[],"class_list":["post-7515","post","type-post","status-publish","format-standard","has-post-thumbnail","hentry","category-araxa","category-destaques"],"_links":{"self":[{"href":"http:\/\/blogdoarmindomaia.com.br\/index.php?rest_route=\/wp\/v2\/posts\/7515","targetHints":{"allow":["GET"]}}],"collection":[{"href":"http:\/\/blogdoarmindomaia.com.br\/index.php?rest_route=\/wp\/v2\/posts"}],"about":[{"href":"http:\/\/blogdoarmindomaia.com.br\/index.php?rest_route=\/wp\/v2\/types\/post"}],"author":[{"embeddable":true,"href":"http:\/\/blogdoarmindomaia.com.br\/index.php?rest_route=\/wp\/v2\/users\/2"}],"replies":[{"embeddable":true,"href":"http:\/\/blogdoarmindomaia.com.br\/index.php?rest_route=%2Fwp%2Fv2%2Fcomments&post=7515"}],"version-history":[{"count":1,"href":"http:\/\/blogdoarmindomaia.com.br\/index.php?rest_route=\/wp\/v2\/posts\/7515\/revisions"}],"predecessor-version":[{"id":7519,"href":"http:\/\/blogdoarmindomaia.com.br\/index.php?rest_route=\/wp\/v2\/posts\/7515\/revisions\/7519"}],"wp:featuredmedia":[{"embeddable":true,"href":"http:\/\/blogdoarmindomaia.com.br\/index.php?rest_route=\/wp\/v2\/media\/7516"}],"wp:attachment":[{"href":"http:\/\/blogdoarmindomaia.com.br\/index.php?rest_route=%2Fwp%2Fv2%2Fmedia&parent=7515"}],"wp:term":[{"taxonomy":"category","embeddable":true,"href":"http:\/\/blogdoarmindomaia.com.br\/index.php?rest_route=%2Fwp%2Fv2%2Fcategories&post=7515"},{"taxonomy":"post_tag","embeddable":true,"href":"http:\/\/blogdoarmindomaia.com.br\/index.php?rest_route=%2Fwp%2Fv2%2Ftags&post=7515"}],"curies":[{"name":"wp","href":"https:\/\/api.w.org\/{rel}","templated":true}]}}