{"id":7521,"date":"2024-05-03T15:36:53","date_gmt":"2024-05-03T18:36:53","guid":{"rendered":"http:\/\/blogdoarmindomaia.com.br\/?p=7521"},"modified":"2024-05-03T15:36:55","modified_gmt":"2024-05-03T18:36:55","slug":"zema-potencializa-acoes-na-promocao-do-destino-minas-e-destaca-o-ciclismo-em-araxa","status":"publish","type":"post","link":"http:\/\/blogdoarmindomaia.com.br\/?p=7521","title":{"rendered":"Zema potencializa a\u00e7\u00f5es na promo\u00e7\u00e3o do Destino Minas e destaca o ciclismo em Arax\u00e1"},"content":{"rendered":"\n<figure class=\"wp-block-image size-large is-style-default\"><img loading=\"lazy\" decoding=\"async\" width=\"1024\" height=\"722\" src=\"http:\/\/blogdoarmindomaia.com.br\/wp-content\/uploads\/2024\/05\/Zema-potencializa-acoes-na-promocao-do-Destino-Minas-e-destaca-o-ciclismo-em-Araxa-pag-09-1024x722.jpg\" alt=\"\" class=\"wp-image-7522\" srcset=\"http:\/\/blogdoarmindomaia.com.br\/wp-content\/uploads\/2024\/05\/Zema-potencializa-acoes-na-promocao-do-Destino-Minas-e-destaca-o-ciclismo-em-Araxa-pag-09-1024x722.jpg 1024w, http:\/\/blogdoarmindomaia.com.br\/wp-content\/uploads\/2024\/05\/Zema-potencializa-acoes-na-promocao-do-Destino-Minas-e-destaca-o-ciclismo-em-Araxa-pag-09-300x212.jpg 300w, http:\/\/blogdoarmindomaia.com.br\/wp-content\/uploads\/2024\/05\/Zema-potencializa-acoes-na-promocao-do-Destino-Minas-e-destaca-o-ciclismo-em-Araxa-pag-09-768x541.jpg 768w, http:\/\/blogdoarmindomaia.com.br\/wp-content\/uploads\/2024\/05\/Zema-potencializa-acoes-na-promocao-do-Destino-Minas-e-destaca-o-ciclismo-em-Araxa-pag-09.jpg 1200w\" sizes=\"auto, (max-width: 1024px) 100vw, 1024px\" \/><\/figure>\n\n\n\n<p>Minas Gerais se mant\u00e9m em destaque nas principais feiras e eventos voltados ao segmento tur\u00edstico nacional. Ap\u00f3s apresentar os caf\u00e9s mineiros, entre os dias 12 e 14\/4, durante a Specialty Coffee, realizada em Chicago, nos Estados Unidos, o Governo de Minas, por meio da Secretaria de Estado de Cultura e Turismo (Secult), juntamente com parceiros, deu continuidade \u00e0s a\u00e7\u00f5es que visam promover o Destino Minas Gerais no pa\u00eds e no exterior.<\/p>\n\n\n\n<p>A iniciativa mais recente foi o estande pr\u00f3prio na Minas Travel Market, em m Belo Horizonte. E a participa\u00e7\u00e3o do Governo de Minas na Minas Travel Market tamb\u00e9m deu sequ\u00eancia a promo\u00e7\u00e3o do Destino Minas Gerais durante a World Travel Market (WTM) Latin America, entre os dias 15 e 17\/4, em S\u00e3o Paulo, e da Copa do Mundo de Mountain Bike, em Arax\u00e1, que ocorreu de 18 a 21\/4.<\/p>\n\n\n\n<p>A Copa do Mundo de Mountain Bike, que pela primeira vez foi promovida em Minas Gerais e aconteceu a partir de tratativas iniciadas na ITB Berlin, uma das maiores feiras voltadas para neg\u00f3cios de turismo, trouxe visibilidade para Arax\u00e1 e todo o Circuito Tur\u00edstico Nascentes das Gerais e Canastra. O torneio foi transmitido para mais de 40 pa\u00edses, atraindo visitantes para o munic\u00edpio, o que impulsionou o com\u00e9rcio local e levou \u00e0 ocupa\u00e7\u00e3o m\u00e1xima dos hot\u00e9is de Arax\u00e1.<\/p>\n\n\n\n<p>Zema disse que, \u201ceu&nbsp; estive com os organizadores e eles me disseram que est\u00e1 todo mundo encantado com a hospitalidade da cidade. Ent\u00e3o esse evento serviu para divulgar n\u00e3o somente o esporte, mas mostrando como somos um povo acolhedor. N\u00f3s sabemos que algumas provas, hoje, no mundo, s\u00e3o refer\u00eancias mundiais. Quando se fala em M\u00f4naco logo se pensa em F\u00f3rmula 1, quero que quando se falar em Minas Gerais, todo mundo pensar em mountain-bike\u201d, falou o governador.<\/p>\n","protected":false},"excerpt":{"rendered":"<p>Minas Gerais se mant\u00e9m em destaque nas principais feiras e eventos voltados ao segmento tur\u00edstico nacional. Ap\u00f3s apresentar os caf\u00e9s<\/p>\n","protected":false},"author":2,"featured_media":7522,"comment_status":"open","ping_status":"open","sticky":false,"template":"","format":"standard","meta":{"footnotes":""},"categories":[9,11],"tags":[],"class_list":["post-7521","post","type-post","status-publish","format-standard","has-post-thumbnail","hentry","category-araxa","category-destaques"],"_links":{"self":[{"href":"http:\/\/blogdoarmindomaia.com.br\/index.php?rest_route=\/wp\/v2\/posts\/7521","targetHints":{"allow":["GET"]}}],"collection":[{"href":"http:\/\/blogdoarmindomaia.com.br\/index.php?rest_route=\/wp\/v2\/posts"}],"about":[{"href":"http:\/\/blogdoarmindomaia.com.br\/index.php?rest_route=\/wp\/v2\/types\/post"}],"author":[{"embeddable":true,"href":"http:\/\/blogdoarmindomaia.com.br\/index.php?rest_route=\/wp\/v2\/users\/2"}],"replies":[{"embeddable":true,"href":"http:\/\/blogdoarmindomaia.com.br\/index.php?rest_route=%2Fwp%2Fv2%2Fcomments&post=7521"}],"version-history":[{"count":1,"href":"http:\/\/blogdoarmindomaia.com.br\/index.php?rest_route=\/wp\/v2\/posts\/7521\/revisions"}],"predecessor-version":[{"id":7523,"href":"http:\/\/blogdoarmindomaia.com.br\/index.php?rest_route=\/wp\/v2\/posts\/7521\/revisions\/7523"}],"wp:featuredmedia":[{"embeddable":true,"href":"http:\/\/blogdoarmindomaia.com.br\/index.php?rest_route=\/wp\/v2\/media\/7522"}],"wp:attachment":[{"href":"http:\/\/blogdoarmindomaia.com.br\/index.php?rest_route=%2Fwp%2Fv2%2Fmedia&parent=7521"}],"wp:term":[{"taxonomy":"category","embeddable":true,"href":"http:\/\/blogdoarmindomaia.com.br\/index.php?rest_route=%2Fwp%2Fv2%2Fcategories&post=7521"},{"taxonomy":"post_tag","embeddable":true,"href":"http:\/\/blogdoarmindomaia.com.br\/index.php?rest_route=%2Fwp%2Fv2%2Ftags&post=7521"}],"curies":[{"name":"wp","href":"https:\/\/api.w.org\/{rel}","templated":true}]}}