{"id":7524,"date":"2024-05-03T15:54:59","date_gmt":"2024-05-03T18:54:59","guid":{"rendered":"http:\/\/blogdoarmindomaia.com.br\/?p=7524"},"modified":"2024-05-03T15:55:01","modified_gmt":"2024-05-03T18:55:01","slug":"raiza-goulao-e-alex-malacarne-conquistam-o-xco-da-cimtb-araxa","status":"publish","type":"post","link":"http:\/\/blogdoarmindomaia.com.br\/?p=7524","title":{"rendered":"Raiza Goul\u00e3o e Alex Malacarne conquistam o XCO da CIMTB Arax\u00e1"},"content":{"rendered":"\n<p><em>Raiza no feminino e Alex no masculino vencem o XCO da CIMTB Arax\u00e1<\/em><\/p>\n\n\n\n<figure class=\"wp-block-image size-large is-style-default\"><img loading=\"lazy\" decoding=\"async\" width=\"1024\" height=\"639\" src=\"http:\/\/blogdoarmindomaia.com.br\/wp-content\/uploads\/2024\/05\/Capa-1-1024x639.jpg\" alt=\"\" class=\"wp-image-7525\" srcset=\"http:\/\/blogdoarmindomaia.com.br\/wp-content\/uploads\/2024\/05\/Capa-1-1024x639.jpg 1024w, http:\/\/blogdoarmindomaia.com.br\/wp-content\/uploads\/2024\/05\/Capa-1-300x187.jpg 300w, http:\/\/blogdoarmindomaia.com.br\/wp-content\/uploads\/2024\/05\/Capa-1-768x479.jpg 768w, http:\/\/blogdoarmindomaia.com.br\/wp-content\/uploads\/2024\/05\/Capa-1-1536x959.jpg 1536w, http:\/\/blogdoarmindomaia.com.br\/wp-content\/uploads\/2024\/05\/Capa-1-2048x1279.jpg 2048w\" sizes=\"auto, (max-width: 1024px) 100vw, 1024px\" \/><\/figure>\n\n\n\n<p><em>Em uma tarde ensolarada e muito calor, a goiana Raiza Goul\u00e3o e o paranaense Alex Malacarne fazem historia e venceram a etapa da Copa Internacional de Mountain Bike de Arax\u00e1<\/em><\/p>\n\n\n\n<p><em>Arax\u00e1 viveu o mundo do MTB, foram quase 20 dias de muita emo\u00e7\u00e3o e disputa nas trilhas do complexo do Barreiro em Araxa com a realiza\u00e7\u00e3o de uma etapa da Copa do Mundo e finalizando neste fim de semana uma etapa da CIMTB com presen\u00e7a dos melhores atletas do mundo e do pa\u00eds.<\/em><\/p>\n\n\n\n<p>No XCO, deste domingo, na categoria feminina, &nbsp;Raiza Goul\u00e3o, mesmo vindo de um semana cansativa da disputa da Copa do Mundo, fez uma prova forte, com muita for\u00e7a e determina\u00e7\u00e3o n\u00e3o dando chances para suas advers\u00e1rias liderando praticamente de ponta a ponta e sagrou-se campe\u00e3 da Super Elite feminina.<\/p>\n\n\n\n<p>Na Super Elite masculina depois de um performance brilhante na Copa do Mundo conquistando seu primeiro p\u00f3dio numa etapa de mundial, Alex aproveitou o bom momento, a motiva\u00e7\u00e3o e obteve uma dupla vitoria vencendo o XCO na categoria sub-23 na sexta feira e vencendo o XCO na categoria super-Elite neste domingo conquistando sua primeira vit\u00f3ria na super eleite.<\/p>\n\n\n\n<p>A Super Elite feminina come\u00e7ou extremamente emocionante \u2013 mesmo com o forte calor. Ao fim da primeira volta, Karen Olimpio (Soul Cycles) e Raiza Goul\u00e3o (Squadra Oggi) passaram na dianteira, seguidas bem de perto por Isabella Lacerda (Scott Brasil). A mineira Hercilia Najara (Estilo Ventura Trek), a israelense Naama Noyman e a chilena Yarela Gonzalez vinham logo atr\u00e1s. Na sequ\u00eancia, as tr\u00eas primeiras colocadas escaparam juntas: Isabella, Karen e Raiza abriram a terceira volta com uma vantagem de cerca de 20 segundos para Hercilia e Naama, respectivamente na quarta e quinta<\/p>\n\n\n\n<p>A defini\u00e7\u00e3o da corrida veio na quarta volta quando Raiza Goul\u00e3o apertou o ritmo e abriu 30 segundos de vantagem sobre Isabella, mantendo-se bem a frente at\u00e9 o final das 7 voltas recebendo a bandeiradas na primeira coloca\u00e7\u00e3o com o tempo de 1h20min43. Com a vit\u00f3ria, Raiza somou mais 100 pontos UCI, ou seja, tanto no ranking ol\u00edmpico quanto no mundial. Desta forma, ela se mant\u00e9m como favorita para conquistar a vaga brasileira entre as mulheres para os Jogos Ol\u00edmpicos de Paris 2024, abrindo vantagem sobre Karen e Herc\u00edlia.<\/p>\n\n\n\n<p>\u201cFoi uma prova (XCO HC) desafiadora, n\u00e3o s\u00f3 pela pista, mas porque venho me recuperando de uma gripe forte. A pista mudou muito: j\u00e1 era desafiadora e agora ficou bem mais. Quero agradecer a todo mundo pela torcida e agradecer a todas as meninas da Elite do Brasil, o tanto que elas t\u00eam evolu\u00eddo. O esporte \u00e9 isso: se elas n\u00e3o evolu\u00edssem, eu n\u00e3o evoluiria. Nem eu, nem Isabella, nem Karen, ningu\u00e9m cresceria\u201d, explicou a campe\u00e3 da etapa.<\/p>\n\n\n\n<p>Isabella garantiu o vice-campeonato em Arax\u00e1, com 1h21min20, seguida por Karen com 1h23min01. Hercilia e a israelense Naama fecharam o top-5, com 1h24min17 e 1h25min21, respectivamente. Completando o p\u00f3dio, estiveram a colombiana Yarela (1h26min02), Sabrina Oliveira (1h27min20), Luiza Cocuzzi e as cazaques Tatyana Geneleva e Alina Sarkulova.<\/p>\n\n\n\n<p><strong>Classifica\u00e7\u00e3o CiMTB 2024 \u2013 Super Elite Feminina<\/strong><br>1 \u2013 Isabella Lacerda (Scott Brasil) \u2013 128 pontos<br>2 \u2013 Raiza Goul\u00e3o (Squadra Oggi) \u2013 125 pontos<br>3 \u2013 Hercilia Najara (Estilo Ventura Trek) \u2013 120 pontos<br>4 \u2013 Karen Ol\u00edmpio (Soul Cycles) \u2013 118 pontos<br>5 \u2013 Luiza Cocuzzi (Audax Racing) \u2013 62 pontos<\/p>\n\n\n\n<p><strong>Super Elite masculina<\/strong><br>Depois de duas semanas em que Arax\u00e1 se tornou a capital do mountain bike mundial, com todas as aten\u00e7\u00f5es dos apaixonados pela modalidade, a cidade abriu na tarde de domingo a \u00faltima das suas baterias, pela Copa do Mundo e pela Copa Internacional. A Super Elite masculina largou sob c\u00e9u aberto e sol forte, coroando a \u00faltima prova do final de semana.<\/p>\n\n\n\n<p>Logo na primeira volta, Jos\u00e9 Gabriel Marques (Squadra Oggi) atacou e conseguiu fechar a primeira volta escapado, seguido por Ulan Galinski (Caloi Henrique Avancini Racing), Alex Malacarne (Trinity Racing), o colombiano Jhonnatan Botero e Luiz Cocuzzi (Audax Racing Team).<\/p>\n\n\n\n<p>Na segunda volta, o cen\u00e1rio mudou e o pelot\u00e3o se quebrou: Malacarne e Ulan colaram em Jos\u00e9 Gabriel e mantiveram a mesma passada. Mas, durante o terceiro giro pelo circuito, mais uma vez o roteiro foi alterado. Ulan e Malacarne atacaram e chegaram a abrir 36 segundos de dist\u00e2ncia para o terceiro colocado, Jos\u00e9 Gabriel, que continuou caindo de posi\u00e7\u00f5es e terminou a prova em 11\u00b0 lugar. Quem aproveitou para acelerar foi o colombiano Diego Arias, que colou no compatriota \u201cChuky\u201d&nbsp;Botero para seguir na cola dos l\u00edderes, com Sherman Trezza logo atr\u00e1s (4Fun).<\/p>\n\n\n\n<p>Malacarne e Ulan continuaram na ponta, ambos alternando-se com a cara no vento e mantendo as duas primeiras posi\u00e7\u00f5es. Mesmo com o atleta paranaense precisando parar no ponto de apoio para encher um pneu murcho, os dois se mantiveram lado a lado at\u00e9 a \u00faltima volta. Foi a\u00ed que Malacarne atacou para uma emocionante vit\u00f3ria, recebendo a aclama\u00e7\u00e3o do p\u00fablico de Arax\u00e1 \u2013 fechando a prova com 1h14min54.<\/p>\n\n\n\n<p>O atleta paranaense teve um ciclo que pode ser considerado perfeito nas duas competi\u00e7\u00f5es na cidade mineira: foi o 3\u00b0 colocado no XCO Sub-23 da Copa do Mundo e campe\u00e3o nos dois XCOs da CiMTB: Sub-23 e Super Elite.<\/p>\n\n\n\n<p>\u201cMais um final de semana incr\u00edvel para mim. Minha primeira vit\u00f3ria UCI na Elite foi agora em Arax\u00e1, meu primeiro p\u00f3dio em uma Copa do Mundo em Arax\u00e1\u2026 Acho que Arax\u00e1 \u00e9 minha segunda casa agora\u201d, disse o campe\u00e3o da etapa logo ap\u00f3s a prova, sem esconder o sorriso.<\/p>\n\n\n\n<p>\u201cO Ulan abriu quando eu precisei parar no ponto de apoio, e a\u00ed eu fui tentando fechar o gap. Consegui fechar na \u00faltima volta. Eu sabia que tinha que atacar no plano, porque na subida \u00e9 dif\u00edcil largar esse cara. Tentei atacar em um lugar que me favorecia, deu super certo e consegui sair com a vit\u00f3ria\u201d, finalizou.<\/p>\n\n\n\n<p>Ulan conseguiu garantir o vice-campeonato em Arax\u00e1, com 1h15min22, com Diego Arias logo atr\u00e1s, com o tempo de 1h15min35. O top-5 teve ainda com Botero e Sherman, que fizeram 1h16min43 e 1h16min58, respectivamente. Completando o top-10 e o p\u00f3dio estiveram o chileno Nicolas Derlich (1h17min52), M\u00e1rio Couto (1h18min10), os chilenos Patr\u00edcio Farias (1h18min16) e Ignacio Gallo (1h18min27) e Nicolas Machado (1h18min27).<\/p>\n\n\n\n<p>\u201cSabia que o Alex era o cara que eu deveria marcar nessa prova. Ele veio com uma performance brilhante na Copa do Mundo, sabia que ele tinha encontrado o timing certo para andar nessa pista. Ele lan\u00e7ou um bel\u00edssimo ataque para cima de mim e, merecidamente, conquistou a vit\u00f3ria\u201d, finalizou Ulan.<\/p>\n\n\n\n<p><strong>Classifica\u00e7\u00e3o CiMTB 2024 \u2013 Super Elite Masculina<\/strong><br>1 \u2013 Alex Malacarne (Trinity Racing) \u2013 129 pontos<br>2 \u2013 Diego Arias (Col\u00f4mbia) \u2013 116 pontos<br>3 \u2013 Luiz Henrique Cocuzzi (Audax Racing Team) \u2013 115 pontos<br>4 \u2013 Nicolas Machado (Sense Factory Racing) \u2013 92 pontos<br>5 \u2013 Jhonnatan Botero (Col\u00f4mbia) \u2013 85 pontos<\/p>\n\n\n\n<p><strong>Resultados do final de semana<\/strong>Al\u00e9m das disputas da Super Elite, o final de semana teve outras 52 disputas nas mais diversas categorias, tanto de XCO quanto de Maratona (XCM) e Short Track (XCC). Os resultados completos da etapa podem ser encontrados em:&nbsp;<a href=\"https:\/\/seuesporte.app\/cimtb-2024\/\">https:\/\/seuesporte.app\/cimtb-2024\/<\/a>.<\/p>\n\n\n\n<p>Cerca de 800 ciclistas do Brasil e de 30 pa\u00edses participaram da etapa Arax\u00e1 2024 da CIMTB.<\/p>\n\n\n\n<p><strong>Pr\u00f3ximo encontro da CiMTB 2024<\/strong>A terceira etapa da Copa Internacional de MTB 2024 tem data confirmada: entre os dias 21 e 23 de junho, na cidade de Po\u00e7os de Caldas-MG. Ser\u00e1 a primeira vez que a cidade recebe um est\u00e1gio oficial do calend\u00e1rio de provas da competi\u00e7\u00e3o \u2013 no ano passado, o munic\u00edpio recebeu o Desafio CiMTB Short Track. A competi\u00e7\u00e3o acontecer\u00e1 no Parque do Cristo. A quarta e \u00faltima etapa acontecer\u00e1 em Congonhas, entre os dias 27 e 29 de setembro.<\/p>\n","protected":false},"excerpt":{"rendered":"<p>Raiza no feminino e Alex no masculino vencem o XCO da CIMTB Arax\u00e1 Em uma tarde ensolarada e muito calor,<\/p>\n","protected":false},"author":2,"featured_media":7525,"comment_status":"open","ping_status":"open","sticky":false,"template":"","format":"standard","meta":{"footnotes":""},"categories":[9,11],"tags":[],"class_list":["post-7524","post","type-post","status-publish","format-standard","has-post-thumbnail","hentry","category-araxa","category-destaques"],"_links":{"self":[{"href":"http:\/\/blogdoarmindomaia.com.br\/index.php?rest_route=\/wp\/v2\/posts\/7524","targetHints":{"allow":["GET"]}}],"collection":[{"href":"http:\/\/blogdoarmindomaia.com.br\/index.php?rest_route=\/wp\/v2\/posts"}],"about":[{"href":"http:\/\/blogdoarmindomaia.com.br\/index.php?rest_route=\/wp\/v2\/types\/post"}],"author":[{"embeddable":true,"href":"http:\/\/blogdoarmindomaia.com.br\/index.php?rest_route=\/wp\/v2\/users\/2"}],"replies":[{"embeddable":true,"href":"http:\/\/blogdoarmindomaia.com.br\/index.php?rest_route=%2Fwp%2Fv2%2Fcomments&post=7524"}],"version-history":[{"count":1,"href":"http:\/\/blogdoarmindomaia.com.br\/index.php?rest_route=\/wp\/v2\/posts\/7524\/revisions"}],"predecessor-version":[{"id":7526,"href":"http:\/\/blogdoarmindomaia.com.br\/index.php?rest_route=\/wp\/v2\/posts\/7524\/revisions\/7526"}],"wp:featuredmedia":[{"embeddable":true,"href":"http:\/\/blogdoarmindomaia.com.br\/index.php?rest_route=\/wp\/v2\/media\/7525"}],"wp:attachment":[{"href":"http:\/\/blogdoarmindomaia.com.br\/index.php?rest_route=%2Fwp%2Fv2%2Fmedia&parent=7524"}],"wp:term":[{"taxonomy":"category","embeddable":true,"href":"http:\/\/blogdoarmindomaia.com.br\/index.php?rest_route=%2Fwp%2Fv2%2Fcategories&post=7524"},{"taxonomy":"post_tag","embeddable":true,"href":"http:\/\/blogdoarmindomaia.com.br\/index.php?rest_route=%2Fwp%2Fv2%2Ftags&post=7524"}],"curies":[{"name":"wp","href":"https:\/\/api.w.org\/{rel}","templated":true}]}}