{"id":7533,"date":"2024-05-03T16:07:13","date_gmt":"2024-05-03T19:07:13","guid":{"rendered":"http:\/\/blogdoarmindomaia.com.br\/?p=7533"},"modified":"2024-05-03T16:07:15","modified_gmt":"2024-05-03T19:07:15","slug":"uniaraxa-e-cerest-realizaram-a-campanha-abril-verde-2","status":"publish","type":"post","link":"http:\/\/blogdoarmindomaia.com.br\/?p=7533","title":{"rendered":"Uniarax\u00e1 e Cerest\u00a0 realizaram\u00a0 a Campanha Abril Verde"},"content":{"rendered":"\n<figure class=\"wp-block-image size-large is-style-default\"><img loading=\"lazy\" decoding=\"async\" width=\"1024\" height=\"459\" src=\"http:\/\/blogdoarmindomaia.com.br\/wp-content\/uploads\/2024\/05\/Uniaraxa-e-Cerest-realizaram-a-Campanha-Abril-Verde-pag-03-1024x459.jpg\" alt=\"\" class=\"wp-image-7534\" srcset=\"http:\/\/blogdoarmindomaia.com.br\/wp-content\/uploads\/2024\/05\/Uniaraxa-e-Cerest-realizaram-a-Campanha-Abril-Verde-pag-03-1024x459.jpg 1024w, http:\/\/blogdoarmindomaia.com.br\/wp-content\/uploads\/2024\/05\/Uniaraxa-e-Cerest-realizaram-a-Campanha-Abril-Verde-pag-03-300x135.jpg 300w, http:\/\/blogdoarmindomaia.com.br\/wp-content\/uploads\/2024\/05\/Uniaraxa-e-Cerest-realizaram-a-Campanha-Abril-Verde-pag-03-768x344.jpg 768w, http:\/\/blogdoarmindomaia.com.br\/wp-content\/uploads\/2024\/05\/Uniaraxa-e-Cerest-realizaram-a-Campanha-Abril-Verde-pag-03.jpg 1280w\" sizes=\"auto, (max-width: 1024px) 100vw, 1024px\" \/><\/figure>\n\n\n\n<p>O Centro de Refer\u00eancia em Sa\u00fade do Trabalhador &#8211; Cerest Regional Arax\u00e1 promoveu na \u00faltima sexta-feira (26), uma programa\u00e7\u00e3o alusiva \u00e0 Campanha Abril Verde, que buscou conscientizar trabalhadores, empregadores e popula\u00e7\u00e3o sobre a import\u00e2ncia da sa\u00fade e seguran\u00e7a no trabalho. A iniciativa contou com a oferta de v\u00e1rios servi\u00e7os na Pra\u00e7a Governador Valadares, das 8h \u00e0s 11h, e com uma caminhada em mem\u00f3ria \u00e0s v\u00edtimas de acidentes de trabalho, que percorreu o Centro da cidade.\u00a0 A a\u00e7\u00e3o foi realizada com orienta\u00e7\u00f5es de sa\u00fade bucal, nutri\u00e7\u00e3o e fisioterap\u00eauticas; realiza\u00e7\u00e3o de testes r\u00e1pidos para ISTs e tipagem sangu\u00ednea; aferi\u00e7\u00e3o de press\u00e3o arterial; e atualiza\u00e7\u00e3o do cart\u00e3o de vacinas. O evento contou com parceria do Uniarax\u00e1 e Atena Poleis.<\/p>\n","protected":false},"excerpt":{"rendered":"<p>O Centro de Refer\u00eancia em Sa\u00fade do Trabalhador &#8211; Cerest Regional Arax\u00e1 promoveu na \u00faltima sexta-feira (26), uma programa\u00e7\u00e3o alusiva<\/p>\n","protected":false},"author":2,"featured_media":7534,"comment_status":"open","ping_status":"open","sticky":false,"template":"","format":"standard","meta":{"footnotes":""},"categories":[9,11],"tags":[],"class_list":["post-7533","post","type-post","status-publish","format-standard","has-post-thumbnail","hentry","category-araxa","category-destaques"],"_links":{"self":[{"href":"http:\/\/blogdoarmindomaia.com.br\/index.php?rest_route=\/wp\/v2\/posts\/7533","targetHints":{"allow":["GET"]}}],"collection":[{"href":"http:\/\/blogdoarmindomaia.com.br\/index.php?rest_route=\/wp\/v2\/posts"}],"about":[{"href":"http:\/\/blogdoarmindomaia.com.br\/index.php?rest_route=\/wp\/v2\/types\/post"}],"author":[{"embeddable":true,"href":"http:\/\/blogdoarmindomaia.com.br\/index.php?rest_route=\/wp\/v2\/users\/2"}],"replies":[{"embeddable":true,"href":"http:\/\/blogdoarmindomaia.com.br\/index.php?rest_route=%2Fwp%2Fv2%2Fcomments&post=7533"}],"version-history":[{"count":1,"href":"http:\/\/blogdoarmindomaia.com.br\/index.php?rest_route=\/wp\/v2\/posts\/7533\/revisions"}],"predecessor-version":[{"id":7535,"href":"http:\/\/blogdoarmindomaia.com.br\/index.php?rest_route=\/wp\/v2\/posts\/7533\/revisions\/7535"}],"wp:featuredmedia":[{"embeddable":true,"href":"http:\/\/blogdoarmindomaia.com.br\/index.php?rest_route=\/wp\/v2\/media\/7534"}],"wp:attachment":[{"href":"http:\/\/blogdoarmindomaia.com.br\/index.php?rest_route=%2Fwp%2Fv2%2Fmedia&parent=7533"}],"wp:term":[{"taxonomy":"category","embeddable":true,"href":"http:\/\/blogdoarmindomaia.com.br\/index.php?rest_route=%2Fwp%2Fv2%2Fcategories&post=7533"},{"taxonomy":"post_tag","embeddable":true,"href":"http:\/\/blogdoarmindomaia.com.br\/index.php?rest_route=%2Fwp%2Fv2%2Ftags&post=7533"}],"curies":[{"name":"wp","href":"https:\/\/api.w.org\/{rel}","templated":true}]}}