{"id":7536,"date":"2024-05-03T16:13:12","date_gmt":"2024-05-03T19:13:12","guid":{"rendered":"http:\/\/blogdoarmindomaia.com.br\/?p=7536"},"modified":"2024-05-03T16:13:14","modified_gmt":"2024-05-03T19:13:14","slug":"memoria-interacao","status":"publish","type":"post","link":"http:\/\/blogdoarmindomaia.com.br\/?p=7536","title":{"rendered":"Mem\u00f3ria Intera\u00e7\u00e3o"},"content":{"rendered":"\n<p>Edgard Fran\u00e7a (Didi Fran\u00e7a)<\/p>\n\n\n\n<figure class=\"wp-block-image size-full is-style-default\"><img loading=\"lazy\" decoding=\"async\" width=\"728\" height=\"1018\" src=\"http:\/\/blogdoarmindomaia.com.br\/wp-content\/uploads\/2024\/05\/Memoria-Interacao-Edgard-Franca-pag-12.jpeg\" alt=\"\" class=\"wp-image-7537\" srcset=\"http:\/\/blogdoarmindomaia.com.br\/wp-content\/uploads\/2024\/05\/Memoria-Interacao-Edgard-Franca-pag-12.jpeg 728w, http:\/\/blogdoarmindomaia.com.br\/wp-content\/uploads\/2024\/05\/Memoria-Interacao-Edgard-Franca-pag-12-215x300.jpeg 215w\" sizes=\"auto, (max-width: 728px) 100vw, 728px\" \/><\/figure>\n\n\n\n<p>Nasceu em Arax\u00e1 em 12 de mar\u00e7o de 1900, onde passou toda a sua vida, vindo a falecer em 12 de agosto de 1980. Era filho de Belmiro Fran\u00e7a e Almerinda Machado. Em 1925, casou-se com An\u00edsia Cardoso, com quem teve 13 filhos:<\/p>\n\n\n\n<p>&nbsp;&nbsp;&nbsp; Maria An\u00edsia (professora) &#8211; Vera (professora e exerceu o cargo de Inspetora de Ensino) &#8211; Abigail (que foi chefe da Coletoria Estadual de Arax\u00e1) &#8211; &nbsp;Maria Jos\u00e9 (faleceu aos 3 meses) \u2013 Romualdo \u2013 Clodomir &#8211; Carlos (Deny) &#8211; La\u00eds (professora e propriet\u00e1ria da papelaria e Livraria MEC) &#8211; Marly (professora) \u2013 Edgard \u2013 Erc\u00edlio &#8211; Maria de Lourdes (professora) -Suely (professora) &#8211; Luiz C\u00e9sar (engenheiro).<\/p>\n\n\n\n<p>Em 1963, Edgard contraiu segundas n\u00fapcias com Maria Concei\u00e7\u00e3o Fran\u00e7a (Cicinha). Didi foi um empreendedor not\u00e1vel. Em 1924, abriu a Livraria Fran\u00e7a e, em 1942, em parceria com Crist\u00f3v\u00e3o Vilela (esposo de sua tia Antonieta Machado), inaugurou uma usina de Pasteuriza\u00e7\u00e3o de Leite em Arax\u00e1, localizada na Rua Calim\u00e9rio Guimar\u00e3es. Durante muitos anos, tamb\u00e9m foi fazendeiro, sendo propriet\u00e1rio da Fazenda Capivara. Al\u00e9m disso, foi pioneiro no ramo de m\u00e1quinas de costura, consertando e comercializando-as em sua Ag\u00eancia de M\u00e1quinas de Costura na Rua Capit\u00e3o Jos\u00e9 Porf\u00edrio.<\/p>\n\n\n\n<p>Vision\u00e1rio e \u00e0 frente de seu tempo, Didi fundou o Entreposto de Latic\u00ednios e a Livraria, que infelizmente n\u00e3o perduraram devido ao tamanho ainda pequeno de Arax\u00e1 na \u00e9poca. Didi Fran\u00e7a era conhecido por sua personalidade agrad\u00e1vel e espirituosa, al\u00e9m de ser um amante da boa m\u00fasica, de prefer\u00eancia o Tango. Desfrutava de momentos agrad\u00e1veis em boa companhia, apreciando uma boa conversa com os irm\u00e3os. Era tamb\u00e9m um cat\u00f3lico devoto e um chefe de fam\u00edlia exemplar, educando seus filhos com disciplina, carinho, comunica\u00e7\u00e3o e compreens\u00e3o. Sempre fazia uso do bom humor e era amigo de todos.<\/p>\n\n\n\n<p>Didi acompanhava atentamente as not\u00edcias e os movimentos pol\u00edticos, sendo um cidad\u00e3o convicto de suas opini\u00f5es. Em 1916, gerenciava o jornal A Tribuna de Arax\u00e1. Aqui fica um agradecimento especial dedicado \u00e0 filha, Dona La\u00eds, que recentemente presenteou-nos com uma rel\u00edquia de seu acervo pessoal: uma edi\u00e7\u00e3o do jornal A Opini\u00e3o, datada de 1933, de propriedade dos s\u00f3cios Antonio Cabral e Carvalho Melo. Esta edi\u00e7\u00e3o especial, com 18 p\u00e1ginas, foi dedicada aos 100 anos de emancipa\u00e7\u00e3o pol\u00edtica de Arax\u00e1, repleta de hist\u00f3rias valiosas sobre a cidade. Outra doa\u00e7\u00e3o significativa foi uma edi\u00e7\u00e3o do jornal Minas Brasil, edi\u00e7\u00e3o 132, de 28 de outubro de 1923, um seman\u00e1rio com 4 p\u00e1ginas impressas tipograficamente. Essas obras ir\u00e3o enriquecer ainda mais o acervo do Memorial da Escrita e Imprensa Maur\u00edcio Rosa e ser\u00e3o brevemente expostas ap\u00f3s passarem por um processo de restaura\u00e7\u00e3o e preserva\u00e7\u00e3o.<\/p>\n","protected":false},"excerpt":{"rendered":"<p>Edgard Fran\u00e7a (Didi Fran\u00e7a) Nasceu em Arax\u00e1 em 12 de mar\u00e7o de 1900, onde passou toda a sua vida, vindo<\/p>\n","protected":false},"author":2,"featured_media":0,"comment_status":"open","ping_status":"open","sticky":false,"template":"","format":"standard","meta":{"footnotes":""},"categories":[1],"tags":[],"class_list":["post-7536","post","type-post","status-publish","format-standard","hentry","category-sem-categoria"],"_links":{"self":[{"href":"http:\/\/blogdoarmindomaia.com.br\/index.php?rest_route=\/wp\/v2\/posts\/7536","targetHints":{"allow":["GET"]}}],"collection":[{"href":"http:\/\/blogdoarmindomaia.com.br\/index.php?rest_route=\/wp\/v2\/posts"}],"about":[{"href":"http:\/\/blogdoarmindomaia.com.br\/index.php?rest_route=\/wp\/v2\/types\/post"}],"author":[{"embeddable":true,"href":"http:\/\/blogdoarmindomaia.com.br\/index.php?rest_route=\/wp\/v2\/users\/2"}],"replies":[{"embeddable":true,"href":"http:\/\/blogdoarmindomaia.com.br\/index.php?rest_route=%2Fwp%2Fv2%2Fcomments&post=7536"}],"version-history":[{"count":1,"href":"http:\/\/blogdoarmindomaia.com.br\/index.php?rest_route=\/wp\/v2\/posts\/7536\/revisions"}],"predecessor-version":[{"id":7538,"href":"http:\/\/blogdoarmindomaia.com.br\/index.php?rest_route=\/wp\/v2\/posts\/7536\/revisions\/7538"}],"wp:attachment":[{"href":"http:\/\/blogdoarmindomaia.com.br\/index.php?rest_route=%2Fwp%2Fv2%2Fmedia&parent=7536"}],"wp:term":[{"taxonomy":"category","embeddable":true,"href":"http:\/\/blogdoarmindomaia.com.br\/index.php?rest_route=%2Fwp%2Fv2%2Fcategories&post=7536"},{"taxonomy":"post_tag","embeddable":true,"href":"http:\/\/blogdoarmindomaia.com.br\/index.php?rest_route=%2Fwp%2Fv2%2Ftags&post=7536"}],"curies":[{"name":"wp","href":"https:\/\/api.w.org\/{rel}","templated":true}]}}