{"id":7539,"date":"2024-05-08T15:51:51","date_gmt":"2024-05-08T18:51:51","guid":{"rendered":"http:\/\/blogdoarmindomaia.com.br\/?p=7539"},"modified":"2024-05-08T15:51:53","modified_gmt":"2024-05-08T18:51:53","slug":"superintendente-estadual-garante-que-agencia-da-receita-federal-de-araxa-nao-sera-fechada","status":"publish","type":"post","link":"http:\/\/blogdoarmindomaia.com.br\/?p=7539","title":{"rendered":"Superintendente Estadual garante que ag\u00eancia da Receita Federal de Arax\u00e1 n\u00e3o ser\u00e1 fechada"},"content":{"rendered":"\n<figure class=\"wp-block-image size-large is-style-default\"><img loading=\"lazy\" decoding=\"async\" width=\"1024\" height=\"768\" src=\"http:\/\/blogdoarmindomaia.com.br\/wp-content\/uploads\/2024\/05\/Servidores-da-RF-e-parceiros-1024x768.jpg\" alt=\"\" class=\"wp-image-7541\" srcset=\"http:\/\/blogdoarmindomaia.com.br\/wp-content\/uploads\/2024\/05\/Servidores-da-RF-e-parceiros-1024x768.jpg 1024w, http:\/\/blogdoarmindomaia.com.br\/wp-content\/uploads\/2024\/05\/Servidores-da-RF-e-parceiros-300x225.jpg 300w, http:\/\/blogdoarmindomaia.com.br\/wp-content\/uploads\/2024\/05\/Servidores-da-RF-e-parceiros-768x576.jpg 768w, http:\/\/blogdoarmindomaia.com.br\/wp-content\/uploads\/2024\/05\/Servidores-da-RF-e-parceiros-1536x1152.jpg 1536w, http:\/\/blogdoarmindomaia.com.br\/wp-content\/uploads\/2024\/05\/Servidores-da-RF-e-parceiros.jpg 1600w\" sizes=\"auto, (max-width: 1024px) 100vw, 1024px\" \/><\/figure>\n\n\n\n<figure class=\"wp-block-image size-large is-style-default\"><img loading=\"lazy\" decoding=\"async\" width=\"1024\" height=\"768\" src=\"http:\/\/blogdoarmindomaia.com.br\/wp-content\/uploads\/2024\/05\/Comitiva-da-Sup-RF-de-Belo-Horizonte-1024x768.jpg\" alt=\"\" class=\"wp-image-7540\" srcset=\"http:\/\/blogdoarmindomaia.com.br\/wp-content\/uploads\/2024\/05\/Comitiva-da-Sup-RF-de-Belo-Horizonte-1024x768.jpg 1024w, http:\/\/blogdoarmindomaia.com.br\/wp-content\/uploads\/2024\/05\/Comitiva-da-Sup-RF-de-Belo-Horizonte-300x225.jpg 300w, http:\/\/blogdoarmindomaia.com.br\/wp-content\/uploads\/2024\/05\/Comitiva-da-Sup-RF-de-Belo-Horizonte-768x576.jpg 768w, http:\/\/blogdoarmindomaia.com.br\/wp-content\/uploads\/2024\/05\/Comitiva-da-Sup-RF-de-Belo-Horizonte-1536x1152.jpg 1536w, http:\/\/blogdoarmindomaia.com.br\/wp-content\/uploads\/2024\/05\/Comitiva-da-Sup-RF-de-Belo-Horizonte.jpg 1600w\" sizes=\"auto, (max-width: 1024px) 100vw, 1024px\" \/><\/figure>\n\n\n\n<p>&nbsp;A comitiva estadual da Receita Federal chefiada pelo Superintendente Estadual da Receita Michel Teodoro, visitou a sede da ag\u00eancia local na tarde da \u00faltima ter\u00e7a feira, dia 07 de maio. Tamb\u00e9m participaram da visita oficial os adjuntos Rodrigo Brito, Joice Machado, sediados na capital mineira e o Delegado Regional da RF de Uberl\u00e2ndia Luiz Claudio, al\u00e9m de f\u00edsicas estaduais. Tamb\u00e9m participaram da reuni\u00e3o de trabalho o. Chefe da ag\u00eancia local da Receita Eduardo Pastor Paragua\u00e7u, o agente Dimas e demais colaboradores de atendimento. Foram convidados tamb\u00e9m para o encontro, contadores, t\u00e9cnicos e a imprensa. Durante o evento o Superintendente Michel Teodoro, disse que &#8221; vistas como essa que aconteceu em Arax\u00e1, tem como objetivo desenvolver mudan\u00e7as importantes de postura da Receita Federal para gerar melhores condi\u00e7\u00f5es atendimento e de bem estar a comunidade&#8221;. Ele tamb\u00e9m destacou que, &#8220;Essa a\u00e7\u00e3o inovadora que tem o nome de Gabinete em Movimento,&nbsp; busca parcerias, empatia com o contribuinte e acima&nbsp; de tudo melhorar as condi\u00e7\u00f5es de trabalho dos servidores da RF, analisar as estruturas das unidades locais, ouvir as demandas dos colaboradores,&nbsp; dos parceiros e dos contribuintes&#8221;. Concluindo, Michel elogiou o trabalho edificante e destacado do Chefe da unidade da Receita de Arax\u00e1 Eduardo Paraguassu &nbsp;e equipe e garantiu que, &#8221; enquanto eu estiver na Superintend\u00eancia jamais a ag\u00eancia da Receita Federal de Arax\u00e1 ser\u00e1 fechada. Esperamos inclusive a partir de concursos p\u00fablicos, destinar servidores para Arax\u00e1.&#8221;<\/p>\n\n\n\n<p>&nbsp;A Superintendente Adjunta Joice Machado, destacou a import\u00e2ncia do atendimento presencial aos contribuintes. Ela disse que, &#8221; nesse novo formato nos estamos atuando em tr\u00eas eixos: olhar colaborativo, olhar da empatia e o olhar de atendimento. Esse \u00e9 o momento de darmos as m\u00e3os aos nossos parceiros, ampliar o di\u00e1logo para melhorar a sociedade cada vez mais, pois somos servidores p\u00fablicos e devemos ofertar um servi\u00e7o de excel\u00eancia no atendimento a comunidade&#8221;.<\/p>\n\n\n\n<p>Outro Adjunto, Rodrigo Brito disse que, &#8220;estamos criando o Projeto Cidadania que visa levar para as escolas a import\u00e2ncia e as explica\u00e7\u00f5es para o cidad\u00e3o do futuro sobre a import\u00e2ncia do tributo, pois s\u00e3o esses tributos pagos pelo contribuinte que v\u00e3o promover as pol\u00edticas p\u00fablicas no pa\u00eds&#8221;.<\/p>\n\n\n\n<p>O Chefe da ag\u00eancia da Receita Federal de Arax\u00e1, Eduardo Pastor Paraguassu, agradeceu a vista da comitiva, dos parceiros e destacou a import\u00e2ncia da unidade da Receita Federal de Arax\u00e1 para toda a comunidade&#8221;.<\/p>\n","protected":false},"excerpt":{"rendered":"<p>&nbsp;A comitiva estadual da Receita Federal chefiada pelo Superintendente Estadual da Receita Michel Teodoro, visitou a sede da ag\u00eancia local<\/p>\n","protected":false},"author":2,"featured_media":7540,"comment_status":"open","ping_status":"open","sticky":false,"template":"","format":"standard","meta":{"footnotes":""},"categories":[9,11],"tags":[],"class_list":["post-7539","post","type-post","status-publish","format-standard","has-post-thumbnail","hentry","category-araxa","category-destaques"],"_links":{"self":[{"href":"http:\/\/blogdoarmindomaia.com.br\/index.php?rest_route=\/wp\/v2\/posts\/7539","targetHints":{"allow":["GET"]}}],"collection":[{"href":"http:\/\/blogdoarmindomaia.com.br\/index.php?rest_route=\/wp\/v2\/posts"}],"about":[{"href":"http:\/\/blogdoarmindomaia.com.br\/index.php?rest_route=\/wp\/v2\/types\/post"}],"author":[{"embeddable":true,"href":"http:\/\/blogdoarmindomaia.com.br\/index.php?rest_route=\/wp\/v2\/users\/2"}],"replies":[{"embeddable":true,"href":"http:\/\/blogdoarmindomaia.com.br\/index.php?rest_route=%2Fwp%2Fv2%2Fcomments&post=7539"}],"version-history":[{"count":1,"href":"http:\/\/blogdoarmindomaia.com.br\/index.php?rest_route=\/wp\/v2\/posts\/7539\/revisions"}],"predecessor-version":[{"id":7542,"href":"http:\/\/blogdoarmindomaia.com.br\/index.php?rest_route=\/wp\/v2\/posts\/7539\/revisions\/7542"}],"wp:featuredmedia":[{"embeddable":true,"href":"http:\/\/blogdoarmindomaia.com.br\/index.php?rest_route=\/wp\/v2\/media\/7540"}],"wp:attachment":[{"href":"http:\/\/blogdoarmindomaia.com.br\/index.php?rest_route=%2Fwp%2Fv2%2Fmedia&parent=7539"}],"wp:term":[{"taxonomy":"category","embeddable":true,"href":"http:\/\/blogdoarmindomaia.com.br\/index.php?rest_route=%2Fwp%2Fv2%2Fcategories&post=7539"},{"taxonomy":"post_tag","embeddable":true,"href":"http:\/\/blogdoarmindomaia.com.br\/index.php?rest_route=%2Fwp%2Fv2%2Ftags&post=7539"}],"curies":[{"name":"wp","href":"https:\/\/api.w.org\/{rel}","templated":true}]}}