{"id":7546,"date":"2024-05-09T14:59:39","date_gmt":"2024-05-09T17:59:39","guid":{"rendered":"http:\/\/blogdoarmindomaia.com.br\/?p=7546"},"modified":"2024-05-09T14:59:46","modified_gmt":"2024-05-09T17:59:46","slug":"6o-rally-minas-brasil-aporta-em-araxa-na-proxima-semana","status":"publish","type":"post","link":"http:\/\/blogdoarmindomaia.com.br\/?p=7546","title":{"rendered":"6\u00ba Rally Minas Brasil aporta em Arax\u00e1 na pr\u00f3xima semana"},"content":{"rendered":"\n<figure class=\"wp-block-image size-large is-style-default\"><img loading=\"lazy\" decoding=\"async\" width=\"1024\" height=\"684\" src=\"http:\/\/blogdoarmindomaia.com.br\/wp-content\/uploads\/2024\/05\/437317_1105466_nelsonsantosjr_photoaction_2759-1024x684.jpg\" alt=\"\" class=\"wp-image-7547\" srcset=\"http:\/\/blogdoarmindomaia.com.br\/wp-content\/uploads\/2024\/05\/437317_1105466_nelsonsantosjr_photoaction_2759-1024x684.jpg 1024w, http:\/\/blogdoarmindomaia.com.br\/wp-content\/uploads\/2024\/05\/437317_1105466_nelsonsantosjr_photoaction_2759-300x200.jpg 300w, http:\/\/blogdoarmindomaia.com.br\/wp-content\/uploads\/2024\/05\/437317_1105466_nelsonsantosjr_photoaction_2759-768x513.jpg 768w, http:\/\/blogdoarmindomaia.com.br\/wp-content\/uploads\/2024\/05\/437317_1105466_nelsonsantosjr_photoaction_2759-1536x1025.jpg 1536w, http:\/\/blogdoarmindomaia.com.br\/wp-content\/uploads\/2024\/05\/437317_1105466_nelsonsantosjr_photoaction_2759-2048x1367.jpg 2048w\" sizes=\"auto, (max-width: 1024px) 100vw, 1024px\" \/><\/figure>\n\n\n\n<figure class=\"wp-block-image size-large is-style-default\"><img loading=\"lazy\" decoding=\"async\" width=\"1024\" height=\"683\" src=\"http:\/\/blogdoarmindomaia.com.br\/wp-content\/uploads\/2024\/05\/437317_1105467_088a3952-1024x683.jpg\" alt=\"\" class=\"wp-image-7548\" srcset=\"http:\/\/blogdoarmindomaia.com.br\/wp-content\/uploads\/2024\/05\/437317_1105467_088a3952-1024x683.jpg 1024w, http:\/\/blogdoarmindomaia.com.br\/wp-content\/uploads\/2024\/05\/437317_1105467_088a3952-300x200.jpg 300w, http:\/\/blogdoarmindomaia.com.br\/wp-content\/uploads\/2024\/05\/437317_1105467_088a3952-768x512.jpg 768w, http:\/\/blogdoarmindomaia.com.br\/wp-content\/uploads\/2024\/05\/437317_1105467_088a3952-1536x1024.jpg 1536w, http:\/\/blogdoarmindomaia.com.br\/wp-content\/uploads\/2024\/05\/437317_1105467_088a3952-2048x1365.jpg 2048w\" sizes=\"auto, (max-width: 1024px) 100vw, 1024px\" \/><\/figure>\n\n\n\n<p>O m\u00eas de maio come\u00e7a com expectativas em torno da pr\u00f3xima etapa do Brasileiro de Rally Raid: o 6\u00ba Rally Minas Brasil, que leva o campeonato para Minas Gerais, com sede em Arax\u00e1. De 15 a 18 de maio, equipes de diversas regi\u00f5es do pa\u00eds se concentrar\u00e3o no Grande Hotel Termas de Arax\u00e1, local do parque de apoio. As inscri\u00e7\u00f5es seguem abertas para as categorias motos, UTVs e carros pelo site <a href=\"http:\/\/www.rallymakers.com.br\">www.rallymakers.com.br<\/a>. At\u00e9 o momento, est\u00e3o inscritos competidores de 12 estados, com destaque para a Bahia, com 15 ve\u00edculos da cidade de Lu\u00eds Eduardo Magalh\u00e3es (total de 21 pessoas), sendo sete estreantes: Augusto Loyolla Sartori, Daniel Gatto, Lucas Am\u00e9lio Gatto e Roberto Gatto na categoria motos; e nos UTVs, as irm\u00e3s Maria Eduarda e Maria Carolina Passos. J\u00e1 Gabriel Bissotto, apesar de j\u00e1 ter navegado na categoria UTV, estar\u00e1 pela primeira vez nas motos. \u201cO Rally Minas Brasil \u00e9 uma etapa incr\u00edvel e fazemos quest\u00e3o de marcar presen\u00e7a. Esse ano em especial, devido a mudan\u00e7a de data do evento, tornou a nossa participa\u00e7\u00e3o mais acess\u00edvel e aumentou a nossa confian\u00e7a para conquistar bons resultados. Pensando nos pilotos de motos, maio j\u00e1 n\u00e3o \u00e9 mais \u00e9poca de chuvas em Minas Gerais, o que para a categoria aumenta a seguran\u00e7a e permite que os pilotos possam acelerar mais forte\u201d, comentou o chefe da equipe Gatto Racing, Rui Bissotto.<\/p>\n\n\n\n<p><strong>Aten\u00e7\u00e3o navegadores<\/strong><\/p>\n\n\n\n<p>Ser\u00e3o tr\u00eas dias de disputas e cerca de 700 km que cortar\u00e3o as montanhas mineiras passando por Arax\u00e1, Sacramento, Tapira, Pratinha e Ibi\u00e1. A navega\u00e7\u00e3o ser\u00e1 o maior desafio dessa etapa do Brasileiro de Rally Raid uma vez que, segundo a organiza\u00e7\u00e3o do Rally Minas Brasil, cada trecho cronometrado tem mais de 400 refer\u00eancias e sem zona de radar.<\/p>\n\n\n\n<p>\u201cOu seja, ser\u00e1 uma prova intensa e sem descanso, que exigir\u00e1 muita concentra\u00e7\u00e3o, sobretudo dos navegadores, que ter\u00e3o uma planilha com bastante informa\u00e7\u00e3o (e com refer\u00eancias pr\u00f3ximas) para ser cantada aos pilotos. Vai pedir f\u00f4lego e o entrosamento da dupla ser\u00e1 um diferencial na conquista de um bom resultado\u201d, comentou o diretor geral da Rallymakers, Fernando Bentivoglio.<\/p>\n\n\n\n<p>Nessa semana, a equipe t\u00e9cnica faz a confer\u00eancia final dos percursos do Rally Minas Brasil, que apresentam terreno acidentado, com cascalho, trial, subidas e descidas em trechos de serras.<\/p>\n","protected":false},"excerpt":{"rendered":"<p>O m\u00eas de maio come\u00e7a com expectativas em torno da pr\u00f3xima etapa do Brasileiro de Rally Raid: o 6\u00ba Rally<\/p>\n","protected":false},"author":2,"featured_media":7548,"comment_status":"open","ping_status":"open","sticky":false,"template":"","format":"standard","meta":{"footnotes":""},"categories":[9,11],"tags":[],"class_list":["post-7546","post","type-post","status-publish","format-standard","has-post-thumbnail","hentry","category-araxa","category-destaques"],"_links":{"self":[{"href":"http:\/\/blogdoarmindomaia.com.br\/index.php?rest_route=\/wp\/v2\/posts\/7546","targetHints":{"allow":["GET"]}}],"collection":[{"href":"http:\/\/blogdoarmindomaia.com.br\/index.php?rest_route=\/wp\/v2\/posts"}],"about":[{"href":"http:\/\/blogdoarmindomaia.com.br\/index.php?rest_route=\/wp\/v2\/types\/post"}],"author":[{"embeddable":true,"href":"http:\/\/blogdoarmindomaia.com.br\/index.php?rest_route=\/wp\/v2\/users\/2"}],"replies":[{"embeddable":true,"href":"http:\/\/blogdoarmindomaia.com.br\/index.php?rest_route=%2Fwp%2Fv2%2Fcomments&post=7546"}],"version-history":[{"count":1,"href":"http:\/\/blogdoarmindomaia.com.br\/index.php?rest_route=\/wp\/v2\/posts\/7546\/revisions"}],"predecessor-version":[{"id":7549,"href":"http:\/\/blogdoarmindomaia.com.br\/index.php?rest_route=\/wp\/v2\/posts\/7546\/revisions\/7549"}],"wp:featuredmedia":[{"embeddable":true,"href":"http:\/\/blogdoarmindomaia.com.br\/index.php?rest_route=\/wp\/v2\/media\/7548"}],"wp:attachment":[{"href":"http:\/\/blogdoarmindomaia.com.br\/index.php?rest_route=%2Fwp%2Fv2%2Fmedia&parent=7546"}],"wp:term":[{"taxonomy":"category","embeddable":true,"href":"http:\/\/blogdoarmindomaia.com.br\/index.php?rest_route=%2Fwp%2Fv2%2Fcategories&post=7546"},{"taxonomy":"post_tag","embeddable":true,"href":"http:\/\/blogdoarmindomaia.com.br\/index.php?rest_route=%2Fwp%2Fv2%2Ftags&post=7546"}],"curies":[{"name":"wp","href":"https:\/\/api.w.org\/{rel}","templated":true}]}}