{"id":7550,"date":"2024-05-09T15:08:30","date_gmt":"2024-05-09T18:08:30","guid":{"rendered":"http:\/\/blogdoarmindomaia.com.br\/?p=7550"},"modified":"2024-05-09T15:08:42","modified_gmt":"2024-05-09T18:08:42","slug":"araxaenses-se-mobilizam-para-ajudar-as-vitimas-das-chuvas-no-rio-grande-do-sul","status":"publish","type":"post","link":"http:\/\/blogdoarmindomaia.com.br\/?p=7550","title":{"rendered":"Araxaenses se mobilizam para ajudar as v\u00edtimas das chuvas no Rio Grande do Sul"},"content":{"rendered":"\n\n\n<figure class=\"wp-block-image size-large is-style-default\"><img loading=\"lazy\" decoding=\"async\" width=\"1024\" height=\"768\" src=\"http:\/\/blogdoarmindomaia.com.br\/wp-content\/uploads\/2024\/05\/Araxaenses-se-mobilizam-para-ajudar-as-vitimas-das-chuvas-no-Rio-Grande-do-Sul-pag-10-1024x768.jpg\" alt=\"\" class=\"wp-image-7551\" srcset=\"http:\/\/blogdoarmindomaia.com.br\/wp-content\/uploads\/2024\/05\/Araxaenses-se-mobilizam-para-ajudar-as-vitimas-das-chuvas-no-Rio-Grande-do-Sul-pag-10-1024x768.jpg 1024w, http:\/\/blogdoarmindomaia.com.br\/wp-content\/uploads\/2024\/05\/Araxaenses-se-mobilizam-para-ajudar-as-vitimas-das-chuvas-no-Rio-Grande-do-Sul-pag-10-300x225.jpg 300w, http:\/\/blogdoarmindomaia.com.br\/wp-content\/uploads\/2024\/05\/Araxaenses-se-mobilizam-para-ajudar-as-vitimas-das-chuvas-no-Rio-Grande-do-Sul-pag-10-768x576.jpg 768w, http:\/\/blogdoarmindomaia.com.br\/wp-content\/uploads\/2024\/05\/Araxaenses-se-mobilizam-para-ajudar-as-vitimas-das-chuvas-no-Rio-Grande-do-Sul-pag-10-1536x1152.jpg 1536w, http:\/\/blogdoarmindomaia.com.br\/wp-content\/uploads\/2024\/05\/Araxaenses-se-mobilizam-para-ajudar-as-vitimas-das-chuvas-no-Rio-Grande-do-Sul-pag-10.jpg 1600w\" sizes=\"auto, (max-width: 1024px) 100vw, 1024px\" \/><\/figure>\n\n\n\n<p>A trag\u00e9dia causada pelas chuvas no Rio Grande do Sul vem despertando uma onda de solidariedade do povo brasileiro nos quatro cantos do pa\u00eds. S\u00e3o pessoas que buscam por formas de ajudar a popula\u00e7\u00e3o ga\u00facha afetada pelas enchentes.&nbsp;Gestos humanit\u00e1rios e de solidariedade que se unem por meio de doa\u00e7\u00f5es e atitudes volunt\u00e1rias. E em Arax\u00e1 a popula\u00e7\u00e3o tamb\u00e9m est\u00e1 se mobilizando em a\u00e7\u00f5es diversas para levar um pouco de ajuda e de conforto para os irm\u00e3os desamparados no Rio Grande do Sul. V\u00e1rias campanhas e a\u00e7\u00f5es conjuntas e individuais&nbsp; acontecem por toda cidade.<\/p>\n\n\n\n<p>O p\u00e1roco da igreja Matriz de S\u00e3o Domingos Padre Jonathan Costa, foi um dos primeiros coordenar uma campanha para arrecadar doa\u00e7\u00f5es diversas na sede da par\u00f3quia. S\u00e3o produtos &nbsp;como alimentos, roupas, medicamentos, leite e \u00e1gua. A C\u00e2mara Municipal de Arax\u00e1 tamb\u00e9m iniciou uma &nbsp;campanha para arrecada\u00e7\u00e3o de itens como \u00e1gua pot\u00e1vel, de higiene pessoal, roupas de cama e de banho que ser\u00e3o destinados \u00e0s pessoas atingidas pela trag\u00e9dia.&nbsp; As doa\u00e7\u00f5es poder\u00e3o ser feitas de segunda a sexta-feira, das 8h \u00e0s 18 horas, at\u00e9 o dia 29 de maio na sede da C\u00e2mara, que fica localizada na avenida Jo\u00e3o Paulo II, 1200. As doa\u00e7\u00f5es ser\u00e3o enviadas para a regi\u00e3o sul do pa\u00eds semanalmente com o aux\u00edlio da empresa Azul Cargo. O piloto de avi\u00e3o, o araxaense Felipe Sim\u00f5es tamb\u00e9m est\u00e1 ajudando levando as doa\u00e7\u00f5es at\u00e9 o sul do pa\u00eds. Sua campanha pede tamb\u00e9m por doa\u00e7\u00f5es de medicamentos como insulina. A empresa de transportes de cargas Rodonaves de Arax\u00e1 tamb\u00e9m est\u00e1 atuando na arrecada\u00e7\u00e3o de donativos e transporte. A R\u00e1dio Cidade e algumas redes&nbsp; de supermercados de Arax\u00e1 se uniram para arrecadar doa\u00e7\u00f5es. E toda a popula\u00e7\u00e3o vem fazendo a parte dela doando tempo e o que est\u00e1 sobrando. S\u00e3o gestos importantes e que v\u00e3o ajudar muito e salvar vidas.&nbsp;&nbsp;<\/p>\n","protected":false},"excerpt":{"rendered":"<p>A trag\u00e9dia causada pelas chuvas no Rio Grande do Sul vem despertando uma onda de solidariedade do povo brasileiro nos<\/p>\n","protected":false},"author":2,"featured_media":7551,"comment_status":"open","ping_status":"open","sticky":false,"template":"","format":"standard","meta":{"footnotes":""},"categories":[9,11],"tags":[],"class_list":["post-7550","post","type-post","status-publish","format-standard","has-post-thumbnail","hentry","category-araxa","category-destaques"],"_links":{"self":[{"href":"http:\/\/blogdoarmindomaia.com.br\/index.php?rest_route=\/wp\/v2\/posts\/7550","targetHints":{"allow":["GET"]}}],"collection":[{"href":"http:\/\/blogdoarmindomaia.com.br\/index.php?rest_route=\/wp\/v2\/posts"}],"about":[{"href":"http:\/\/blogdoarmindomaia.com.br\/index.php?rest_route=\/wp\/v2\/types\/post"}],"author":[{"embeddable":true,"href":"http:\/\/blogdoarmindomaia.com.br\/index.php?rest_route=\/wp\/v2\/users\/2"}],"replies":[{"embeddable":true,"href":"http:\/\/blogdoarmindomaia.com.br\/index.php?rest_route=%2Fwp%2Fv2%2Fcomments&post=7550"}],"version-history":[{"count":1,"href":"http:\/\/blogdoarmindomaia.com.br\/index.php?rest_route=\/wp\/v2\/posts\/7550\/revisions"}],"predecessor-version":[{"id":7552,"href":"http:\/\/blogdoarmindomaia.com.br\/index.php?rest_route=\/wp\/v2\/posts\/7550\/revisions\/7552"}],"wp:featuredmedia":[{"embeddable":true,"href":"http:\/\/blogdoarmindomaia.com.br\/index.php?rest_route=\/wp\/v2\/media\/7551"}],"wp:attachment":[{"href":"http:\/\/blogdoarmindomaia.com.br\/index.php?rest_route=%2Fwp%2Fv2%2Fmedia&parent=7550"}],"wp:term":[{"taxonomy":"category","embeddable":true,"href":"http:\/\/blogdoarmindomaia.com.br\/index.php?rest_route=%2Fwp%2Fv2%2Fcategories&post=7550"},{"taxonomy":"post_tag","embeddable":true,"href":"http:\/\/blogdoarmindomaia.com.br\/index.php?rest_route=%2Fwp%2Fv2%2Ftags&post=7550"}],"curies":[{"name":"wp","href":"https:\/\/api.w.org\/{rel}","templated":true}]}}