{"id":7557,"date":"2024-05-10T15:17:58","date_gmt":"2024-05-10T18:17:58","guid":{"rendered":"http:\/\/blogdoarmindomaia.com.br\/?p=7557"},"modified":"2024-05-10T15:18:00","modified_gmt":"2024-05-10T18:18:00","slug":"livro-infantil-inspira-lancamento-de-curta-metragem-em-araxa","status":"publish","type":"post","link":"http:\/\/blogdoarmindomaia.com.br\/?p=7557","title":{"rendered":"Livro infantil inspira lan\u00e7amento de curta metragem em Arax\u00e1"},"content":{"rendered":"\n<p><\/p>\n\n\n\n<figure class=\"wp-block-image size-large is-style-default\"><img loading=\"lazy\" decoding=\"async\" width=\"751\" height=\"1024\" src=\"http:\/\/blogdoarmindomaia.com.br\/wp-content\/uploads\/2024\/05\/LUIZ-HUMBERTO-FRANCA-credito-Crys-Jardim-751x1024.jpg\" alt=\"\" class=\"wp-image-7558\" srcset=\"http:\/\/blogdoarmindomaia.com.br\/wp-content\/uploads\/2024\/05\/LUIZ-HUMBERTO-FRANCA-credito-Crys-Jardim-751x1024.jpg 751w, http:\/\/blogdoarmindomaia.com.br\/wp-content\/uploads\/2024\/05\/LUIZ-HUMBERTO-FRANCA-credito-Crys-Jardim-220x300.jpg 220w, http:\/\/blogdoarmindomaia.com.br\/wp-content\/uploads\/2024\/05\/LUIZ-HUMBERTO-FRANCA-credito-Crys-Jardim-768x1048.jpg 768w, http:\/\/blogdoarmindomaia.com.br\/wp-content\/uploads\/2024\/05\/LUIZ-HUMBERTO-FRANCA-credito-Crys-Jardim-1126x1536.jpg 1126w, http:\/\/blogdoarmindomaia.com.br\/wp-content\/uploads\/2024\/05\/LUIZ-HUMBERTO-FRANCA-credito-Crys-Jardim.jpg 1173w\" sizes=\"auto, (max-width: 751px) 100vw, 751px\" \/><\/figure>\n\n\n\n<figure class=\"wp-block-image size-large is-style-default\"><img loading=\"lazy\" decoding=\"async\" width=\"1024\" height=\"576\" src=\"http:\/\/blogdoarmindomaia.com.br\/wp-content\/uploads\/2024\/05\/olhos-de-pedra-2-1024x576.png\" alt=\"\" class=\"wp-image-7559\" srcset=\"http:\/\/blogdoarmindomaia.com.br\/wp-content\/uploads\/2024\/05\/olhos-de-pedra-2-1024x576.png 1024w, http:\/\/blogdoarmindomaia.com.br\/wp-content\/uploads\/2024\/05\/olhos-de-pedra-2-300x169.png 300w, http:\/\/blogdoarmindomaia.com.br\/wp-content\/uploads\/2024\/05\/olhos-de-pedra-2-768x432.png 768w, http:\/\/blogdoarmindomaia.com.br\/wp-content\/uploads\/2024\/05\/olhos-de-pedra-2-1536x864.png 1536w, http:\/\/blogdoarmindomaia.com.br\/wp-content\/uploads\/2024\/05\/olhos-de-pedra-2.png 1920w\" sizes=\"auto, (max-width: 1024px) 100vw, 1024px\" \/><\/figure>\n\n\n\n<p>Uma aventura pelos nossos patrim\u00f4nios hist\u00f3ricos, s\u00edmbolos e est\u00e1tuas. Essa \u00e9 a viagem cultural que prop\u00f5e o curta-metragem <strong>Olhos de Pedra<\/strong>, que ser\u00e1 lan\u00e7ado neste m\u00eas em Arax\u00e1. O filme \u00e9 inspirado no livro do mesmo nome, do escritor Luiz Humberto Fran\u00e7a e prop\u00f5e uma reflex\u00e3o sobre a import\u00e2ncia de se valorizar e preservar os monumentos. &nbsp;<\/p>\n\n\n\n<p>\u201cS\u00e3o patrim\u00f4nios que muitas vezes n\u00e3o s\u00e3o percebidos e precisam ser vistos e bem cuidados. Temos que ensinar as novas gera\u00e7\u00f5es que hist\u00f3rias esses personagens im\u00f3veis nos contam\u201d, esclarece Fran\u00e7a. O escritor explica que os monumentos p\u00fablicos s\u00e3o parte estrat\u00e9gica da forma\u00e7\u00e3o da identidade e ajuda a criar o sentimento de pertencimento a uma cidade, a um povo. \u201cNuma sociedade que se transforma a cada segundo, onde ningu\u00e9m tem tempo, esses marcos carregados de valores passam a ser ignorados. Temos que mudar essa realidade.\u201d<\/p>\n\n\n\n<p>O curta tambem denuncia o vandalismo e a depreda\u00e7\u00e3o. \u201c\u00c9 comum nas pra\u00e7as picharem, arrancar peda\u00e7os das estatuas e por falta de conserva\u00e7\u00e3o viram at\u00e9 poleiro de p\u00e1ssaros. Isso \u00e9 manchar parte da nossa hist\u00f3ria\u201d, destaca Fran\u00e7a. &nbsp;<\/p>\n\n\n\n<p>A produ\u00e7\u00e3o contou com uma grande equipe de profissionais de Arax\u00e1, com roteiro e anima\u00e7\u00e3o de Lisa Alves, ilustra\u00e7\u00e3o de Leo Calix, locu\u00e7\u00e3o de Iris Santiago, est\u00fadio com Alan Tannus, divulga\u00e7\u00e3o com Daniel Nery e Rodolfo Scalon, da Gestalt Comunica\u00e7\u00e3o, roteiro final e coordena\u00e7\u00e3o geral: Luiz Humberto Fran\u00e7a.<\/p>\n\n\n\n<p>O curta-metragem foi produzido com recursos da lei Paulo Gustavo do Minist\u00e9rio da Cultura, com apoio da Funda\u00e7\u00e3o Cultural Calmon Barreto e Prefeitura de Arax\u00e1. Conta ainda com o patroc\u00ednio da empresa Rio Branco e sua Funda\u00e7\u00e3o, Grupo Gran Milho, CSI Empreendimentos e Plenna Engenharia.<\/p>\n\n\n\n<p><strong>Lan\u00e7amento Curta-Metragem Olhos de Pedra<\/strong><\/p>\n\n\n\n<p><strong>Dia<\/strong>: 16 de maio, quinta-feira<\/p>\n\n\n\n<p><strong>Hor\u00e1rio:<\/strong> 19 horas<\/p>\n\n\n\n<p><strong>Local<\/strong>: Tribunal do Juri do Uniarax\u00e1<\/p>\n\n\n\n<p>Entrada Gratuita<\/p>\n\n\n\n<p><strong>SOBRE O AUTOR<\/strong><\/p>\n\n\n\n<p>Este \u00e9 o segundo video produzido por Luiz Humberto Fran\u00e7a, o primeiro foi o document\u00e1rio Artista do Cerrado. Fran\u00e7a \u00e9 jornalista, membro da Academia Araxaense de Letras, onde foi presidente no per\u00edodo de maio de 2021 a maio de 2023, \u00e9 vice-presidente da ASALEMG- Associa\u00e7\u00e3o das Academias de Letras de Minas Gerais e curador do Fliarax\u00e1. &nbsp;&nbsp;<\/p>\n\n\n\n<p>Como escritor j\u00e1 publicou os livros: Telejornalismo no Interior, Arax\u00e1 150 anos, O Colecionador de Hist\u00f3rias, Arax\u00e1 em Detalhes, A Ca\u00e7ada que tambem foi lan\u00e7ada na Argentina e o infantil Olhos de Pedra.<\/p>\n","protected":false},"excerpt":{"rendered":"<p>Uma aventura pelos nossos patrim\u00f4nios hist\u00f3ricos, s\u00edmbolos e est\u00e1tuas. Essa \u00e9 a viagem cultural que prop\u00f5e o curta-metragem Olhos de<\/p>\n","protected":false},"author":2,"featured_media":7558,"comment_status":"open","ping_status":"open","sticky":false,"template":"","format":"standard","meta":{"footnotes":""},"categories":[9,11],"tags":[],"class_list":["post-7557","post","type-post","status-publish","format-standard","has-post-thumbnail","hentry","category-araxa","category-destaques"],"_links":{"self":[{"href":"http:\/\/blogdoarmindomaia.com.br\/index.php?rest_route=\/wp\/v2\/posts\/7557","targetHints":{"allow":["GET"]}}],"collection":[{"href":"http:\/\/blogdoarmindomaia.com.br\/index.php?rest_route=\/wp\/v2\/posts"}],"about":[{"href":"http:\/\/blogdoarmindomaia.com.br\/index.php?rest_route=\/wp\/v2\/types\/post"}],"author":[{"embeddable":true,"href":"http:\/\/blogdoarmindomaia.com.br\/index.php?rest_route=\/wp\/v2\/users\/2"}],"replies":[{"embeddable":true,"href":"http:\/\/blogdoarmindomaia.com.br\/index.php?rest_route=%2Fwp%2Fv2%2Fcomments&post=7557"}],"version-history":[{"count":1,"href":"http:\/\/blogdoarmindomaia.com.br\/index.php?rest_route=\/wp\/v2\/posts\/7557\/revisions"}],"predecessor-version":[{"id":7560,"href":"http:\/\/blogdoarmindomaia.com.br\/index.php?rest_route=\/wp\/v2\/posts\/7557\/revisions\/7560"}],"wp:featuredmedia":[{"embeddable":true,"href":"http:\/\/blogdoarmindomaia.com.br\/index.php?rest_route=\/wp\/v2\/media\/7558"}],"wp:attachment":[{"href":"http:\/\/blogdoarmindomaia.com.br\/index.php?rest_route=%2Fwp%2Fv2%2Fmedia&parent=7557"}],"wp:term":[{"taxonomy":"category","embeddable":true,"href":"http:\/\/blogdoarmindomaia.com.br\/index.php?rest_route=%2Fwp%2Fv2%2Fcategories&post=7557"},{"taxonomy":"post_tag","embeddable":true,"href":"http:\/\/blogdoarmindomaia.com.br\/index.php?rest_route=%2Fwp%2Fv2%2Ftags&post=7557"}],"curies":[{"name":"wp","href":"https:\/\/api.w.org\/{rel}","templated":true}]}}