{"id":7574,"date":"2024-05-15T14:30:06","date_gmt":"2024-05-15T17:30:06","guid":{"rendered":"http:\/\/blogdoarmindomaia.com.br\/?p=7574"},"modified":"2024-05-15T14:30:08","modified_gmt":"2024-05-15T17:30:08","slug":"confira-a-programacao-do-6o-rally-minas-brasil-que-comeca-nesta-quarta-15-em-araxa","status":"publish","type":"post","link":"http:\/\/blogdoarmindomaia.com.br\/?p=7574","title":{"rendered":"Confira a programa\u00e7\u00e3o do 6\u00ba Rally Minas Brasil que come\u00e7a nesta quarta (15) em Arax\u00e1"},"content":{"rendered":"\n<figure class=\"wp-block-image size-large is-style-default\"><img loading=\"lazy\" decoding=\"async\" width=\"1024\" height=\"576\" src=\"http:\/\/blogdoarmindomaia.com.br\/wp-content\/uploads\/2024\/05\/Parque-do-Barreiro-1024x576.jpg\" alt=\"\" class=\"wp-image-7575\" srcset=\"http:\/\/blogdoarmindomaia.com.br\/wp-content\/uploads\/2024\/05\/Parque-do-Barreiro-1024x576.jpg 1024w, http:\/\/blogdoarmindomaia.com.br\/wp-content\/uploads\/2024\/05\/Parque-do-Barreiro-300x169.jpg 300w, http:\/\/blogdoarmindomaia.com.br\/wp-content\/uploads\/2024\/05\/Parque-do-Barreiro-768x432.jpg 768w, http:\/\/blogdoarmindomaia.com.br\/wp-content\/uploads\/2024\/05\/Parque-do-Barreiro-1536x864.jpg 1536w, http:\/\/blogdoarmindomaia.com.br\/wp-content\/uploads\/2024\/05\/Parque-do-Barreiro-2048x1152.jpg 2048w\" sizes=\"auto, (max-width: 1024px) 100vw, 1024px\" \/><figcaption class=\"wp-element-caption\">default<\/figcaption><\/figure>\n\n\n\n<figure class=\"wp-block-image size-large is-style-default\"><img loading=\"lazy\" decoding=\"async\" width=\"1024\" height=\"681\" src=\"http:\/\/blogdoarmindomaia.com.br\/wp-content\/uploads\/2024\/05\/Comecou-em-Araxa-a-6a-edicao-do-Rally-Minas-Brasil-pag-11-1024x681.jpg\" alt=\"\" class=\"wp-image-7576\" srcset=\"http:\/\/blogdoarmindomaia.com.br\/wp-content\/uploads\/2024\/05\/Comecou-em-Araxa-a-6a-edicao-do-Rally-Minas-Brasil-pag-11-1024x681.jpg 1024w, http:\/\/blogdoarmindomaia.com.br\/wp-content\/uploads\/2024\/05\/Comecou-em-Araxa-a-6a-edicao-do-Rally-Minas-Brasil-pag-11-300x200.jpg 300w, http:\/\/blogdoarmindomaia.com.br\/wp-content\/uploads\/2024\/05\/Comecou-em-Araxa-a-6a-edicao-do-Rally-Minas-Brasil-pag-11-768x511.jpg 768w, http:\/\/blogdoarmindomaia.com.br\/wp-content\/uploads\/2024\/05\/Comecou-em-Araxa-a-6a-edicao-do-Rally-Minas-Brasil-pag-11-1536x1022.jpg 1536w, http:\/\/blogdoarmindomaia.com.br\/wp-content\/uploads\/2024\/05\/Comecou-em-Araxa-a-6a-edicao-do-Rally-Minas-Brasil-pag-11-2048x1363.jpg 2048w\" sizes=\"auto, (max-width: 1024px) 100vw, 1024px\" \/><\/figure>\n\n\n\n<p>Com a participa\u00e7\u00e3o de equipes de todo o Brasil e tamb\u00e9m de v\u00e1rios pa\u00edses da Am\u00e9rica do Sul, come\u00e7ou na tarde desta\u00a0 quarta feira, 15 de maio, a sexta edi\u00e7\u00e3o\u00a0 do Rally Minas Brasil. Em entrevista ao Jornal Intera\u00e7\u00e3o, o organizador da prova Luiz Moreira, \u201c essa \u00e9 uma prova de velocidade e teremos\u00a0 aqui em Arax\u00e1 os melhores pilotos profissionais do Brasil e do estrangeiro. Nestes quatro dias de competi\u00e7\u00e3o Arax\u00e1 vai receber mais de 800 pessoas, entre pilotos, equipes, profissionais do setor entre outros. A prova vale pelo Campeonato Brasileiro e \u00e9 considerada pelos participantes como uma das mais importantes do calend\u00e1rio em fun\u00e7\u00e3o do trajeto e das condi\u00e7\u00f5es de relevo natural da regi\u00e3o de Arax\u00e1 e entorno\u201d. \u00a0Ainda de acordo com Luiz Fernando, \u201c ser\u00e1 uma etapa de alto n\u00edvel t\u00e9cnico com cerca de 300 quil\u00f4metros passando por Arax\u00e1, Tapira, Ibi\u00e1 e Sacramento\u201d.<\/p>\n\n\n\n<figure class=\"wp-block-image size-full is-style-default\"><img loading=\"lazy\" decoding=\"async\" width=\"724\" height=\"609\" src=\"http:\/\/blogdoarmindomaia.com.br\/wp-content\/uploads\/2024\/05\/Progamcao-Rally.jpg\" alt=\"\" class=\"wp-image-7577\" srcset=\"http:\/\/blogdoarmindomaia.com.br\/wp-content\/uploads\/2024\/05\/Progamcao-Rally.jpg 724w, http:\/\/blogdoarmindomaia.com.br\/wp-content\/uploads\/2024\/05\/Progamcao-Rally-300x252.jpg 300w\" sizes=\"auto, (max-width: 724px) 100vw, 724px\" \/><\/figure>\n","protected":false},"excerpt":{"rendered":"<p>Com a participa\u00e7\u00e3o de equipes de todo o Brasil e tamb\u00e9m de v\u00e1rios pa\u00edses da Am\u00e9rica do Sul, come\u00e7ou na<\/p>\n","protected":false},"author":2,"featured_media":7576,"comment_status":"open","ping_status":"open","sticky":false,"template":"","format":"standard","meta":{"footnotes":""},"categories":[9,11,15],"tags":[],"class_list":["post-7574","post","type-post","status-publish","format-standard","has-post-thumbnail","hentry","category-araxa","category-destaques","category-esportes"],"_links":{"self":[{"href":"http:\/\/blogdoarmindomaia.com.br\/index.php?rest_route=\/wp\/v2\/posts\/7574","targetHints":{"allow":["GET"]}}],"collection":[{"href":"http:\/\/blogdoarmindomaia.com.br\/index.php?rest_route=\/wp\/v2\/posts"}],"about":[{"href":"http:\/\/blogdoarmindomaia.com.br\/index.php?rest_route=\/wp\/v2\/types\/post"}],"author":[{"embeddable":true,"href":"http:\/\/blogdoarmindomaia.com.br\/index.php?rest_route=\/wp\/v2\/users\/2"}],"replies":[{"embeddable":true,"href":"http:\/\/blogdoarmindomaia.com.br\/index.php?rest_route=%2Fwp%2Fv2%2Fcomments&post=7574"}],"version-history":[{"count":1,"href":"http:\/\/blogdoarmindomaia.com.br\/index.php?rest_route=\/wp\/v2\/posts\/7574\/revisions"}],"predecessor-version":[{"id":7578,"href":"http:\/\/blogdoarmindomaia.com.br\/index.php?rest_route=\/wp\/v2\/posts\/7574\/revisions\/7578"}],"wp:featuredmedia":[{"embeddable":true,"href":"http:\/\/blogdoarmindomaia.com.br\/index.php?rest_route=\/wp\/v2\/media\/7576"}],"wp:attachment":[{"href":"http:\/\/blogdoarmindomaia.com.br\/index.php?rest_route=%2Fwp%2Fv2%2Fmedia&parent=7574"}],"wp:term":[{"taxonomy":"category","embeddable":true,"href":"http:\/\/blogdoarmindomaia.com.br\/index.php?rest_route=%2Fwp%2Fv2%2Fcategories&post=7574"},{"taxonomy":"post_tag","embeddable":true,"href":"http:\/\/blogdoarmindomaia.com.br\/index.php?rest_route=%2Fwp%2Fv2%2Ftags&post=7574"}],"curies":[{"name":"wp","href":"https:\/\/api.w.org\/{rel}","templated":true}]}}