{"id":7582,"date":"2024-05-16T14:30:32","date_gmt":"2024-05-16T17:30:32","guid":{"rendered":"http:\/\/blogdoarmindomaia.com.br\/?p=7582"},"modified":"2024-05-16T14:30:35","modified_gmt":"2024-05-16T17:30:35","slug":"cbmm-lanca-o-vai-que-da-araxa-programa-de-fomento-ao-empreendedorismo-local","status":"publish","type":"post","link":"http:\/\/blogdoarmindomaia.com.br\/?p=7582","title":{"rendered":"CBMM lan\u00e7a o \u201cVai que d\u00e1 Arax\u00e1\u201d, programa de fomento ao empreendedorismo local"},"content":{"rendered":"\n<p><em>Empreendedores do munic\u00edpio receber\u00e3o capacita\u00e7\u00e3o, consultoria em gest\u00e3o empresarial e um aporte de at\u00e9 R$ 50 mil para desenvolverem seus neg\u00f3cios<\/em><\/p>\n\n\n\n<figure class=\"wp-block-image size-large is-style-default\"><img loading=\"lazy\" decoding=\"async\" width=\"1024\" height=\"1024\" src=\"http:\/\/blogdoarmindomaia.com.br\/wp-content\/uploads\/2024\/05\/CBMM-lanca-o-Vai-que-da-Araxa-programa-de-fomento-ao-empreendedorismo-pag-07-1024x1024.png\" alt=\"\" class=\"wp-image-7583\" srcset=\"http:\/\/blogdoarmindomaia.com.br\/wp-content\/uploads\/2024\/05\/CBMM-lanca-o-Vai-que-da-Araxa-programa-de-fomento-ao-empreendedorismo-pag-07-1024x1024.png 1024w, http:\/\/blogdoarmindomaia.com.br\/wp-content\/uploads\/2024\/05\/CBMM-lanca-o-Vai-que-da-Araxa-programa-de-fomento-ao-empreendedorismo-pag-07-300x300.png 300w, http:\/\/blogdoarmindomaia.com.br\/wp-content\/uploads\/2024\/05\/CBMM-lanca-o-Vai-que-da-Araxa-programa-de-fomento-ao-empreendedorismo-pag-07-150x150.png 150w, http:\/\/blogdoarmindomaia.com.br\/wp-content\/uploads\/2024\/05\/CBMM-lanca-o-Vai-que-da-Araxa-programa-de-fomento-ao-empreendedorismo-pag-07-768x768.png 768w, http:\/\/blogdoarmindomaia.com.br\/wp-content\/uploads\/2024\/05\/CBMM-lanca-o-Vai-que-da-Araxa-programa-de-fomento-ao-empreendedorismo-pag-07.png 1203w\" sizes=\"auto, (max-width: 1024px) 100vw, 1024px\" \/><\/figure>\n\n\n\n<p>Est\u00e3o abertas as inscri\u00e7\u00f5es para o \u201cVai que d\u00e1 Arax\u00e1\u201d, um programa idealizado pela CBMM para apoiar o desenvolvimento sustent\u00e1vel do munic\u00edpio, por meio do fomento do empreendedorismo nas voca\u00e7\u00f5es regionais. At\u00e9 o dia 19 de junho, empreendedores locais que precisam de capacita\u00e7\u00e3o e apoio financeiro para que seus empreendimentos se desenvolvam ou virem realidade podem apresentar suas propostas.<\/p>\n\n\n\n<p>Podem se inscrever no \u201cVai que d\u00e1 Arax\u00e1\u201d pessoas jur\u00eddicas de direito privado com e sem fins lucrativos que se enquadram como Microempreendedor Individual (MEI), Microempresa (ME), Empresa de Pequeno Porte (EPP), cooperativas e associa\u00e7\u00f5es que ofere\u00e7am solu\u00e7\u00f5es para preserva\u00e7\u00e3o de recursos naturais ou para servi\u00e7os que impulsionam a economia local.<\/p>\n\n\n\n<p>As propostas precisam estar alinhadas com os seguintes focos de atua\u00e7\u00e3o: \u201cSolu\u00e7\u00f5es Ecol\u00f3gicas e Sustent\u00e1veis\u201d, que prev\u00ea o desenvolvimento de neg\u00f3cios no ramo da reciclagem, compostagem, reaproveitamento de materiais, fabrica\u00e7\u00e3o de produtos ecol\u00f3gicos, sistemas de irriga\u00e7\u00e3o, efici\u00eancia energ\u00e9tica, dentre outros, e \u201cGastronomia, Turismo e Artesanato\u201d, com foco de atua\u00e7\u00e3o em comercializa\u00e7\u00e3o de passeios e roteiros tur\u00edsticos; beneficiamento de frutas, verduras e legumes, fabrica\u00e7\u00e3o de produtos aliment\u00edcios, como queijos, doces, biscoitos, caf\u00e9, cacha\u00e7a, por exemplo; e no ramo do artesanato, como sabonetes, tric\u00f4 e croch\u00ea, velas, cer\u00e2mica e quadros.<\/p>\n\n\n\n<p>Dez propostas ser\u00e3o selecionadas para receberem capacita\u00e7\u00e3o, consultoria em gest\u00e3o empresarial, al\u00e9m do aporte de at\u00e9 R$ 50 mil. Entre julho e dezembro deste ano, as empresas ter\u00e3o oportunidade de se estruturarem para alavancar seus neg\u00f3cios com mentorias em grupo e individuais para que o desenvolvimento seja mais direcionado e&nbsp;assertivo. O programa tem como entrega final a modelagem dos empreendimentos aprovados, bem como estrutura\u00e7\u00e3o inicial para come\u00e7o das atividades.<\/p>\n\n\n\n<p>De acordo com a coordenadora de Comunica\u00e7\u00e3o Corporativa e Responsabilidade Social da CBMM, Bianca Escane,&nbsp;as&nbsp;a\u00e7\u00f5es da Companhia sempre ultrapassaram as barreiras do seu neg\u00f3cio, em busca de beneficiar as comunidades onde est\u00e1 inserida. \u201cA CBMM tem em seu hist\u00f3rico o incentivo a projetos locais voltados a educa\u00e7\u00e3o, esporte, cultura e sa\u00fade. Criamos o \u201cVai que d\u00e1 Arax\u00e1\u201d para ampliar nossa atua\u00e7\u00e3o social no munic\u00edpio, agora fomentando tamb\u00e9m o olhar para o empreendedorismo. Com a iniciativa, esperamos apoiar esses neg\u00f3cios e, a longo prazo, a autonomia local\u201d, explica Escane.<\/p>\n\n\n\n<p>Como parte deste compromisso, somente no ano de 2023, a CBMM investiu mais de R$ 39 milh\u00f5es de reais em projetos incentivados e n\u00e3o incentivados nos pilares de educa\u00e7\u00e3o, esporte, cultura e sa\u00fade de Arax\u00e1 e regi\u00e3o, beneficiando mais de 367 mil pessoas.<\/p>\n\n\n\n<p>Os interessados em participar do Programa \u201cVai que d\u00e1 Arax\u00e1\u201d devem acessar a plataforma&nbsp;<a href=\"https:\/\/prosas.com.br\/editais\/14492\" target=\"_blank\" rel=\"noreferrer noopener\">Prosas<\/a>&nbsp;para acessar o edital e fazer o cadastro.<\/p>\n","protected":false},"excerpt":{"rendered":"<p>Empreendedores do munic\u00edpio receber\u00e3o capacita\u00e7\u00e3o, consultoria em gest\u00e3o empresarial e um aporte de at\u00e9 R$ 50 mil para desenvolverem seus<\/p>\n","protected":false},"author":2,"featured_media":7583,"comment_status":"open","ping_status":"open","sticky":false,"template":"","format":"standard","meta":{"footnotes":""},"categories":[9,11],"tags":[],"class_list":["post-7582","post","type-post","status-publish","format-standard","has-post-thumbnail","hentry","category-araxa","category-destaques"],"_links":{"self":[{"href":"http:\/\/blogdoarmindomaia.com.br\/index.php?rest_route=\/wp\/v2\/posts\/7582","targetHints":{"allow":["GET"]}}],"collection":[{"href":"http:\/\/blogdoarmindomaia.com.br\/index.php?rest_route=\/wp\/v2\/posts"}],"about":[{"href":"http:\/\/blogdoarmindomaia.com.br\/index.php?rest_route=\/wp\/v2\/types\/post"}],"author":[{"embeddable":true,"href":"http:\/\/blogdoarmindomaia.com.br\/index.php?rest_route=\/wp\/v2\/users\/2"}],"replies":[{"embeddable":true,"href":"http:\/\/blogdoarmindomaia.com.br\/index.php?rest_route=%2Fwp%2Fv2%2Fcomments&post=7582"}],"version-history":[{"count":1,"href":"http:\/\/blogdoarmindomaia.com.br\/index.php?rest_route=\/wp\/v2\/posts\/7582\/revisions"}],"predecessor-version":[{"id":7584,"href":"http:\/\/blogdoarmindomaia.com.br\/index.php?rest_route=\/wp\/v2\/posts\/7582\/revisions\/7584"}],"wp:featuredmedia":[{"embeddable":true,"href":"http:\/\/blogdoarmindomaia.com.br\/index.php?rest_route=\/wp\/v2\/media\/7583"}],"wp:attachment":[{"href":"http:\/\/blogdoarmindomaia.com.br\/index.php?rest_route=%2Fwp%2Fv2%2Fmedia&parent=7582"}],"wp:term":[{"taxonomy":"category","embeddable":true,"href":"http:\/\/blogdoarmindomaia.com.br\/index.php?rest_route=%2Fwp%2Fv2%2Fcategories&post=7582"},{"taxonomy":"post_tag","embeddable":true,"href":"http:\/\/blogdoarmindomaia.com.br\/index.php?rest_route=%2Fwp%2Fv2%2Ftags&post=7582"}],"curies":[{"name":"wp","href":"https:\/\/api.w.org\/{rel}","templated":true}]}}