{"id":7585,"date":"2024-05-16T14:34:32","date_gmt":"2024-05-16T17:34:32","guid":{"rendered":"http:\/\/blogdoarmindomaia.com.br\/?p=7585"},"modified":"2024-05-16T14:34:34","modified_gmt":"2024-05-16T17:34:34","slug":"prenhez-da-vaca-mais-cara-do-mundo-e-vendida-por-r-3-mi-em-leilao-solidario-com-narracao-de-galvao-bueno","status":"publish","type":"post","link":"http:\/\/blogdoarmindomaia.com.br\/?p=7585","title":{"rendered":"Prenhez da vaca mais cara do mundo \u00e9 vendida por R$ 3 mi em Leil\u00e3o\u00a0 Solid\u00e1rio, com narra\u00e7\u00e3o de Galv\u00e3o Bueno"},"content":{"rendered":"\n<figure class=\"wp-block-image size-large is-style-default\"><img loading=\"lazy\" decoding=\"async\" width=\"1024\" height=\"403\" src=\"http:\/\/blogdoarmindomaia.com.br\/wp-content\/uploads\/2024\/05\/Prenhez-da-vaca-mais-cara-do-mundo-e-vendida-por-R-3-mi-pag-04-1024x403.png\" alt=\"\" class=\"wp-image-7586\" srcset=\"http:\/\/blogdoarmindomaia.com.br\/wp-content\/uploads\/2024\/05\/Prenhez-da-vaca-mais-cara-do-mundo-e-vendida-por-R-3-mi-pag-04-1024x403.png 1024w, http:\/\/blogdoarmindomaia.com.br\/wp-content\/uploads\/2024\/05\/Prenhez-da-vaca-mais-cara-do-mundo-e-vendida-por-R-3-mi-pag-04-300x118.png 300w, http:\/\/blogdoarmindomaia.com.br\/wp-content\/uploads\/2024\/05\/Prenhez-da-vaca-mais-cara-do-mundo-e-vendida-por-R-3-mi-pag-04-768x303.png 768w, http:\/\/blogdoarmindomaia.com.br\/wp-content\/uploads\/2024\/05\/Prenhez-da-vaca-mais-cara-do-mundo-e-vendida-por-R-3-mi-pag-04.png 1231w\" sizes=\"auto, (max-width: 1024px) 100vw, 1024px\" \/><\/figure>\n\n\n\n<p>Viatina, a vaca mais cara do mundo que pertence ao araxaense Ney Pereira, voltou a ser not\u00edcia de destaque esta semana.&nbsp; &nbsp;Uma prenhez da vaca &nbsp;<a href=\"https:\/\/www.canalrural.com.br\/pecuaria\/boi\/bateu-recorde-mais-uma-vez-vaca-nelore-e-valorizada-em-quase-r-21-milhoes\/\"><strong>Viatina 19 FIV Mara Im\u00f3veis<\/strong><\/a>, foi arremata por R$ 3 milh\u00f5es na noite desta quarta-feira (15) no&nbsp;<strong>Leil\u00e3o Agro Solid\u00e1rio<\/strong>, transmitido pelo Canal Rural, Programa Leil\u00f5es e Parceria Leil\u00f5es.<\/p>\n\n\n\n<p>O leil\u00e3o foi conduzido pelo locutor Galv\u00e3o Bueno. O momento do remate da prenhez&nbsp;<em>&nbsp;<\/em>contou at\u00e9 com o tema musical das vit\u00f3rias de Ayrton Senna e com o tradicional bord\u00e3o de Bueno: \u201cHaja cora\u00e7\u00e3o!\u201d<\/p>\n\n\n\n<p>A renda total do leil\u00e3o, que chegou a R$ 5,1 milh\u00f5es, ser\u00e1 revertida para o aux\u00edlio das v\u00edtimas da cat\u00e1strofe clim\u00e1tica ocorrida no Rio Grande do Sul, que provocou mortes, enchentes e preju\u00edzos em centenas de munic\u00edpios.<\/p>\n\n\n\n<p>A prenhez foi arrematada por 30 parcelas de R$ 100 mil. A expectativa \u00e9 que o nascimento ocorra em dezembro, em gesta\u00e7\u00e3o conduzida em barriga de aluguel. Atualmente, a vaca nelore Viatina, reconhecida como a mais cara do planeta pelo Guinness World Records, est\u00e1 valorizada em cerca de R$ 21 milh\u00f5es. Tamb\u00e9m foram leiloados no Agro Solid\u00e1rio, entre outros itens, um busto de Ayrton Senna, doado pela artista pl\u00e1stica Lal\u00e1 Lucena, e um viol\u00e3o autografado pela dupla sertaneja C\u00e9sar Menotti e Fabiano.<\/p>\n","protected":false},"excerpt":{"rendered":"<p>Viatina, a vaca mais cara do mundo que pertence ao araxaense Ney Pereira, voltou a ser not\u00edcia de destaque esta<\/p>\n","protected":false},"author":2,"featured_media":7586,"comment_status":"open","ping_status":"open","sticky":false,"template":"","format":"standard","meta":{"footnotes":""},"categories":[9,11],"tags":[],"class_list":["post-7585","post","type-post","status-publish","format-standard","has-post-thumbnail","hentry","category-araxa","category-destaques"],"_links":{"self":[{"href":"http:\/\/blogdoarmindomaia.com.br\/index.php?rest_route=\/wp\/v2\/posts\/7585","targetHints":{"allow":["GET"]}}],"collection":[{"href":"http:\/\/blogdoarmindomaia.com.br\/index.php?rest_route=\/wp\/v2\/posts"}],"about":[{"href":"http:\/\/blogdoarmindomaia.com.br\/index.php?rest_route=\/wp\/v2\/types\/post"}],"author":[{"embeddable":true,"href":"http:\/\/blogdoarmindomaia.com.br\/index.php?rest_route=\/wp\/v2\/users\/2"}],"replies":[{"embeddable":true,"href":"http:\/\/blogdoarmindomaia.com.br\/index.php?rest_route=%2Fwp%2Fv2%2Fcomments&post=7585"}],"version-history":[{"count":1,"href":"http:\/\/blogdoarmindomaia.com.br\/index.php?rest_route=\/wp\/v2\/posts\/7585\/revisions"}],"predecessor-version":[{"id":7587,"href":"http:\/\/blogdoarmindomaia.com.br\/index.php?rest_route=\/wp\/v2\/posts\/7585\/revisions\/7587"}],"wp:featuredmedia":[{"embeddable":true,"href":"http:\/\/blogdoarmindomaia.com.br\/index.php?rest_route=\/wp\/v2\/media\/7586"}],"wp:attachment":[{"href":"http:\/\/blogdoarmindomaia.com.br\/index.php?rest_route=%2Fwp%2Fv2%2Fmedia&parent=7585"}],"wp:term":[{"taxonomy":"category","embeddable":true,"href":"http:\/\/blogdoarmindomaia.com.br\/index.php?rest_route=%2Fwp%2Fv2%2Fcategories&post=7585"},{"taxonomy":"post_tag","embeddable":true,"href":"http:\/\/blogdoarmindomaia.com.br\/index.php?rest_route=%2Fwp%2Fv2%2Ftags&post=7585"}],"curies":[{"name":"wp","href":"https:\/\/api.w.org\/{rel}","templated":true}]}}