{"id":760,"date":"2022-05-10T19:41:15","date_gmt":"2022-05-10T22:41:15","guid":{"rendered":"http:\/\/blogdoarmindomaia.com.br\/?p=760"},"modified":"2022-05-10T19:41:18","modified_gmt":"2022-05-10T22:41:18","slug":"araxa-recebe-10o-edicao-do-fliaraxa-um-dos-maiores-eventos-literarios-do-brasil%ef%bf%bc","status":"publish","type":"post","link":"http:\/\/blogdoarmindomaia.com.br\/?p=760","title":{"rendered":"Arax\u00e1 recebe 10\u00ba edi\u00e7\u00e3o do FliArax\u00e1, um dos maiores eventos liter\u00e1rios do Brasil\ufffc"},"content":{"rendered":"\n<figure class=\"wp-block-image size-large is-style-default\"><img loading=\"lazy\" decoding=\"async\" width=\"1024\" height=\"1024\" src=\"http:\/\/blogdoarmindomaia.com.br\/wp-content\/uploads\/2022\/05\/Fliaraxa-2022-1024x1024.png\" alt=\"\" class=\"wp-image-761\" srcset=\"http:\/\/blogdoarmindomaia.com.br\/wp-content\/uploads\/2022\/05\/Fliaraxa-2022-1024x1024.png 1024w, http:\/\/blogdoarmindomaia.com.br\/wp-content\/uploads\/2022\/05\/Fliaraxa-2022-300x300.png 300w, http:\/\/blogdoarmindomaia.com.br\/wp-content\/uploads\/2022\/05\/Fliaraxa-2022-150x150.png 150w, http:\/\/blogdoarmindomaia.com.br\/wp-content\/uploads\/2022\/05\/Fliaraxa-2022-768x768.png 768w, http:\/\/blogdoarmindomaia.com.br\/wp-content\/uploads\/2022\/05\/Fliaraxa-2022.png 1080w\" sizes=\"auto, (max-width: 1024px) 100vw, 1024px\" \/><\/figure>\n\n\n\n<p>Importantes escritores e intelectuais em L\u00edngua Portuguesa estar\u00e3o presentes na 10\u00aa edi\u00e7\u00e3o do Fliarax\u00e1. O evento acontece entre os 11 a 15 de maio em Arax\u00e1, em formato h\u00edbrido, com transmiss\u00f5es on line e atividades presenciais em diversos lugares da cidade: Teatro Municipal Maximiliano Rocha, Parque do Cristo, Funda\u00e7\u00e3o Cultural Calmon Barreto e &nbsp;no Complexo do Barreiro, onde est\u00e1 sendo montada uma grande livraria, palco e espa\u00e7os de apresenta\u00e7\u00f5es liter\u00e1rias. Durante cinco dias de evento, mais de 100 autores locais, nacionais e internacionais compartilhar\u00e3o suas experi\u00eancias, obras e pesquisas nos debates que ser\u00e3o transmitidos pelo YouTube do Fliarax\u00e1:&nbsp;<a href=\"https:\/\/www.youtube.com\/fliaraxa\" target=\"_blank\" rel=\"noreferrer noopener\">https:\/\/www.youtube.com\/fliaraxa<\/a>, com acesso gratuito.<\/p>\n\n\n\n<p>A programa\u00e7\u00e3o de mesas, pain\u00e9is e debates \u00e9 em torno do tema central do festival, \u201cAboli\u00e7\u00e3o, Independ\u00eancia e Literatura\u201d. Pela primeira vez, o Fliarax\u00e1 ter\u00e1 o apoio e patroc\u00ednio direto da Prefeitura de Arax\u00e1 que realizar\u00e1 um repasse financeiro no valor de R$ 50 mil para a Associa\u00e7\u00e3o Sempre Um Papo. O evento \u00e9 apresentado com exclusividade pelo Minist\u00e9rio do Turismo e a CBMM, com o patroc\u00ednio da Cemig e do Ita\u00fa e apoio da Rede Mater Dei de Sa\u00fade, Grupo Zema, Funda\u00e7\u00e3o Cultural Calmon Barreto, CUFA \u2013 Central \u00danica de Favelas de Arax\u00e1, com recursos da Lei Federal de Incentivo \u00e0 Cultura e da Secretaria Especial da Cultura do Minist\u00e9rio do Turismo.<\/p>\n\n\n\n<p>O Festival Liter\u00e1rio de Arax\u00e1 \u2013 Fliarax\u00e1 \u2013, em sua d\u00e9cima edi\u00e7\u00e3o, tamb\u00e9m estreita os la\u00e7os com a Academia Araxaense de Letras, trazendo a entidade cada vez pr\u00f3xima ao evento, seja por meio da participa\u00e7\u00e3o de seus autores membros nas mesas de debates, seja pela participa\u00e7\u00e3o ativa no Festival. Nesta edi\u00e7\u00e3o, uma das a\u00e7\u00f5es da academia \u00e9 a sele\u00e7\u00e3o de novos embaixadores, t\u00edtulo concedido a um seleto grupo de autoridades e personalidades do munic\u00edpio para que possam, junto \u00e0 organiza\u00e7\u00e3o do evento, ser um representante oficial, com o intuito de disseminar o objetivo do festival, que \u00e9 o incentivo ao h\u00e1bito da leitura.<\/p>\n\n\n\n<p>De acordo com o prefeito Robson Magela, o Munic\u00edpio sempre ser\u00e1 parceiro dos grandes eventos que valorizam e promovem a cultura e turismo em Arax\u00e1. \u201cArax\u00e1 tem eventos tradicionais, que \u00b4nos \u00faltimos anos foram respons\u00e1veis por promover o turismo na cidade mesmo sem um apoio direto da prefeitura. E \u00e9 nossa responsabilidade enquanto gestor p\u00fablico apoiar o m\u00e1ximo poss\u00edvel esses eventos como o Fliarax\u00e1 que levam o nome da nossa cidade para o pa\u00eds e o mundo. Fico muito feliz em saber que temos contribu\u00eddo para que esse festival seja considerado neste ano o maior evento liter\u00e1rio do pa\u00eds\u201d, destaca o prefeito.<\/p>\n\n\n\n<p><strong>Servi\u00e7o: 10\u00ba Fliarax\u00e1 \u2013 Festival Liter\u00e1rio de Arax\u00e1<\/strong><\/p>\n\n\n\n<p>De 11 a 15 de maio, quarta a domingo<\/p>\n\n\n\n<p>Tema: \u201cAboli\u00e7\u00e3o, Independ\u00eancia e Literatura\u201d<\/p>\n\n\n\n<p>Formato h\u00edbrido \u2013 transmiss\u00e3o em tempo real pelas plataformas do festival Youtube e Facebook \u2013 @fliaraxa<\/p>\n\n\n\n<p>Locais: Grande Hotel, Teatro Municipal Maximiliano Rocha, Parque do Cristo e Funda\u00e7\u00e3o Cultural Calmon Barreto.<\/p>\n\n\n\n<p>Informa\u00e7\u00f5es: @fliaraxa \u2013&nbsp;<a href=\"http:\/\/www.fliaraxa.com.br\/\" target=\"_blank\" rel=\"noreferrer noopener\">www.fliaraxa.com.br<\/a><\/p>\n","protected":false},"excerpt":{"rendered":"<p>Importantes escritores e intelectuais em L\u00edngua Portuguesa estar\u00e3o presentes na 10\u00aa edi\u00e7\u00e3o do Fliarax\u00e1. O evento acontece entre os 11<\/p>\n","protected":false},"author":2,"featured_media":761,"comment_status":"open","ping_status":"open","sticky":false,"template":"","format":"standard","meta":{"footnotes":""},"categories":[9,5],"tags":[],"class_list":["post-760","post","type-post","status-publish","format-standard","has-post-thumbnail","hentry","category-araxa","category-arte-e-cultura"],"_links":{"self":[{"href":"http:\/\/blogdoarmindomaia.com.br\/index.php?rest_route=\/wp\/v2\/posts\/760","targetHints":{"allow":["GET"]}}],"collection":[{"href":"http:\/\/blogdoarmindomaia.com.br\/index.php?rest_route=\/wp\/v2\/posts"}],"about":[{"href":"http:\/\/blogdoarmindomaia.com.br\/index.php?rest_route=\/wp\/v2\/types\/post"}],"author":[{"embeddable":true,"href":"http:\/\/blogdoarmindomaia.com.br\/index.php?rest_route=\/wp\/v2\/users\/2"}],"replies":[{"embeddable":true,"href":"http:\/\/blogdoarmindomaia.com.br\/index.php?rest_route=%2Fwp%2Fv2%2Fcomments&post=760"}],"version-history":[{"count":1,"href":"http:\/\/blogdoarmindomaia.com.br\/index.php?rest_route=\/wp\/v2\/posts\/760\/revisions"}],"predecessor-version":[{"id":762,"href":"http:\/\/blogdoarmindomaia.com.br\/index.php?rest_route=\/wp\/v2\/posts\/760\/revisions\/762"}],"wp:featuredmedia":[{"embeddable":true,"href":"http:\/\/blogdoarmindomaia.com.br\/index.php?rest_route=\/wp\/v2\/media\/761"}],"wp:attachment":[{"href":"http:\/\/blogdoarmindomaia.com.br\/index.php?rest_route=%2Fwp%2Fv2%2Fmedia&parent=760"}],"wp:term":[{"taxonomy":"category","embeddable":true,"href":"http:\/\/blogdoarmindomaia.com.br\/index.php?rest_route=%2Fwp%2Fv2%2Fcategories&post=760"},{"taxonomy":"post_tag","embeddable":true,"href":"http:\/\/blogdoarmindomaia.com.br\/index.php?rest_route=%2Fwp%2Fv2%2Ftags&post=760"}],"curies":[{"name":"wp","href":"https:\/\/api.w.org\/{rel}","templated":true}]}}